{"id":34321,"date":"2024-04-23T18:06:33","date_gmt":"2024-04-23T16:06:33","guid":{"rendered":"http:\/\/sp1.kielce.eu\/?p=34321"},"modified":"2024-04-23T18:06:33","modified_gmt":"2024-04-23T16:06:33","slug":"informacja-o-obwodzie-szkoly","status":"publish","type":"post","link":"https:\/\/sp1.kielce.eu\/index.php\/2024\/04\/23\/informacja-o-obwodzie-szkoly\/","title":{"rendered":"INFORMACJA O OBWODZIE SZKO\u0141Y"},"content":{"rendered":"\n<p>Zgodnie z uchwa\u0142\u0105 Nr XCII\/1777\/2024 Rady Miasta Kielce z dnia 14 marca&nbsp;2024 roku, w&nbsp;sprawie dostosowania sieci publicznych szk\u00f3\u0142 podstawowych prowadzonych przez Gmin\u0119 Kielce, a tak\u017ce granice obwod\u00f3w tych szk\u00f3\u0142 od dnia 1 wrze\u015bnia 2024 roku do obwodu Szko\u0142y Podstawowej&nbsp;nr 1 im. Stanis\u0142awa Staszica w Kielcach, nale\u017c\u0105 nast\u0119puj\u0105ce ulice:<\/p>\n\n\n\n<ul class=\"wp-block-list\">\n<li>Tadeusza Boya-\u017bele\u0144skiego,<\/li>\n\n\n\n<li>Konstantego Ildefonsa Ga\u0142czy\u0144skiego,<\/li>\n\n\n\n<li>Biskupa Wincentego Kad\u0142ubka,<\/li>\n\n\n\n<li>Jana Kasprowicza,<\/li>\n\n\n\n<li>Marii Konopnickiej,<\/li>\n\n\n\n<li>Cypriana Kamila Norwida,<\/li>\n\n\n\n<li>Miko\u0142aja Reja,<\/li>\n\n\n\n<li>Leopolda Staffa,<\/li>\n\n\n\n<li>Studencka,<\/li>\n\n\n\n<li>J\u00f3zefa Szermentowskiego,<\/li>\n\n\n\n<li>\u015awi\u0119tokrzyska,<\/li>\n\n\n\n<li>Stanis\u0142awa Wyspia\u0144skiego,<\/li>\n\n\n\n<li>Warszawska, numery 96, 120, 122, 124 oraz 126,<\/li>\n\n\n\n<li>Gabrieli Zapolskiej od 43 (wszystkie),<\/li>\n\n\n\n<li>Uniwersytecka.<\/li>\n<\/ul>\n","protected":false},"excerpt":{"rendered":"<p>Zgodnie z uchwa\u0142\u0105 Nr XCII\/1777\/2024 Rady Miasta Kielce z dnia 14 marca&nbsp;2024 roku, w&nbsp;sprawie dostosowania [&hellip;]<\/p>\n","protected":false},"author":4,"featured_media":33186,"comment_status":"closed","ping_status":"","sticky":false,"template":"","format":"standard","meta":{"footnotes":""},"categories":[1],"tags":[],"class_list":["post-34321","post","type-post","status-publish","format-standard","has-post-thumbnail","hentry","category-bez-kategorii"],"_links":{"self":[{"href":"https:\/\/sp1.kielce.eu\/index.php\/wp-json\/wp\/v2\/posts\/34321","targetHints":{"allow":["GET"]}}],"collection":[{"href":"https:\/\/sp1.kielce.eu\/index.php\/wp-json\/wp\/v2\/posts"}],"about":[{"href":"https:\/\/sp1.kielce.eu\/index.php\/wp-json\/wp\/v2\/types\/post"}],"author":[{"embeddable":true,"href":"https:\/\/sp1.kielce.eu\/index.php\/wp-json\/wp\/v2\/users\/4"}],"replies":[{"embeddable":true,"href":"https:\/\/sp1.kielce.eu\/index.php\/wp-json\/wp\/v2\/comments?post=34321"}],"version-history":[{"count":1,"href":"https:\/\/sp1.kielce.eu\/index.php\/wp-json\/wp\/v2\/posts\/34321\/revisions"}],"predecessor-version":[{"id":34322,"href":"https:\/\/sp1.kielce.eu\/index.php\/wp-json\/wp\/v2\/posts\/34321\/revisions\/34322"}],"wp:featuredmedia":[{"embeddable":true,"href":"https:\/\/sp1.kielce.eu\/index.php\/wp-json\/wp\/v2\/media\/33186"}],"wp:attachment":[{"href":"https:\/\/sp1.kielce.eu\/index.php\/wp-json\/wp\/v2\/media?parent=34321"}],"wp:term":[{"taxonomy":"category","embeddable":true,"href":"https:\/\/sp1.kielce.eu\/index.php\/wp-json\/wp\/v2\/categories?post=34321"},{"taxonomy":"post_tag","embeddable":true,"href":"https:\/\/sp1.kielce.eu\/index.php\/wp-json\/wp\/v2\/tags?post=34321"}],"curies":[{"name":"wp","href":"https:\/\/api.w.org\/{rel}","templated":true}]}}