{"id":3426,"date":"2017-11-21T23:29:06","date_gmt":"2017-11-21T22:29:06","guid":{"rendered":"http:\/\/sp1.kielce.eu\/?p=3426"},"modified":"2017-11-21T23:29:06","modified_gmt":"2017-11-21T22:29:06","slug":"meditest-2017-rok","status":"publish","type":"post","link":"https:\/\/sp1.kielce.eu\/index.php\/2017\/11\/21\/meditest-2017-rok\/","title":{"rendered":"Medi+test 2017 rok"},"content":{"rendered":"<p class=\"Standard\"><span lang=\"DE\">Dnia 17 listopada 2017 roku odby\u0142 si\u0119 Og\u00f3lnopolski konkurs wiedzy na temat zdrowia i jego ochrony. Celem konkursu by\u0142o promowanie w\u015br\u00f3d uczni\u00f3w zdrowego trybu \u017cycia, pog\u0142\u0119bienie znajomo\u015bci budowy i funkcjonowania w\u0142asnego organizmu, zwi\u0119kszenie ich \u015bwiadomo\u015bci zagro\u017ce\u0144 dla zdrowia i \u017cycia ludzkiego oraz post\u0119powania w nag\u0142ych wypadkach. Do konkursu przyst\u0105pili nast\u0119puj\u0105cy uczniowie:<\/span><\/p>\n<p class=\"Standard\"><span lang=\"DE\">\u00a01. Anna Ko\u0142ton \u2013 klasa 7a<\/span><\/p>\n<p class=\"Standard\"><span lang=\"DE\">2. Ma\u0142gorzata Detka \u2013 klasa 7c<\/span><\/p>\n<p class=\"Standard\"><span lang=\"DE\">3. Sebastian Yuseinov \u2013 klasa 7c<\/span><\/p>\n<p class=\"Standard\"><span lang=\"DE\">4. Maksym Kwa\u015bniak \u2013 klasa 7c<\/span><\/p>\n<p class=\"Standard\"><span lang=\"DE\">5. Wiktoria Qeisi \u2013 klasa 7c<\/span><\/p>\n<p class=\"Standard\"><span lang=\"DE\">6. Wiktoria Sabat \u2013 klasa 7c<\/span><\/p>\n<p class=\"Standard\"><span lang=\"DE\">7. Agata Borycka \u2013 klasa 7c<\/span><\/p>\n<p class=\"Standard\"><span lang=\"DE\">8. Kalina Gil \u2013 klasa 6a<\/span><\/p>\n<p class=\"Standard\"><span lang=\"DE\">9. Jagoda Kusiej \u2013 klasa 6a<\/span><\/p>\n<p class=\"Standard\"><span lang=\"DE\">10. Aleksandra Ibe \u2013 klasa 6a<\/span><\/p>\n<p class=\"Standard\"><span lang=\"DE\">11. Dawid Wypych \u2013 klasa 7b<\/span><\/p>\n<p class=\"Standard\"><span lang=\"DE\">12. Miko\u0142aj Kurp \u2013 klasa 6a<\/span><\/p>\n<p class=\"Standard\"><span lang=\"DE\">13. Aleksandra Bartosz \u2013 klasa 6a<\/span><\/p>\n<p class=\"Standard\"><span lang=\"DE\">\u00a0Wszystkim uczestnikom \u017cyczymy powodzenia.<\/span><\/p>\n<p class=\"Standard\" style=\"text-align: right\">Krystyna Banasik<\/p>\n<div id='gallery-1' class='gallery galleryid-3426 gallery-columns-2 gallery-size-thumbnail'><figure class='gallery-item'>\n\t\t\t<div class='gallery-icon portrait'>\n\t\t\t\t<a href='https:\/\/sp1.kielce.eu\/wp-content\/uploads\/2017\/11\/02-Konkurs.jpg'><img loading=\"lazy\" decoding=\"async\" width=\"150\" height=\"150\" src=\"https:\/\/sp1.kielce.eu\/wp-content\/uploads\/2017\/11\/02-Konkurs-150x150.jpg\" class=\"attachment-thumbnail size-thumbnail\" alt=\"\" aria-describedby=\"gallery-1-3428\" \/><\/a>\n\t\t\t<\/div>\n\t\t\t\t<figcaption class='wp-caption-text gallery-caption' id='gallery-1-3428'>\n\t\t\t\t01 Konkurs\n\t\t\t\t<\/figcaption><\/figure><figure class='gallery-item'>\n\t\t\t<div class='gallery-icon landscape'>\n\t\t\t\t<a href='https:\/\/sp1.kielce.eu\/wp-content\/uploads\/2017\/11\/01-Konkurs.jpg'><img loading=\"lazy\" decoding=\"async\" width=\"150\" height=\"150\" src=\"https:\/\/sp1.kielce.eu\/wp-content\/uploads\/2017\/11\/01-Konkurs-150x150.jpg\" class=\"attachment-thumbnail size-thumbnail\" alt=\"\" aria-describedby=\"gallery-1-3427\" \/><\/a>\n\t\t\t<\/div>\n\t\t\t\t<figcaption class='wp-caption-text gallery-caption' id='gallery-1-3427'>\n\t\t\t\t02 Konkurs\n\t\t\t\t<\/figcaption><\/figure>\n\t\t<\/div>\n\n","protected":false},"excerpt":{"rendered":"<p>Dnia 17 listopada 2017 roku odby\u0142 si\u0119 Og\u00f3lnopolski konkurs wiedzy na temat zdrowia i jego [&hellip;]<\/p>\n","protected":false},"author":6,"featured_media":3428,"comment_status":"closed","ping_status":"open","sticky":false,"template":"","format":"standard","meta":{"footnotes":""},"categories":[10,21,24],"tags":[],"class_list":["post-3426","post","type-post","status-publish","format-standard","has-post-thumbnail","hentry","category-konkursy-przedmiotowe","category-konkursy","category-zdrowie"],"_links":{"self":[{"href":"https:\/\/sp1.kielce.eu\/index.php\/wp-json\/wp\/v2\/posts\/3426","targetHints":{"allow":["GET"]}}],"collection":[{"href":"https:\/\/sp1.kielce.eu\/index.php\/wp-json\/wp\/v2\/posts"}],"about":[{"href":"https:\/\/sp1.kielce.eu\/index.php\/wp-json\/wp\/v2\/types\/post"}],"author":[{"embeddable":true,"href":"https:\/\/sp1.kielce.eu\/index.php\/wp-json\/wp\/v2\/users\/6"}],"replies":[{"embeddable":true,"href":"https:\/\/sp1.kielce.eu\/index.php\/wp-json\/wp\/v2\/comments?post=3426"}],"version-history":[{"count":1,"href":"https:\/\/sp1.kielce.eu\/index.php\/wp-json\/wp\/v2\/posts\/3426\/revisions"}],"predecessor-version":[{"id":3429,"href":"https:\/\/sp1.kielce.eu\/index.php\/wp-json\/wp\/v2\/posts\/3426\/revisions\/3429"}],"wp:featuredmedia":[{"embeddable":true,"href":"https:\/\/sp1.kielce.eu\/index.php\/wp-json\/wp\/v2\/media\/3428"}],"wp:attachment":[{"href":"https:\/\/sp1.kielce.eu\/index.php\/wp-json\/wp\/v2\/media?parent=3426"}],"wp:term":[{"taxonomy":"category","embeddable":true,"href":"https:\/\/sp1.kielce.eu\/index.php\/wp-json\/wp\/v2\/categories?post=3426"},{"taxonomy":"post_tag","embeddable":true,"href":"https:\/\/sp1.kielce.eu\/index.php\/wp-json\/wp\/v2\/tags?post=3426"}],"curies":[{"name":"wp","href":"https:\/\/api.w.org\/{rel}","templated":true}]}}