{"id":34250,"date":"2024-04-23T09:09:52","date_gmt":"2024-04-23T07:09:52","guid":{"rendered":"http:\/\/sp1.kielce.eu\/?p=34250"},"modified":"2024-04-23T09:09:52","modified_gmt":"2024-04-23T07:09:52","slug":"xiii-miedzyszkolny-turniej-pocztow-sztandarowych","status":"publish","type":"post","link":"https:\/\/sp1.kielce.eu\/index.php\/2024\/04\/23\/xiii-miedzyszkolny-turniej-pocztow-sztandarowych\/","title":{"rendered":"XIII Mi\u0119dzyszkolny Turniej Poczt\u00f3w Sztandarowych"},"content":{"rendered":"\n<p>Nasza m\u0142odzie\u017c z&nbsp;Pocztu Sztandarowego : Kowalik Amelia, Nowak Amelia i Ilcewicz Malwina wzi\u0119\u0142y udzia\u0142 w&nbsp;pierwszym etapie \u2013 konkursie wiedzy o&nbsp;polskich symbolach narodowych i&nbsp;symbolach szkolnych, kt\u00f3ry odby\u0142 si\u0119 12.04.2024&nbsp;r. w&nbsp;siedzibie Wojew\u00f3dzkiego Domu Kultury w&nbsp;Kielcach.<br>W dniu 19.04.2024 r. Poczet Sztandarowy w sk\u0142adzie: Wypych Kinga, Cioroch Maksymilian i Nowak Amelia reprezentowali nasz\u0105 szko\u0142\u0119 w II etapie &#8211;&nbsp;znajomo\u015bci\u0105 zasad musztry poczt\u00f3w .Organizatorem tego konkursu jest Szko\u0142a Podstawowa nr&nbsp;7 im.&nbsp;Partyzant\u00f3w Ziemi Kieleckiej w&nbsp;Kielcach we wsp\u00f3\u0142pracy z Kieleckim Ochotniczym Szwadronem Kawalerii im. 13 Pu\u0142ku U\u0142an\u00f3w Wile\u0144skich i Wojew\u00f3dzkim Domem Kultury im. J\u00f3zefa Pi\u0142sudskiego w Kielcach.<\/p>\n\n\n\n<p>Wydarzenie by\u0142o doskona\u0142\u0105 okazj\u0105, aby kszta\u0142towa\u0107 w\u015br\u00f3d m\u0142odych postawy patriotyczne i przypomnie\u0107 o warto\u015bci sztandaru jako symbolu narodowego. Uczestnicy wsp\u00f3\u0142zawodnictwa na d\u0142ugo zapami\u0119taj\u0105 ten dzie\u0144. Jak si\u0119 okazuje, aby reprezentowa\u0107 w\u0142asn\u0105 szko\u0142\u0119 potrzeba du\u017co pracy i zaanga\u017cowania.<\/p>\n\n\n\n<p>Opiekunowie:<\/p>\n\n\n\n<p>Marta Wi\u0119ckowska<br>Katarzyna Szostak<\/p>\n\n\n\n<figure class=\"wp-block-gallery has-nested-images columns-default is-cropped wp-block-gallery-1 is-layout-flex wp-block-gallery-is-layout-flex\">\n<figure class=\"wp-block-image size-large\"><a href=\"http:\/\/sp1.kielce.eu\/wp-content\/uploads\/2024\/04\/20240419_103033.jpg\"><img loading=\"lazy\" decoding=\"async\" width=\"1280\" height=\"622\" data-id=\"34253\" src=\"http:\/\/sp1.kielce.eu\/wp-content\/uploads\/2024\/04\/20240419_103033.jpg\" alt=\"\" class=\"wp-image-34253\" srcset=\"https:\/\/sp1.kielce.eu\/wp-content\/uploads\/2024\/04\/20240419_103033.jpg 1280w, https:\/\/sp1.kielce.eu\/wp-content\/uploads\/2024\/04\/20240419_103033-300x146.jpg 300w, https:\/\/sp1.kielce.eu\/wp-content\/uploads\/2024\/04\/20240419_103033-768x373.jpg 768w, https:\/\/sp1.kielce.eu\/wp-content\/uploads\/2024\/04\/20240419_103033-820x398.jpg 820w\" sizes=\"auto, (max-width: 1280px) 100vw, 1280px\" \/><\/a><\/figure>\n\n\n\n<figure class=\"wp-block-image size-large\"><a href=\"http:\/\/sp1.kielce.eu\/wp-content\/uploads\/2024\/04\/20240419_103025.jpg\"><img loading=\"lazy\" decoding=\"async\" width=\"1280\" height=\"622\" data-id=\"34251\" src=\"http:\/\/sp1.kielce.eu\/wp-content\/uploads\/2024\/04\/20240419_103025.jpg\" alt=\"\" class=\"wp-image-34251\" srcset=\"https:\/\/sp1.kielce.eu\/wp-content\/uploads\/2024\/04\/20240419_103025.jpg 1280w, https:\/\/sp1.kielce.eu\/wp-content\/uploads\/2024\/04\/20240419_103025-300x146.jpg 300w, https:\/\/sp1.kielce.eu\/wp-content\/uploads\/2024\/04\/20240419_103025-768x373.jpg 768w, https:\/\/sp1.kielce.eu\/wp-content\/uploads\/2024\/04\/20240419_103025-820x398.jpg 820w\" sizes=\"auto, (max-width: 1280px) 100vw, 1280px\" \/><\/a><\/figure>\n\n\n\n<figure class=\"wp-block-image size-large\"><a href=\"http:\/\/sp1.kielce.eu\/wp-content\/uploads\/2024\/04\/20240419_101635.jpg\"><img loading=\"lazy\" decoding=\"async\" width=\"1280\" height=\"622\" data-id=\"34252\" src=\"http:\/\/sp1.kielce.eu\/wp-content\/uploads\/2024\/04\/20240419_101635.jpg\" alt=\"\" class=\"wp-image-34252\" srcset=\"https:\/\/sp1.kielce.eu\/wp-content\/uploads\/2024\/04\/20240419_101635.jpg 1280w, https:\/\/sp1.kielce.eu\/wp-content\/uploads\/2024\/04\/20240419_101635-300x146.jpg 300w, https:\/\/sp1.kielce.eu\/wp-content\/uploads\/2024\/04\/20240419_101635-768x373.jpg 768w, https:\/\/sp1.kielce.eu\/wp-content\/uploads\/2024\/04\/20240419_101635-820x398.jpg 820w\" sizes=\"auto, (max-width: 1280px) 100vw, 1280px\" \/><\/a><\/figure>\n\n\n\n<figure class=\"wp-block-image size-large\"><a href=\"http:\/\/sp1.kielce.eu\/wp-content\/uploads\/2024\/04\/IMG-20240421-WA0000.jpg\"><img loading=\"lazy\" decoding=\"async\" width=\"675\" height=\"900\" data-id=\"34254\" src=\"http:\/\/sp1.kielce.eu\/wp-content\/uploads\/2024\/04\/IMG-20240421-WA0000-675x900.jpg\" alt=\"\" class=\"wp-image-34254\" srcset=\"https:\/\/sp1.kielce.eu\/wp-content\/uploads\/2024\/04\/IMG-20240421-WA0000-675x900.jpg 675w, https:\/\/sp1.kielce.eu\/wp-content\/uploads\/2024\/04\/IMG-20240421-WA0000-225x300.jpg 225w, https:\/\/sp1.kielce.eu\/wp-content\/uploads\/2024\/04\/IMG-20240421-WA0000-768x1024.jpg 768w, https:\/\/sp1.kielce.eu\/wp-content\/uploads\/2024\/04\/IMG-20240421-WA0000-1152x1536.jpg 1152w, https:\/\/sp1.kielce.eu\/wp-content\/uploads\/2024\/04\/IMG-20240421-WA0000-820x1094.jpg 820w, https:\/\/sp1.kielce.eu\/wp-content\/uploads\/2024\/04\/IMG-20240421-WA0000.jpg 1280w\" sizes=\"auto, (max-width: 675px) 100vw, 675px\" \/><\/a><\/figure>\n<\/figure>\n","protected":false},"excerpt":{"rendered":"<p>Nasza m\u0142odzie\u017c z&nbsp;Pocztu Sztandarowego : Kowalik Amelia, Nowak Amelia i Ilcewicz Malwina wzi\u0119\u0142y udzia\u0142 w&nbsp;pierwszym [&hellip;]<\/p>\n","protected":false},"author":5,"featured_media":34253,"comment_status":"closed","ping_status":"","sticky":false,"template":"","format":"standard","meta":{"footnotes":""},"categories":[36],"tags":[],"class_list":["post-34250","post","type-post","status-publish","format-standard","has-post-thumbnail","hentry","category-wydarzenia"],"_links":{"self":[{"href":"https:\/\/sp1.kielce.eu\/index.php\/wp-json\/wp\/v2\/posts\/34250","targetHints":{"allow":["GET"]}}],"collection":[{"href":"https:\/\/sp1.kielce.eu\/index.php\/wp-json\/wp\/v2\/posts"}],"about":[{"href":"https:\/\/sp1.kielce.eu\/index.php\/wp-json\/wp\/v2\/types\/post"}],"author":[{"embeddable":true,"href":"https:\/\/sp1.kielce.eu\/index.php\/wp-json\/wp\/v2\/users\/5"}],"replies":[{"embeddable":true,"href":"https:\/\/sp1.kielce.eu\/index.php\/wp-json\/wp\/v2\/comments?post=34250"}],"version-history":[{"count":1,"href":"https:\/\/sp1.kielce.eu\/index.php\/wp-json\/wp\/v2\/posts\/34250\/revisions"}],"predecessor-version":[{"id":34255,"href":"https:\/\/sp1.kielce.eu\/index.php\/wp-json\/wp\/v2\/posts\/34250\/revisions\/34255"}],"wp:featuredmedia":[{"embeddable":true,"href":"https:\/\/sp1.kielce.eu\/index.php\/wp-json\/wp\/v2\/media\/34253"}],"wp:attachment":[{"href":"https:\/\/sp1.kielce.eu\/index.php\/wp-json\/wp\/v2\/media?parent=34250"}],"wp:term":[{"taxonomy":"category","embeddable":true,"href":"https:\/\/sp1.kielce.eu\/index.php\/wp-json\/wp\/v2\/categories?post=34250"},{"taxonomy":"post_tag","embeddable":true,"href":"https:\/\/sp1.kielce.eu\/index.php\/wp-json\/wp\/v2\/tags?post=34250"}],"curies":[{"name":"wp","href":"https:\/\/api.w.org\/{rel}","templated":true}]}}