{"id":34243,"date":"2024-04-23T09:06:47","date_gmt":"2024-04-23T07:06:47","guid":{"rendered":"http:\/\/sp1.kielce.eu\/?p=34243"},"modified":"2024-04-23T09:06:48","modified_gmt":"2024-04-23T07:06:48","slug":"zadbaj-o-siebie-czyli-sposoby-na-redukcje-stresu-przedegzaminacyjnego","status":"publish","type":"post","link":"https:\/\/sp1.kielce.eu\/index.php\/2024\/04\/23\/zadbaj-o-siebie-czyli-sposoby-na-redukcje-stresu-przedegzaminacyjnego\/","title":{"rendered":"\u201eZadbaj o siebie!\u201d &#8211; czyli sposoby na redukcj\u0119 stresu przedegzaminacyjnego!\u00a0"},"content":{"rendered":"\n<p><strong>Warsztaty z psychologiem szkolnym.<\/strong><\/p>\n\n\n\n<p>Ju\u017c nied\u0142ugo klasy \u00f3sme przyst\u0105pi\u0105 do egzaminu \u00f3smoklasisty. W zwi\u0105zku z tym wychowawcy 8a i 8b zaprosili na zaj\u0119cia psychologa szkolnego p.Weronik\u0119 \u015alew\u0119.&nbsp;W dniu 17.04.2024 odby\u0142y si\u0119 warsztaty na temat stresu \u2013 uczniowie klas 8 zapoznali si\u0119 ze zjawiskiem stresu w \u017cyciu ka\u017cdego cz\u0142owieka. Dowiedzieli si\u0119 sk\u0105d pochodzi stres, jakie s\u0105 jego rodzaje, jakie powoduje on skutki oraz przede wszystkim jak sobie z nim radzi\u0107.&nbsp;<\/p>\n\n\n\n<p>Pocz\u0105tkowo ka\u017cdy z uczni\u00f3w m\u00f3g\u0142 opowiedzie\u0107 o sytuacji ze swojego \u017cycia, kt\u00f3ra by\u0142a dla niego stresuj\u0105ca i w tym czasie wstrz\u0105sn\u0105\u0107 butelk\u0105 z wod\u0105 gazowan\u0105. Na koniec uczniowie us\u0142yszeli pytanie \u2013 co stanie si\u0119 gdy teraz otworzymy butelk\u0119? Wszyscy zgodnie stwierdzili, \u017ce nast\u0105pi\u0142by wybuch i rozla\u0142aby si\u0119 woda. Celem tego prostego \u0107wiczenia by\u0142o por\u00f3wnanie naszego organizmu do butelki z wod\u0105 gazowan\u0105. Uczniowie us\u0142yszeli, \u017ce wa\u017cnym jest by m\u00f3wi\u0107 o tym co nas stresuje&nbsp;<br>i nie zostawa\u0107 z tym samemu.&nbsp;<\/p>\n\n\n\n<p>Uczniowie mieli okazj\u0119 mi\u0119dzy innymi rozwi\u0105za\u0107 test na temat og\u00f3lnego poziomu stresu w ich \u017cyciu opracowanego przez p. Ann\u0119 Bezdzieck\u0105 (psychologa i coacha).&nbsp;<\/p>\n\n\n\n<p>Atmosfera warsztatowa pozwoli\u0142a nam r\u00f3wnie\u017c na podzielenie si\u0119 w\u0142asnymi sposobami na stres oraz poznanie nowych styl\u00f3w radzenia sobie z nim.<\/p>\n\n\n\n<p>Na koniec uczniowie mieli okazj\u0119 uczestniczy\u0107 w kr\u00f3tkiej sesji kontroli oddechu (link do sesji poni\u017cej), kt\u00f3ra r\u00f3wnie\u017c pomaga w walce ze stresem oraz wycisza egzamin.<\/p>\n\n\n\n<p>Wszystkim uczniom naszej szko\u0142y jak najmniej stresu w \u017cyciu! A klasom \u00f3smym powodzenia na egzaminach! \ud83d\ude42&nbsp;<\/p>\n\n\n\n<p>link do \u0107wicze\u0144 oddechowych:&nbsp;<a href=\"https:\/\/www.youtube.com\/watch?v=o5UcGzgDQPE&amp;t=4s\">https:\/\/www.youtube.com\/watch?v=o5UcGzgDQPE&amp;t=4s<\/a><\/p>\n\n\n\n<p><br>Weronika \u015alewa -psycholog szkolny<\/p>\n\n\n\n<p>Anna Mazur \u2013 wychowawca klasy 8a<\/p>\n\n\n\n<p>Patrycja Zar\u0119ba \u2013 Michalska \u2013 wychowawca klasy 8b<\/p>\n\n\n\n<figure class=\"wp-block-gallery has-nested-images columns-default is-cropped wp-block-gallery-1 is-layout-flex wp-block-gallery-is-layout-flex\">\n<figure class=\"wp-block-image size-large\"><a href=\"http:\/\/sp1.kielce.eu\/wp-content\/uploads\/2024\/04\/IMG20240417090124-scaled.jpg\"><img loading=\"lazy\" decoding=\"async\" width=\"1400\" height=\"630\" data-id=\"34247\" src=\"http:\/\/sp1.kielce.eu\/wp-content\/uploads\/2024\/04\/IMG20240417090124-1400x630.jpg\" alt=\"\" class=\"wp-image-34247\" srcset=\"https:\/\/sp1.kielce.eu\/wp-content\/uploads\/2024\/04\/IMG20240417090124-1400x630.jpg 1400w, https:\/\/sp1.kielce.eu\/wp-content\/uploads\/2024\/04\/IMG20240417090124-300x135.jpg 300w, https:\/\/sp1.kielce.eu\/wp-content\/uploads\/2024\/04\/IMG20240417090124-768x346.jpg 768w, https:\/\/sp1.kielce.eu\/wp-content\/uploads\/2024\/04\/IMG20240417090124-1536x691.jpg 1536w, https:\/\/sp1.kielce.eu\/wp-content\/uploads\/2024\/04\/IMG20240417090124-2048x922.jpg 2048w, https:\/\/sp1.kielce.eu\/wp-content\/uploads\/2024\/04\/IMG20240417090124-820x369.jpg 820w\" sizes=\"auto, (max-width: 1400px) 100vw, 1400px\" \/><\/a><\/figure>\n\n\n\n<figure class=\"wp-block-image size-large\"><a href=\"http:\/\/sp1.kielce.eu\/wp-content\/uploads\/2024\/04\/IMG20240417090133-scaled.jpg\"><img loading=\"lazy\" decoding=\"async\" width=\"1400\" height=\"630\" data-id=\"34248\" src=\"http:\/\/sp1.kielce.eu\/wp-content\/uploads\/2024\/04\/IMG20240417090133-1400x630.jpg\" alt=\"\" class=\"wp-image-34248\" srcset=\"https:\/\/sp1.kielce.eu\/wp-content\/uploads\/2024\/04\/IMG20240417090133-1400x630.jpg 1400w, https:\/\/sp1.kielce.eu\/wp-content\/uploads\/2024\/04\/IMG20240417090133-300x135.jpg 300w, https:\/\/sp1.kielce.eu\/wp-content\/uploads\/2024\/04\/IMG20240417090133-768x346.jpg 768w, https:\/\/sp1.kielce.eu\/wp-content\/uploads\/2024\/04\/IMG20240417090133-1536x691.jpg 1536w, https:\/\/sp1.kielce.eu\/wp-content\/uploads\/2024\/04\/IMG20240417090133-2048x922.jpg 2048w, https:\/\/sp1.kielce.eu\/wp-content\/uploads\/2024\/04\/IMG20240417090133-820x369.jpg 820w\" sizes=\"auto, (max-width: 1400px) 100vw, 1400px\" \/><\/a><\/figure>\n\n\n\n<figure class=\"wp-block-image size-large\"><a href=\"http:\/\/sp1.kielce.eu\/wp-content\/uploads\/2024\/04\/3-1.jpg\"><img loading=\"lazy\" decoding=\"async\" width=\"675\" height=\"900\" data-id=\"34246\" src=\"http:\/\/sp1.kielce.eu\/wp-content\/uploads\/2024\/04\/3-1-675x900.jpg\" alt=\"\" class=\"wp-image-34246\" srcset=\"https:\/\/sp1.kielce.eu\/wp-content\/uploads\/2024\/04\/3-1-675x900.jpg 675w, https:\/\/sp1.kielce.eu\/wp-content\/uploads\/2024\/04\/3-1-225x300.jpg 225w, https:\/\/sp1.kielce.eu\/wp-content\/uploads\/2024\/04\/3-1-768x1024.jpg 768w, https:\/\/sp1.kielce.eu\/wp-content\/uploads\/2024\/04\/3-1-1152x1536.jpg 1152w, https:\/\/sp1.kielce.eu\/wp-content\/uploads\/2024\/04\/3-1-820x1093.jpg 820w, https:\/\/sp1.kielce.eu\/wp-content\/uploads\/2024\/04\/3-1.jpg 1500w\" sizes=\"auto, (max-width: 675px) 100vw, 675px\" \/><\/a><\/figure>\n\n\n\n<figure class=\"wp-block-image size-large\"><a href=\"http:\/\/sp1.kielce.eu\/wp-content\/uploads\/2024\/04\/2-1.jpg\"><img loading=\"lazy\" decoding=\"async\" width=\"900\" height=\"900\" data-id=\"34244\" src=\"http:\/\/sp1.kielce.eu\/wp-content\/uploads\/2024\/04\/2-1-900x900.jpg\" alt=\"\" class=\"wp-image-34244\" srcset=\"https:\/\/sp1.kielce.eu\/wp-content\/uploads\/2024\/04\/2-1-900x900.jpg 900w, https:\/\/sp1.kielce.eu\/wp-content\/uploads\/2024\/04\/2-1-300x300.jpg 300w, https:\/\/sp1.kielce.eu\/wp-content\/uploads\/2024\/04\/2-1-150x150.jpg 150w, https:\/\/sp1.kielce.eu\/wp-content\/uploads\/2024\/04\/2-1-768x768.jpg 768w, https:\/\/sp1.kielce.eu\/wp-content\/uploads\/2024\/04\/2-1-820x820.jpg 820w, https:\/\/sp1.kielce.eu\/wp-content\/uploads\/2024\/04\/2-1.jpg 1024w\" sizes=\"auto, (max-width: 900px) 100vw, 900px\" \/><\/a><\/figure>\n\n\n\n<figure class=\"wp-block-image size-large\"><a href=\"http:\/\/sp1.kielce.eu\/wp-content\/uploads\/2024\/04\/1-5.jpg\"><img loading=\"lazy\" decoding=\"async\" width=\"940\" height=\"788\" data-id=\"34245\" src=\"http:\/\/sp1.kielce.eu\/wp-content\/uploads\/2024\/04\/1-5.jpg\" alt=\"\" class=\"wp-image-34245\" srcset=\"https:\/\/sp1.kielce.eu\/wp-content\/uploads\/2024\/04\/1-5.jpg 940w, https:\/\/sp1.kielce.eu\/wp-content\/uploads\/2024\/04\/1-5-300x251.jpg 300w, https:\/\/sp1.kielce.eu\/wp-content\/uploads\/2024\/04\/1-5-768x644.jpg 768w, https:\/\/sp1.kielce.eu\/wp-content\/uploads\/2024\/04\/1-5-820x687.jpg 820w\" sizes=\"auto, (max-width: 940px) 100vw, 940px\" \/><\/a><\/figure>\n<\/figure>\n","protected":false},"excerpt":{"rendered":"<p>Warsztaty z psychologiem szkolnym. Ju\u017c nied\u0142ugo klasy \u00f3sme przyst\u0105pi\u0105 do egzaminu \u00f3smoklasisty. W zwi\u0105zku z [&hellip;]<\/p>\n","protected":false},"author":5,"featured_media":34245,"comment_status":"closed","ping_status":"","sticky":false,"template":"","format":"standard","meta":{"footnotes":""},"categories":[36],"tags":[],"class_list":["post-34243","post","type-post","status-publish","format-standard","has-post-thumbnail","hentry","category-wydarzenia"],"_links":{"self":[{"href":"https:\/\/sp1.kielce.eu\/index.php\/wp-json\/wp\/v2\/posts\/34243","targetHints":{"allow":["GET"]}}],"collection":[{"href":"https:\/\/sp1.kielce.eu\/index.php\/wp-json\/wp\/v2\/posts"}],"about":[{"href":"https:\/\/sp1.kielce.eu\/index.php\/wp-json\/wp\/v2\/types\/post"}],"author":[{"embeddable":true,"href":"https:\/\/sp1.kielce.eu\/index.php\/wp-json\/wp\/v2\/users\/5"}],"replies":[{"embeddable":true,"href":"https:\/\/sp1.kielce.eu\/index.php\/wp-json\/wp\/v2\/comments?post=34243"}],"version-history":[{"count":1,"href":"https:\/\/sp1.kielce.eu\/index.php\/wp-json\/wp\/v2\/posts\/34243\/revisions"}],"predecessor-version":[{"id":34249,"href":"https:\/\/sp1.kielce.eu\/index.php\/wp-json\/wp\/v2\/posts\/34243\/revisions\/34249"}],"wp:featuredmedia":[{"embeddable":true,"href":"https:\/\/sp1.kielce.eu\/index.php\/wp-json\/wp\/v2\/media\/34245"}],"wp:attachment":[{"href":"https:\/\/sp1.kielce.eu\/index.php\/wp-json\/wp\/v2\/media?parent=34243"}],"wp:term":[{"taxonomy":"category","embeddable":true,"href":"https:\/\/sp1.kielce.eu\/index.php\/wp-json\/wp\/v2\/categories?post=34243"},{"taxonomy":"post_tag","embeddable":true,"href":"https:\/\/sp1.kielce.eu\/index.php\/wp-json\/wp\/v2\/tags?post=34243"}],"curies":[{"name":"wp","href":"https:\/\/api.w.org\/{rel}","templated":true}]}}