{"id":34070,"date":"2024-04-12T07:29:20","date_gmt":"2024-04-12T05:29:20","guid":{"rendered":"http:\/\/sp1.kielce.eu\/?p=34070"},"modified":"2024-04-12T07:29:20","modified_gmt":"2024-04-12T05:29:20","slug":"tydzien-kultury-antycznej-6","status":"publish","type":"post","link":"https:\/\/sp1.kielce.eu\/index.php\/2024\/04\/12\/tydzien-kultury-antycznej-6\/","title":{"rendered":"Tydzie\u0144 Kultury Antycznej\u00a0"},"content":{"rendered":"\n<p>Klasa 5a w ramach Tygodnia Kultury Antycznej obejrza\u0142a w Kieleckim Centrum Kultury ,,Mity greckie\u201d w re\u017cyserii Andrzeja Wieczorka. Pozna\u0144ski Teatr Aktora zaskoczy\u0142 m\u0142odych odbiorc\u00f3w, gdy\u017c w innowacyjny spos\u00f3b przekaza\u0142 wiedz\u0119 na temat staro\u017cytnych mit\u00f3w. Dzi\u0119ki bogatej scenografii, ikonograficznym kostiumom, antycznym maskom dzieci mia\u0142y okazj\u0119 przenie\u015b\u0107 si\u0119, cho\u0107 na chwil\u0119, w czasy staro\u017cytnej Grecji. Mity zosta\u0142y pokazane w kontek\u015bcie wsp\u00f3\u0142czesno\u015bci, kt\u00f3ra otacza dzieci. Odniesienia do gier internetowych, popularnej muzyki oraz slang m\u0142odzie\u017cowy, kt\u00f3rym m\u00f3wili aktorzy, wywo\u0142a\u0142y du\u017ce zainteresowanie publiczno\u015bci.&nbsp; Antyk nieustannie inspiruje, a nauka mo\u017ce by\u0107 przyjemno\u015bci\u0105.&nbsp;<\/p>\n\n\n\n<p>\u00a0 \u00a0 \u00a0 \u00a0 \u00a0 \u00a0 \u00a0 \u00a0 \u00a0 \u00a0 \u00a0 \u00a0 \u00a0 \u00a0 \u00a0 \u00a0 \u00a0 \u00a0 \u00a0 \u00a0 \u00a0 \u00a0 \u00a0 \u00a0 \u00a0 \u00a0 \u00a0 \u00a0 \u00a0 \u00a0 \u00a0 \u00a0 \u00a0 \u00a0 \u00a0 \u00a0 \u00a0 \u00a0 \u00a0 \u00a0 \u00a0 \u00a0 \u00a0 \u00a0 \u00a0 \u00a0 \u00a0 \u00a0 \u00a0 \u00a0 \u00a0 \u00a0 Dorota Broni\u015b\u00a0<\/p>\n\n\n\n<figure class=\"wp-block-gallery has-nested-images columns-default is-cropped wp-block-gallery-1 is-layout-flex wp-block-gallery-is-layout-flex\">\n<figure class=\"wp-block-image size-large\"><a href=\"http:\/\/sp1.kielce.eu\/wp-content\/uploads\/2024\/04\/Mity-Greckie-tytulowe.jpg\"><img loading=\"lazy\" decoding=\"async\" width=\"639\" height=\"900\" data-id=\"34075\" src=\"http:\/\/sp1.kielce.eu\/wp-content\/uploads\/2024\/04\/Mity-Greckie-tytulowe-639x900.jpg\" alt=\"\" class=\"wp-image-34075\" srcset=\"https:\/\/sp1.kielce.eu\/wp-content\/uploads\/2024\/04\/Mity-Greckie-tytulowe-639x900.jpg 639w, https:\/\/sp1.kielce.eu\/wp-content\/uploads\/2024\/04\/Mity-Greckie-tytulowe-213x300.jpg 213w, https:\/\/sp1.kielce.eu\/wp-content\/uploads\/2024\/04\/Mity-Greckie-tytulowe-768x1082.jpg 768w, https:\/\/sp1.kielce.eu\/wp-content\/uploads\/2024\/04\/Mity-Greckie-tytulowe-1090x1536.jpg 1090w, https:\/\/sp1.kielce.eu\/wp-content\/uploads\/2024\/04\/Mity-Greckie-tytulowe-820x1155.jpg 820w, https:\/\/sp1.kielce.eu\/wp-content\/uploads\/2024\/04\/Mity-Greckie-tytulowe.jpg 1280w\" sizes=\"auto, (max-width: 639px) 100vw, 639px\" \/><\/a><\/figure>\n\n\n\n<figure class=\"wp-block-image size-large\"><a href=\"http:\/\/sp1.kielce.eu\/wp-content\/uploads\/2024\/04\/slaj-pod-menu-mity-greckie.jpg\"><img loading=\"lazy\" decoding=\"async\" width=\"1400\" height=\"549\" data-id=\"34071\" src=\"http:\/\/sp1.kielce.eu\/wp-content\/uploads\/2024\/04\/slaj-pod-menu-mity-greckie-1400x549.jpg\" alt=\"\" class=\"wp-image-34071\" srcset=\"https:\/\/sp1.kielce.eu\/wp-content\/uploads\/2024\/04\/slaj-pod-menu-mity-greckie-1400x549.jpg 1400w, https:\/\/sp1.kielce.eu\/wp-content\/uploads\/2024\/04\/slaj-pod-menu-mity-greckie-300x118.jpg 300w, https:\/\/sp1.kielce.eu\/wp-content\/uploads\/2024\/04\/slaj-pod-menu-mity-greckie-768x301.jpg 768w, https:\/\/sp1.kielce.eu\/wp-content\/uploads\/2024\/04\/slaj-pod-menu-mity-greckie-1536x602.jpg 1536w, https:\/\/sp1.kielce.eu\/wp-content\/uploads\/2024\/04\/slaj-pod-menu-mity-greckie-820x322.jpg 820w, https:\/\/sp1.kielce.eu\/wp-content\/uploads\/2024\/04\/slaj-pod-menu-mity-greckie.jpg 1920w\" sizes=\"auto, (max-width: 1400px) 100vw, 1400px\" \/><\/a><\/figure>\n\n\n\n<figure class=\"wp-block-image size-large\"><a href=\"http:\/\/sp1.kielce.eu\/wp-content\/uploads\/2024\/04\/shared-image-7.jpg\"><img loading=\"lazy\" decoding=\"async\" width=\"1385\" height=\"900\" data-id=\"34072\" src=\"http:\/\/sp1.kielce.eu\/wp-content\/uploads\/2024\/04\/shared-image-7-1385x900.jpg\" alt=\"\" class=\"wp-image-34072\" srcset=\"https:\/\/sp1.kielce.eu\/wp-content\/uploads\/2024\/04\/shared-image-7-1385x900.jpg 1385w, https:\/\/sp1.kielce.eu\/wp-content\/uploads\/2024\/04\/shared-image-7-300x195.jpg 300w, https:\/\/sp1.kielce.eu\/wp-content\/uploads\/2024\/04\/shared-image-7-768x499.jpg 768w, https:\/\/sp1.kielce.eu\/wp-content\/uploads\/2024\/04\/shared-image-7-1536x998.jpg 1536w, https:\/\/sp1.kielce.eu\/wp-content\/uploads\/2024\/04\/shared-image-7-820x533.jpg 820w, https:\/\/sp1.kielce.eu\/wp-content\/uploads\/2024\/04\/shared-image-7.jpg 2000w\" sizes=\"auto, (max-width: 1385px) 100vw, 1385px\" \/><\/a><\/figure>\n\n\n\n<figure class=\"wp-block-image size-large\"><a href=\"http:\/\/sp1.kielce.eu\/wp-content\/uploads\/2024\/04\/20240410_093658-1.jpg\"><img loading=\"lazy\" decoding=\"async\" width=\"1200\" height=\"900\" data-id=\"34074\" src=\"http:\/\/sp1.kielce.eu\/wp-content\/uploads\/2024\/04\/20240410_093658-1-1200x900.jpg\" alt=\"\" class=\"wp-image-34074\" srcset=\"https:\/\/sp1.kielce.eu\/wp-content\/uploads\/2024\/04\/20240410_093658-1-1200x900.jpg 1200w, https:\/\/sp1.kielce.eu\/wp-content\/uploads\/2024\/04\/20240410_093658-1-300x225.jpg 300w, https:\/\/sp1.kielce.eu\/wp-content\/uploads\/2024\/04\/20240410_093658-1-768x576.jpg 768w, https:\/\/sp1.kielce.eu\/wp-content\/uploads\/2024\/04\/20240410_093658-1-820x615.jpg 820w, https:\/\/sp1.kielce.eu\/wp-content\/uploads\/2024\/04\/20240410_093658-1.jpg 1280w\" sizes=\"auto, (max-width: 1200px) 100vw, 1200px\" \/><\/a><\/figure>\n\n\n\n<figure class=\"wp-block-image size-large\"><a href=\"http:\/\/sp1.kielce.eu\/wp-content\/uploads\/2024\/04\/20240410_093656-1.jpg\"><img loading=\"lazy\" decoding=\"async\" width=\"1200\" height=\"900\" data-id=\"34073\" src=\"http:\/\/sp1.kielce.eu\/wp-content\/uploads\/2024\/04\/20240410_093656-1-1200x900.jpg\" alt=\"\" class=\"wp-image-34073\" srcset=\"https:\/\/sp1.kielce.eu\/wp-content\/uploads\/2024\/04\/20240410_093656-1-1200x900.jpg 1200w, https:\/\/sp1.kielce.eu\/wp-content\/uploads\/2024\/04\/20240410_093656-1-300x225.jpg 300w, https:\/\/sp1.kielce.eu\/wp-content\/uploads\/2024\/04\/20240410_093656-1-768x576.jpg 768w, https:\/\/sp1.kielce.eu\/wp-content\/uploads\/2024\/04\/20240410_093656-1-820x615.jpg 820w, https:\/\/sp1.kielce.eu\/wp-content\/uploads\/2024\/04\/20240410_093656-1.jpg 1280w\" sizes=\"auto, (max-width: 1200px) 100vw, 1200px\" \/><\/a><\/figure>\n<\/figure>\n","protected":false},"excerpt":{"rendered":"<p>Klasa 5a w ramach Tygodnia Kultury Antycznej obejrza\u0142a w Kieleckim Centrum Kultury ,,Mity greckie\u201d w [&hellip;]<\/p>\n","protected":false},"author":5,"featured_media":34075,"comment_status":"closed","ping_status":"","sticky":false,"template":"","format":"standard","meta":{"footnotes":""},"categories":[36],"tags":[],"class_list":["post-34070","post","type-post","status-publish","format-standard","has-post-thumbnail","hentry","category-wydarzenia"],"_links":{"self":[{"href":"https:\/\/sp1.kielce.eu\/index.php\/wp-json\/wp\/v2\/posts\/34070","targetHints":{"allow":["GET"]}}],"collection":[{"href":"https:\/\/sp1.kielce.eu\/index.php\/wp-json\/wp\/v2\/posts"}],"about":[{"href":"https:\/\/sp1.kielce.eu\/index.php\/wp-json\/wp\/v2\/types\/post"}],"author":[{"embeddable":true,"href":"https:\/\/sp1.kielce.eu\/index.php\/wp-json\/wp\/v2\/users\/5"}],"replies":[{"embeddable":true,"href":"https:\/\/sp1.kielce.eu\/index.php\/wp-json\/wp\/v2\/comments?post=34070"}],"version-history":[{"count":1,"href":"https:\/\/sp1.kielce.eu\/index.php\/wp-json\/wp\/v2\/posts\/34070\/revisions"}],"predecessor-version":[{"id":34076,"href":"https:\/\/sp1.kielce.eu\/index.php\/wp-json\/wp\/v2\/posts\/34070\/revisions\/34076"}],"wp:featuredmedia":[{"embeddable":true,"href":"https:\/\/sp1.kielce.eu\/index.php\/wp-json\/wp\/v2\/media\/34075"}],"wp:attachment":[{"href":"https:\/\/sp1.kielce.eu\/index.php\/wp-json\/wp\/v2\/media?parent=34070"}],"wp:term":[{"taxonomy":"category","embeddable":true,"href":"https:\/\/sp1.kielce.eu\/index.php\/wp-json\/wp\/v2\/categories?post=34070"},{"taxonomy":"post_tag","embeddable":true,"href":"https:\/\/sp1.kielce.eu\/index.php\/wp-json\/wp\/v2\/tags?post=34070"}],"curies":[{"name":"wp","href":"https:\/\/api.w.org\/{rel}","templated":true}]}}