{"id":33873,"date":"2024-04-08T08:41:08","date_gmt":"2024-04-08T06:41:08","guid":{"rendered":"http:\/\/sp1.kielce.eu\/?p=33873"},"modified":"2024-04-08T08:41:08","modified_gmt":"2024-04-08T06:41:08","slug":"wolontaryjne-przekazanie-swiatecznych-paczek-wielkanocnych","status":"publish","type":"post","link":"https:\/\/sp1.kielce.eu\/index.php\/2024\/04\/08\/wolontaryjne-przekazanie-swiatecznych-paczek-wielkanocnych\/","title":{"rendered":"Wolontaryjne przekazanie \u015awi\u0105tecznych Paczek Wielkanocnych"},"content":{"rendered":"\n<p><strong>dla ubogich na Bocianku i Uroczysku!<\/strong><\/p>\n\n\n\n<p>W Wielk\u0105 Sobot\u0119, 30 marca 2024 r., <strong>nasi Dzielni Wolontariusze<\/strong> wraz z ich opiekunem podj\u0119li si\u0119 radosnego wyzwania<strong> przekazania kilkunastu \u015bwi\u0105tecznych paczek wielkanocnych <\/strong>osobom ubogich i samotnych mieszkaj\u0105cych na terenie parafii \u015bw. J\u00f3zefa Robotnika (Bocianek i Uroczysko).&nbsp;<\/p>\n\n\n\n<p>Paczki zosta\u0142y przygotowane z produkt\u00f3w, kt\u00f3rymi si\u0119 podzielili parafianie w ramach \u015bwi\u0119cenia pokarm\u00f3w na st\u00f3\u0142 wielkanocny. Za przygotowanie paczek wielkanocnych odpowiada\u0142o trakcyjnie parafialne Ko\u0142o Caritas, Stowarzyszenie Ewangeliczne Os\u00f3b \u015awieckich, kt\u00f3re na co dzie\u0144 pomaga, ju\u017c od wielu lat, osobom ubogim z terenu parafii \u015bw. J\u00f3zefa.<\/p>\n\n\n\n<p><strong>Dzi\u0119kujemy Wolontariuszom ze Szkolnego Ko\u0142a \u201eJedynka\u201d, <\/strong>za po\u015bwi\u0119cony kilkugodzinny czas wolny przerwy \u015bwi\u0105tecznej i wra\u017cliwe serce na potrzeby os\u00f3b ubogich i samotnych. &nbsp;<\/p>\n\n\n\n<p>Szkolne Ko\u0142o Wolontariatu \u201eJedynka\u201d,<\/p>\n\n\n\n<p>ks. Konrad Walerczak,&nbsp;<\/p>\n\n\n\n<p>Stowarzyszenie Ewangeliczne z par. \u015bw. J\u00f3zefa Robotnika.,&nbsp;<\/p>\n\n\n\n<p>p. Joanna Pietruszka<\/p>\n","protected":false},"excerpt":{"rendered":"<p>dla ubogich na Bocianku i Uroczysku! W Wielk\u0105 Sobot\u0119, 30 marca 2024 r., nasi Dzielni [&hellip;]<\/p>\n","protected":false},"author":5,"featured_media":33874,"comment_status":"closed","ping_status":"","sticky":false,"template":"","format":"standard","meta":{"footnotes":""},"categories":[36,163],"tags":[],"class_list":["post-33873","post","type-post","status-publish","format-standard","has-post-thumbnail","hentry","category-wydarzenia","category-skw"],"_links":{"self":[{"href":"https:\/\/sp1.kielce.eu\/index.php\/wp-json\/wp\/v2\/posts\/33873","targetHints":{"allow":["GET"]}}],"collection":[{"href":"https:\/\/sp1.kielce.eu\/index.php\/wp-json\/wp\/v2\/posts"}],"about":[{"href":"https:\/\/sp1.kielce.eu\/index.php\/wp-json\/wp\/v2\/types\/post"}],"author":[{"embeddable":true,"href":"https:\/\/sp1.kielce.eu\/index.php\/wp-json\/wp\/v2\/users\/5"}],"replies":[{"embeddable":true,"href":"https:\/\/sp1.kielce.eu\/index.php\/wp-json\/wp\/v2\/comments?post=33873"}],"version-history":[{"count":1,"href":"https:\/\/sp1.kielce.eu\/index.php\/wp-json\/wp\/v2\/posts\/33873\/revisions"}],"predecessor-version":[{"id":33875,"href":"https:\/\/sp1.kielce.eu\/index.php\/wp-json\/wp\/v2\/posts\/33873\/revisions\/33875"}],"wp:featuredmedia":[{"embeddable":true,"href":"https:\/\/sp1.kielce.eu\/index.php\/wp-json\/wp\/v2\/media\/33874"}],"wp:attachment":[{"href":"https:\/\/sp1.kielce.eu\/index.php\/wp-json\/wp\/v2\/media?parent=33873"}],"wp:term":[{"taxonomy":"category","embeddable":true,"href":"https:\/\/sp1.kielce.eu\/index.php\/wp-json\/wp\/v2\/categories?post=33873"},{"taxonomy":"post_tag","embeddable":true,"href":"https:\/\/sp1.kielce.eu\/index.php\/wp-json\/wp\/v2\/tags?post=33873"}],"curies":[{"name":"wp","href":"https:\/\/api.w.org\/{rel}","templated":true}]}}