{"id":33338,"date":"2024-03-08T08:38:40","date_gmt":"2024-03-08T07:38:40","guid":{"rendered":"http:\/\/sp1.kielce.eu\/?p=33338"},"modified":"2024-03-08T08:38:40","modified_gmt":"2024-03-08T07:38:40","slug":"bieg-tropem-wilczym-2","status":"publish","type":"post","link":"https:\/\/sp1.kielce.eu\/index.php\/2024\/03\/08\/bieg-tropem-wilczym-2\/","title":{"rendered":"Bieg Tropem Wilczym"},"content":{"rendered":"\n<p>W dniu 1 marca w&nbsp;naszej szkole odby\u0142 si\u0119 Bieg Tropem Wilczym. To najwi\u0119ksze przedsi\u0119wzi\u0119cie sportowo-edukacyjnym na \u015bwiecie.<\/p>\n\n\n\n<p>1 marca zosta\u0142 ustanowiony \u015bwi\u0119tem pa\u0144stwowym \u2013 Narodowym Dniem Pami\u0119ci \u201e\u017bo\u0142nierzy Wykl\u0119tych\u201d. Jest to \u015bwi\u0119to, honoruj\u0105ce i&nbsp;upami\u0119tniaj\u0105ce \u017co\u0142nierzy polskiego podziemia antykomunistycznego i&nbsp;antysowieckiego dzia\u0142aj\u0105cego w&nbsp;latach 1944 \u2013 1963 w&nbsp;obr\u0119bie przedwojennych granic RP.<\/p>\n\n\n\n<p>Uczestnicy biegu w&nbsp;liczbie 70&nbsp;uczni\u00f3w w&nbsp;godzinach 10:50 do 11:30 i 11:45 do 12:30 biegli na dystansie 1100&nbsp;m na kompleksie sportowym cz\u0119\u015bci lekkoatletycznej na terenie naszej szko\u0142y.<\/p>\n\n\n\n<p>Gratulujemy wytrzyma\u0142o\u015bci i&nbsp;zawzi\u0119to\u015bci \ud83d\ude42 Na podium stan\u0119li:<\/p>\n\n\n\n<p><strong>Klasy VI, VII i VIII<\/strong><\/p>\n\n\n\n<p>I miejsce<\/p>\n\n\n\n<p>Maksymilian&nbsp; Cioroch klasa 8a<\/p>\n\n\n\n<p><br>II miejsce<\/p>\n\n\n\n<p>Turianchyk&nbsp; Dmytro klasa 8b<\/p>\n\n\n\n<p><br>III miejsce<\/p>\n\n\n\n<p>Konicki Antoni klasa 7b<\/p>\n\n\n\n<p><strong>Klasy IV i V<\/strong><\/p>\n\n\n\n<p>I miejsce<\/p>\n\n\n\n<p>Kowalczyk Aleksander klasa 5b<\/p>\n\n\n\n<p>II miejsce<\/p>\n\n\n\n<p>Konecki Mateusz klasa 4 a<\/p>\n\n\n\n<p>III<\/p>\n\n\n\n<p>Basiak Aleksandra klasa 5b i Religa Magdalena klasa 5b<\/p>\n\n\n\n<p>&nbsp;Zwyci\u0119zcy otrzymali pami\u0105tkowe dyplomy.<\/p>\n\n\n\n<p>\u00a0Organizatorzy biegu:<br>Nauczyciel historii: Katarzyna Szostak<br>Nauczyciele wychowania fizycznego:<br>Marta Wi\u0119ckowska, \u0141ukasz Kurek, Grzegorz Ko\u0142oma\u0144ski<\/p>\n\n\n\n<figure class=\"wp-block-gallery has-nested-images columns-default is-cropped wp-block-gallery-1 is-layout-flex wp-block-gallery-is-layout-flex\">\n<figure class=\"wp-block-image size-large\"><a href=\"http:\/\/sp1.kielce.eu\/wp-content\/uploads\/2024\/03\/20240301_111200.jpg\"><img loading=\"lazy\" decoding=\"async\" width=\"1200\" height=\"900\" data-id=\"33341\" src=\"http:\/\/sp1.kielce.eu\/wp-content\/uploads\/2024\/03\/20240301_111200-1200x900.jpg\" alt=\"\" class=\"wp-image-33341\" srcset=\"https:\/\/sp1.kielce.eu\/wp-content\/uploads\/2024\/03\/20240301_111200-1200x900.jpg 1200w, https:\/\/sp1.kielce.eu\/wp-content\/uploads\/2024\/03\/20240301_111200-300x225.jpg 300w, https:\/\/sp1.kielce.eu\/wp-content\/uploads\/2024\/03\/20240301_111200-768x576.jpg 768w, https:\/\/sp1.kielce.eu\/wp-content\/uploads\/2024\/03\/20240301_111200-820x615.jpg 820w, https:\/\/sp1.kielce.eu\/wp-content\/uploads\/2024\/03\/20240301_111200.jpg 1280w\" sizes=\"auto, (max-width: 1200px) 100vw, 1200px\" \/><\/a><\/figure>\n\n\n\n<figure class=\"wp-block-image size-large\"><a href=\"http:\/\/sp1.kielce.eu\/wp-content\/uploads\/2024\/03\/20240301_111202.jpg\"><img loading=\"lazy\" decoding=\"async\" width=\"1200\" height=\"900\" data-id=\"33342\" src=\"http:\/\/sp1.kielce.eu\/wp-content\/uploads\/2024\/03\/20240301_111202-1200x900.jpg\" alt=\"\" class=\"wp-image-33342\" srcset=\"https:\/\/sp1.kielce.eu\/wp-content\/uploads\/2024\/03\/20240301_111202-1200x900.jpg 1200w, https:\/\/sp1.kielce.eu\/wp-content\/uploads\/2024\/03\/20240301_111202-300x225.jpg 300w, https:\/\/sp1.kielce.eu\/wp-content\/uploads\/2024\/03\/20240301_111202-768x576.jpg 768w, https:\/\/sp1.kielce.eu\/wp-content\/uploads\/2024\/03\/20240301_111202-820x615.jpg 820w, https:\/\/sp1.kielce.eu\/wp-content\/uploads\/2024\/03\/20240301_111202.jpg 1280w\" sizes=\"auto, (max-width: 1200px) 100vw, 1200px\" \/><\/a><\/figure>\n\n\n\n<figure class=\"wp-block-image size-large\"><a href=\"http:\/\/sp1.kielce.eu\/wp-content\/uploads\/2024\/03\/20240301_111140.jpg\"><img loading=\"lazy\" decoding=\"async\" width=\"1200\" height=\"900\" data-id=\"33343\" src=\"http:\/\/sp1.kielce.eu\/wp-content\/uploads\/2024\/03\/20240301_111140-1200x900.jpg\" alt=\"\" class=\"wp-image-33343\" srcset=\"https:\/\/sp1.kielce.eu\/wp-content\/uploads\/2024\/03\/20240301_111140-1200x900.jpg 1200w, https:\/\/sp1.kielce.eu\/wp-content\/uploads\/2024\/03\/20240301_111140-300x225.jpg 300w, https:\/\/sp1.kielce.eu\/wp-content\/uploads\/2024\/03\/20240301_111140-768x576.jpg 768w, https:\/\/sp1.kielce.eu\/wp-content\/uploads\/2024\/03\/20240301_111140-820x615.jpg 820w, https:\/\/sp1.kielce.eu\/wp-content\/uploads\/2024\/03\/20240301_111140.jpg 1280w\" sizes=\"auto, (max-width: 1200px) 100vw, 1200px\" \/><\/a><\/figure>\n\n\n\n<figure class=\"wp-block-image size-large\"><a href=\"http:\/\/sp1.kielce.eu\/wp-content\/uploads\/2024\/03\/20240301_111137.jpg\"><img loading=\"lazy\" decoding=\"async\" width=\"1200\" height=\"900\" data-id=\"33340\" src=\"http:\/\/sp1.kielce.eu\/wp-content\/uploads\/2024\/03\/20240301_111137-1200x900.jpg\" alt=\"\" class=\"wp-image-33340\" srcset=\"https:\/\/sp1.kielce.eu\/wp-content\/uploads\/2024\/03\/20240301_111137-1200x900.jpg 1200w, https:\/\/sp1.kielce.eu\/wp-content\/uploads\/2024\/03\/20240301_111137-300x225.jpg 300w, https:\/\/sp1.kielce.eu\/wp-content\/uploads\/2024\/03\/20240301_111137-768x576.jpg 768w, https:\/\/sp1.kielce.eu\/wp-content\/uploads\/2024\/03\/20240301_111137-820x615.jpg 820w, https:\/\/sp1.kielce.eu\/wp-content\/uploads\/2024\/03\/20240301_111137.jpg 1280w\" sizes=\"auto, (max-width: 1200px) 100vw, 1200px\" \/><\/a><\/figure>\n\n\n\n<figure class=\"wp-block-image size-large\"><a href=\"http:\/\/sp1.kielce.eu\/wp-content\/uploads\/2024\/03\/20240301_111132.jpg\"><img loading=\"lazy\" decoding=\"async\" width=\"1200\" height=\"900\" data-id=\"33345\" src=\"http:\/\/sp1.kielce.eu\/wp-content\/uploads\/2024\/03\/20240301_111132-1200x900.jpg\" alt=\"\" class=\"wp-image-33345\" srcset=\"https:\/\/sp1.kielce.eu\/wp-content\/uploads\/2024\/03\/20240301_111132-1200x900.jpg 1200w, https:\/\/sp1.kielce.eu\/wp-content\/uploads\/2024\/03\/20240301_111132-300x225.jpg 300w, https:\/\/sp1.kielce.eu\/wp-content\/uploads\/2024\/03\/20240301_111132-768x576.jpg 768w, https:\/\/sp1.kielce.eu\/wp-content\/uploads\/2024\/03\/20240301_111132-820x615.jpg 820w, https:\/\/sp1.kielce.eu\/wp-content\/uploads\/2024\/03\/20240301_111132.jpg 1280w\" sizes=\"auto, (max-width: 1200px) 100vw, 1200px\" \/><\/a><\/figure>\n\n\n\n<figure class=\"wp-block-image size-large\"><a href=\"http:\/\/sp1.kielce.eu\/wp-content\/uploads\/2024\/03\/20240301_120340.jpg\"><img loading=\"lazy\" decoding=\"async\" width=\"1200\" height=\"900\" data-id=\"33339\" src=\"http:\/\/sp1.kielce.eu\/wp-content\/uploads\/2024\/03\/20240301_120340-1200x900.jpg\" alt=\"\" class=\"wp-image-33339\" srcset=\"https:\/\/sp1.kielce.eu\/wp-content\/uploads\/2024\/03\/20240301_120340-1200x900.jpg 1200w, https:\/\/sp1.kielce.eu\/wp-content\/uploads\/2024\/03\/20240301_120340-300x225.jpg 300w, https:\/\/sp1.kielce.eu\/wp-content\/uploads\/2024\/03\/20240301_120340-768x576.jpg 768w, https:\/\/sp1.kielce.eu\/wp-content\/uploads\/2024\/03\/20240301_120340-820x615.jpg 820w, https:\/\/sp1.kielce.eu\/wp-content\/uploads\/2024\/03\/20240301_120340.jpg 1280w\" sizes=\"auto, (max-width: 1200px) 100vw, 1200px\" \/><\/a><\/figure>\n\n\n\n<figure class=\"wp-block-image size-large\"><a href=\"http:\/\/sp1.kielce.eu\/wp-content\/uploads\/2024\/03\/20240307_182723.jpg\"><img loading=\"lazy\" decoding=\"async\" width=\"1208\" height=\"900\" data-id=\"33344\" src=\"http:\/\/sp1.kielce.eu\/wp-content\/uploads\/2024\/03\/20240307_182723-1208x900.jpg\" alt=\"\" class=\"wp-image-33344\" srcset=\"https:\/\/sp1.kielce.eu\/wp-content\/uploads\/2024\/03\/20240307_182723-1208x900.jpg 1208w, https:\/\/sp1.kielce.eu\/wp-content\/uploads\/2024\/03\/20240307_182723-300x224.jpg 300w, https:\/\/sp1.kielce.eu\/wp-content\/uploads\/2024\/03\/20240307_182723-768x572.jpg 768w, https:\/\/sp1.kielce.eu\/wp-content\/uploads\/2024\/03\/20240307_182723-820x611.jpg 820w, https:\/\/sp1.kielce.eu\/wp-content\/uploads\/2024\/03\/20240307_182723.jpg 1280w\" sizes=\"auto, (max-width: 1208px) 100vw, 1208px\" \/><\/a><\/figure>\n\n\n\n<figure class=\"wp-block-image size-large\"><a href=\"http:\/\/sp1.kielce.eu\/wp-content\/uploads\/2024\/03\/20240307_182904.jpg\"><img loading=\"lazy\" decoding=\"async\" width=\"900\" height=\"900\" data-id=\"33346\" src=\"http:\/\/sp1.kielce.eu\/wp-content\/uploads\/2024\/03\/20240307_182904-900x900.jpg\" alt=\"\" class=\"wp-image-33346\" srcset=\"https:\/\/sp1.kielce.eu\/wp-content\/uploads\/2024\/03\/20240307_182904-900x900.jpg 900w, https:\/\/sp1.kielce.eu\/wp-content\/uploads\/2024\/03\/20240307_182904-300x300.jpg 300w, https:\/\/sp1.kielce.eu\/wp-content\/uploads\/2024\/03\/20240307_182904-150x150.jpg 150w, https:\/\/sp1.kielce.eu\/wp-content\/uploads\/2024\/03\/20240307_182904-768x768.jpg 768w, https:\/\/sp1.kielce.eu\/wp-content\/uploads\/2024\/03\/20240307_182904-820x820.jpg 820w, https:\/\/sp1.kielce.eu\/wp-content\/uploads\/2024\/03\/20240307_182904.jpg 1280w\" sizes=\"auto, (max-width: 900px) 100vw, 900px\" \/><\/a><\/figure>\n\n\n\n<figure class=\"wp-block-image size-large\"><a href=\"http:\/\/sp1.kielce.eu\/wp-content\/uploads\/2024\/03\/20240301_111012.jpg\"><img loading=\"lazy\" decoding=\"async\" width=\"1200\" height=\"900\" data-id=\"33347\" src=\"http:\/\/sp1.kielce.eu\/wp-content\/uploads\/2024\/03\/20240301_111012-1200x900.jpg\" alt=\"\" class=\"wp-image-33347\" srcset=\"https:\/\/sp1.kielce.eu\/wp-content\/uploads\/2024\/03\/20240301_111012-1200x900.jpg 1200w, https:\/\/sp1.kielce.eu\/wp-content\/uploads\/2024\/03\/20240301_111012-300x225.jpg 300w, https:\/\/sp1.kielce.eu\/wp-content\/uploads\/2024\/03\/20240301_111012-768x576.jpg 768w, https:\/\/sp1.kielce.eu\/wp-content\/uploads\/2024\/03\/20240301_111012-820x615.jpg 820w, https:\/\/sp1.kielce.eu\/wp-content\/uploads\/2024\/03\/20240301_111012.jpg 1280w\" sizes=\"auto, (max-width: 1200px) 100vw, 1200px\" \/><\/a><\/figure>\n<\/figure>\n","protected":false},"excerpt":{"rendered":"<p>W dniu 1 marca w&nbsp;naszej szkole odby\u0142 si\u0119 Bieg Tropem Wilczym. To najwi\u0119ksze przedsi\u0119wzi\u0119cie sportowo-edukacyjnym [&hellip;]<\/p>\n","protected":false},"author":5,"featured_media":33348,"comment_status":"closed","ping_status":"","sticky":false,"template":"","format":"standard","meta":{"footnotes":""},"categories":[36,11],"tags":[],"class_list":["post-33338","post","type-post","status-publish","format-standard","has-post-thumbnail","hentry","category-wydarzenia","category-zawody-sportowe"],"_links":{"self":[{"href":"https:\/\/sp1.kielce.eu\/index.php\/wp-json\/wp\/v2\/posts\/33338","targetHints":{"allow":["GET"]}}],"collection":[{"href":"https:\/\/sp1.kielce.eu\/index.php\/wp-json\/wp\/v2\/posts"}],"about":[{"href":"https:\/\/sp1.kielce.eu\/index.php\/wp-json\/wp\/v2\/types\/post"}],"author":[{"embeddable":true,"href":"https:\/\/sp1.kielce.eu\/index.php\/wp-json\/wp\/v2\/users\/5"}],"replies":[{"embeddable":true,"href":"https:\/\/sp1.kielce.eu\/index.php\/wp-json\/wp\/v2\/comments?post=33338"}],"version-history":[{"count":1,"href":"https:\/\/sp1.kielce.eu\/index.php\/wp-json\/wp\/v2\/posts\/33338\/revisions"}],"predecessor-version":[{"id":33349,"href":"https:\/\/sp1.kielce.eu\/index.php\/wp-json\/wp\/v2\/posts\/33338\/revisions\/33349"}],"wp:featuredmedia":[{"embeddable":true,"href":"https:\/\/sp1.kielce.eu\/index.php\/wp-json\/wp\/v2\/media\/33348"}],"wp:attachment":[{"href":"https:\/\/sp1.kielce.eu\/index.php\/wp-json\/wp\/v2\/media?parent=33338"}],"wp:term":[{"taxonomy":"category","embeddable":true,"href":"https:\/\/sp1.kielce.eu\/index.php\/wp-json\/wp\/v2\/categories?post=33338"},{"taxonomy":"post_tag","embeddable":true,"href":"https:\/\/sp1.kielce.eu\/index.php\/wp-json\/wp\/v2\/tags?post=33338"}],"curies":[{"name":"wp","href":"https:\/\/api.w.org\/{rel}","templated":true}]}}