{"id":33316,"date":"2024-02-05T20:20:48","date_gmt":"2024-02-05T19:20:48","guid":{"rendered":"http:\/\/sp1.kielce.eu\/?p=33316"},"modified":"2024-05-06T11:44:18","modified_gmt":"2024-05-06T09:44:18","slug":"xxi-miedzyszkolny-konkurs-literacko-plastyczny-z-ekologia-za-pan-brat-dla-uczniow-klas-iv-viii-szkol-podstawowych","status":"publish","type":"post","link":"https:\/\/sp1.kielce.eu\/index.php\/2024\/02\/05\/xxi-miedzyszkolny-konkurs-literacko-plastyczny-z-ekologia-za-pan-brat-dla-uczniow-klas-iv-viii-szkol-podstawowych\/","title":{"rendered":"XXI Mi\u0119dzyszkolny Konkurs Literacko \u2013 Plastyczny \u201eZ ekologi\u0105 za pan brat\u201d dla uczni\u00f3w klas IV-VIII szk\u00f3\u0142 podstawowych"},"content":{"rendered":"\n<p>Serdecznie zapraszamy do wzi\u0119cia udzia\u0142u w konkursie \u201eZ EKOLOGI\u0104 ZA PAN BRAT\u201d odbywaj\u0105cego si\u0119 od 8 stycznia do 30 maja 2024 r.<\/p>\n\n\n\n<p>Konkurs zosta\u0142 obj\u0119ty honorowym patronatem Pana Prezydenta Miasta Kielce oraz \u015awi\u0119tokrzyskiego Kuratora O\u015bwiaty i jest przeznaczony jest dla uczni\u00f3w klas IV \u2013 VIII kieleckich szk\u00f3\u0142 podstawowych.<\/p>\n\n\n\n<p>Celem konkursu jest u\u015bwiadomienie uczniom ich wp\u0142ywu na stan \u015brodowiska naturalnego w najbli\u017cszym otoczeniu.<\/p>\n\n\n\n<p>Uczestnicy indywidualni mog\u0105:<\/p>\n\n\n\n<p>a) wykona\u0107 prac\u0119 plastyczn\u0105 technik\u0105 dowoln\u0105 na temat \u201eMniej plastiku, korzy\u015bci bez liku\u201d (format A3),<\/p>\n\n\n\n<p>b) napisa\u0107 opowiadanie (maksimum 3 strony) lub 2 \u2013 3 wiersze na temat: \u201eWy\u0142\u0105cz wtyczk\u0119, w\u0142\u0105cz oszcz\u0119dzanie\u201d,<\/p>\n\n\n\n<p>c) przygotowa\u0107 prezentacj\u0119 multimedialn\u0105 na temat: \u201eCzyste powietrze = \u017cycie\u201d,<\/p>\n\n\n\n<p>d) wykona\u0107 3 zdj\u0119cia na temat: \u201eMoje miasto &#8211; jak pi\u0119knie wygl\u0105da wiosn\u0105\u201d,<\/p>\n\n\n\n<p>e) nagra\u0107 solo lub zespo\u0142owo piosenk\u0119 o tematyce ekologicznej na no\u015bnik (pendrive, p\u0142yta CD lub DVD).<\/p>\n\n\n\n<p><strong>Termin dostarczania prac i nagra\u0144: 8 kwietnia 2024 r.<\/strong>\u00a0<strong>(poniedzia\u0142ek)<\/strong><\/p>\n\n\n\n<p><strong><mark style=\"background-color:rgba(0, 0, 0, 0)\" class=\"has-inline-color has-vivid-red-color\">Termin dostarczania prac przed\u0142u\u017cony do 30 kwietnia (wtorek)<\/mark><\/strong><\/p>\n\n\n\n<p>Ka\u017cdy uczestnik mo\u017ce uczestniczy\u0107 we wszystkich kategoriach konkursu.<\/p>\n\n\n\n<p>Zg\u0142oszenia nades\u0142ane po terminie nie b\u0119d\u0105 bra\u0142y udzia\u0142u w konkursie.<\/p>\n\n\n\n<p>Zg\u0142oszenia wraz z pracami prosimy wysy\u0142a\u0107 na adres&nbsp;<a href=\"mailto:ekologia@sp1.kielce.eu\">ekologia@sp1.kielce.eu<\/a><\/p>\n\n\n\n<p>Organizatorzy konkursu:<br>dyr. \u017baneta Szczepaniak<br>Piotr Surma<br>Agnieszka Baran<br>Dorota Broni\u015b<br>Dariusz St\u0119pie\u0144<br>Marzena Kwiecie\u0144<br>Ma\u0142gorzata Walczak<\/p>\n\n\n\n<p><a href=\"http:\/\/sp1.kielce.eu\/wp-content\/uploads\/2023\/01\/oswiadczenie-zgoda2023-ekologia.docx\">Zgoda rodzic\u00f3w\/opiekun\u00f3w prawnych na udzia\u0142 dziecka w konkursie<\/a><br><strong>Prosimy o zapoznanie si\u0119 z regulaminem konkursu:<\/strong><\/p>\n\n\n\n<div data-wp-interactive=\"core\/file\" class=\"wp-block-file\"><object data-wp-bind--hidden=\"!state.hasPdfPreview\" hidden class=\"wp-block-file__embed\" data=\"http:\/\/sp1.kielce.eu\/wp-content\/uploads\/2024\/03\/ekologia-regulamin.pdf\" type=\"application\/pdf\" style=\"width:100%;height:600px\" aria-label=\"Osadzone z ekologia-regulamin.\"><\/object><a id=\"wp-block-file--media-0deeb2e9-0adf-45e1-ab4c-813ea0482dcc\" href=\"http:\/\/sp1.kielce.eu\/wp-content\/uploads\/2024\/03\/ekologia-regulamin.pdf\">ekologia-regulamin<\/a><a href=\"http:\/\/sp1.kielce.eu\/wp-content\/uploads\/2024\/03\/ekologia-regulamin.pdf\" class=\"wp-block-file__button wp-element-button\" download aria-describedby=\"wp-block-file--media-0deeb2e9-0adf-45e1-ab4c-813ea0482dcc\">Pobierz<\/a><\/div>\n","protected":false},"excerpt":{"rendered":"<p>Serdecznie zapraszamy do wzi\u0119cia udzia\u0142u w konkursie \u201eZ EKOLOGI\u0104 ZA PAN BRAT\u201d odbywaj\u0105cego si\u0119 od [&hellip;]<\/p>\n","protected":false},"author":4,"featured_media":33310,"comment_status":"closed","ping_status":"","sticky":false,"template":"","format":"standard","meta":{"footnotes":""},"categories":[1],"tags":[],"class_list":["post-33316","post","type-post","status-publish","format-standard","has-post-thumbnail","hentry","category-bez-kategorii"],"_links":{"self":[{"href":"https:\/\/sp1.kielce.eu\/index.php\/wp-json\/wp\/v2\/posts\/33316","targetHints":{"allow":["GET"]}}],"collection":[{"href":"https:\/\/sp1.kielce.eu\/index.php\/wp-json\/wp\/v2\/posts"}],"about":[{"href":"https:\/\/sp1.kielce.eu\/index.php\/wp-json\/wp\/v2\/types\/post"}],"author":[{"embeddable":true,"href":"https:\/\/sp1.kielce.eu\/index.php\/wp-json\/wp\/v2\/users\/4"}],"replies":[{"embeddable":true,"href":"https:\/\/sp1.kielce.eu\/index.php\/wp-json\/wp\/v2\/comments?post=33316"}],"version-history":[{"count":4,"href":"https:\/\/sp1.kielce.eu\/index.php\/wp-json\/wp\/v2\/posts\/33316\/revisions"}],"predecessor-version":[{"id":33899,"href":"https:\/\/sp1.kielce.eu\/index.php\/wp-json\/wp\/v2\/posts\/33316\/revisions\/33899"}],"wp:featuredmedia":[{"embeddable":true,"href":"https:\/\/sp1.kielce.eu\/index.php\/wp-json\/wp\/v2\/media\/33310"}],"wp:attachment":[{"href":"https:\/\/sp1.kielce.eu\/index.php\/wp-json\/wp\/v2\/media?parent=33316"}],"wp:term":[{"taxonomy":"category","embeddable":true,"href":"https:\/\/sp1.kielce.eu\/index.php\/wp-json\/wp\/v2\/categories?post=33316"},{"taxonomy":"post_tag","embeddable":true,"href":"https:\/\/sp1.kielce.eu\/index.php\/wp-json\/wp\/v2\/tags?post=33316"}],"curies":[{"name":"wp","href":"https:\/\/api.w.org\/{rel}","templated":true}]}}