{"id":32928,"date":"2024-02-08T00:42:09","date_gmt":"2024-02-07T23:42:09","guid":{"rendered":"http:\/\/sp1.kielce.eu\/?p=32928"},"modified":"2024-02-08T00:42:09","modified_gmt":"2024-02-07T23:42:09","slug":"uroczystosc-z-okazji-dnia-babci-i-dziadka-w-wykonaniu-uczniow-klas-drugich","status":"publish","type":"post","link":"https:\/\/sp1.kielce.eu\/index.php\/2024\/02\/08\/uroczystosc-z-okazji-dnia-babci-i-dziadka-w-wykonaniu-uczniow-klas-drugich\/","title":{"rendered":"Uroczysto\u015b\u0107 z okazji Dnia Babci i Dziadka w wykonaniu uczni\u00f3w klas drugich"},"content":{"rendered":"\n<p>2 lutego 2024 roku uczniowie klas drugich zaprosili do szko\u0142y babcie i&nbsp;dziadk\u00f3w aby podzi\u0119kowa\u0107 im za ich dobro oraz wyrazi\u0107 swoj\u0105 mi\u0142o\u015b\u0107. Z&nbsp;tej okazji dzieci przygotowa\u0142y uroczyst\u0105 Familiad\u0119, w&nbsp;kt\u00f3rej wyst\u0105pi\u0142y dru\u017cyny babci Klementyny i&nbsp;dziadka Kleofasa. Na pocz\u0105tek g\u0142\u00f3wny prowadz\u0105cy przedstawi\u0142 swoich pomocnik\u00f3w \u2013 \u201ewnuk\u00f3w\u201d: Klar\u0119 i&nbsp;Bernarda. Potyczki dru\u017cyn by\u0142y urozmaicone wierszykami o&nbsp;babciach i&nbsp;dziadkach, piosenkami Anny Jantar, \u017cartobliwymi reklamami oraz przepi\u0119knym ta\u0144cem. Zachwyt widowni za ka\u017cdym razem wzbudza\u0142a Rzepka, kt\u00f3rej pojawienie si\u0119 na scenie zapowiada\u0142o kolejn\u0105 rund\u0119.<br>Na wyst\u0119pie go\u015bcili\u015bmy r\u00f3wnie\u017c dyrekcj\u0119 naszej szko\u0142y, kt\u00f3ra podzi\u0119kowa\u0142a uczniom za przepi\u0119kny program artystyczny oraz z\u0142o\u017cy\u0142a \u017cyczenia babciom i&nbsp;dziadkom z&nbsp;okazji ich \u015bwi\u0119ta. Wyst\u0119p ma\u0142ych aktor\u00f3w wprawi\u0142 wszystkich w&nbsp;radosny nastr\u00f3j, pojawi\u0142y si\u0119 tak\u017ce \u0142zy wzruszenia. Wnucz\u0119ta zosta\u0142y nagrodzone gromkimi brawami, po czym uda\u0142y si\u0119 do swoich bab\u0107 i&nbsp;dziadk\u00f3w z&nbsp;\u017cyczeniami i&nbsp;w\u0142asnor\u0119cznie wykonanymi upominkami.<\/p>\n\n\n\n<p>Podczas uroczysto\u015bci zosta\u0142 u\u017cyty sprz\u0119t zakupiony w&nbsp;ramach programu Laboratoria Przysz\u0142o\u015bci.<\/p>\n\n\n\n<p class=\"has-text-align-right\">Kinga Kozie\u0142<br>Iwona Delipacy<br>Agnieszka Siwek<\/p>\n\n\n\n<figure class=\"wp-block-gallery has-nested-images columns-default is-cropped wp-block-gallery-1 is-layout-flex wp-block-gallery-is-layout-flex\">\n<figure class=\"wp-block-image size-large\"><a href=\"http:\/\/sp1.kielce.eu\/wp-content\/uploads\/2024\/02\/IMG-20240202-WA0001-Copy.jpg\"><img loading=\"lazy\" decoding=\"async\" width=\"1200\" height=\"900\" data-id=\"32931\" src=\"http:\/\/sp1.kielce.eu\/wp-content\/uploads\/2024\/02\/IMG-20240202-WA0001-Copy.jpg\" alt=\"\" class=\"wp-image-32931\" srcset=\"https:\/\/sp1.kielce.eu\/wp-content\/uploads\/2024\/02\/IMG-20240202-WA0001-Copy.jpg 1200w, https:\/\/sp1.kielce.eu\/wp-content\/uploads\/2024\/02\/IMG-20240202-WA0001-Copy-300x225.jpg 300w, https:\/\/sp1.kielce.eu\/wp-content\/uploads\/2024\/02\/IMG-20240202-WA0001-Copy-768x576.jpg 768w, https:\/\/sp1.kielce.eu\/wp-content\/uploads\/2024\/02\/IMG-20240202-WA0001-Copy-820x615.jpg 820w\" sizes=\"auto, (max-width: 1200px) 100vw, 1200px\" \/><\/a><\/figure>\n\n\n\n<figure class=\"wp-block-image size-large\"><a href=\"http:\/\/sp1.kielce.eu\/wp-content\/uploads\/2024\/02\/IMG-20240202-WA0003-Copy.jpg\"><img loading=\"lazy\" decoding=\"async\" width=\"1200\" height=\"900\" data-id=\"32934\" src=\"http:\/\/sp1.kielce.eu\/wp-content\/uploads\/2024\/02\/IMG-20240202-WA0003-Copy.jpg\" alt=\"\" class=\"wp-image-32934\" srcset=\"https:\/\/sp1.kielce.eu\/wp-content\/uploads\/2024\/02\/IMG-20240202-WA0003-Copy.jpg 1200w, https:\/\/sp1.kielce.eu\/wp-content\/uploads\/2024\/02\/IMG-20240202-WA0003-Copy-300x225.jpg 300w, https:\/\/sp1.kielce.eu\/wp-content\/uploads\/2024\/02\/IMG-20240202-WA0003-Copy-768x576.jpg 768w, https:\/\/sp1.kielce.eu\/wp-content\/uploads\/2024\/02\/IMG-20240202-WA0003-Copy-820x615.jpg 820w\" sizes=\"auto, (max-width: 1200px) 100vw, 1200px\" \/><\/a><\/figure>\n\n\n\n<figure class=\"wp-block-image size-large\"><a href=\"http:\/\/sp1.kielce.eu\/wp-content\/uploads\/2024\/02\/IMG-20240202-WA0004-Copy.jpg\"><img loading=\"lazy\" decoding=\"async\" width=\"1200\" height=\"900\" data-id=\"32930\" src=\"http:\/\/sp1.kielce.eu\/wp-content\/uploads\/2024\/02\/IMG-20240202-WA0004-Copy.jpg\" alt=\"\" class=\"wp-image-32930\" srcset=\"https:\/\/sp1.kielce.eu\/wp-content\/uploads\/2024\/02\/IMG-20240202-WA0004-Copy.jpg 1200w, https:\/\/sp1.kielce.eu\/wp-content\/uploads\/2024\/02\/IMG-20240202-WA0004-Copy-300x225.jpg 300w, https:\/\/sp1.kielce.eu\/wp-content\/uploads\/2024\/02\/IMG-20240202-WA0004-Copy-768x576.jpg 768w, https:\/\/sp1.kielce.eu\/wp-content\/uploads\/2024\/02\/IMG-20240202-WA0004-Copy-820x615.jpg 820w\" sizes=\"auto, (max-width: 1200px) 100vw, 1200px\" \/><\/a><\/figure>\n\n\n\n<figure class=\"wp-block-image size-large\"><a href=\"http:\/\/sp1.kielce.eu\/wp-content\/uploads\/2024\/02\/IMG-20240202-WA0006-Copy.jpg\"><img loading=\"lazy\" decoding=\"async\" width=\"1200\" height=\"900\" data-id=\"32937\" src=\"http:\/\/sp1.kielce.eu\/wp-content\/uploads\/2024\/02\/IMG-20240202-WA0006-Copy.jpg\" alt=\"\" class=\"wp-image-32937\" srcset=\"https:\/\/sp1.kielce.eu\/wp-content\/uploads\/2024\/02\/IMG-20240202-WA0006-Copy.jpg 1200w, https:\/\/sp1.kielce.eu\/wp-content\/uploads\/2024\/02\/IMG-20240202-WA0006-Copy-300x225.jpg 300w, https:\/\/sp1.kielce.eu\/wp-content\/uploads\/2024\/02\/IMG-20240202-WA0006-Copy-768x576.jpg 768w, https:\/\/sp1.kielce.eu\/wp-content\/uploads\/2024\/02\/IMG-20240202-WA0006-Copy-820x615.jpg 820w\" sizes=\"auto, (max-width: 1200px) 100vw, 1200px\" \/><\/a><\/figure>\n\n\n\n<figure class=\"wp-block-image size-large\"><a href=\"http:\/\/sp1.kielce.eu\/wp-content\/uploads\/2024\/02\/IMG-20240202-WA0009-Copy.jpg\"><img loading=\"lazy\" decoding=\"async\" width=\"1200\" height=\"675\" data-id=\"32932\" src=\"http:\/\/sp1.kielce.eu\/wp-content\/uploads\/2024\/02\/IMG-20240202-WA0009-Copy.jpg\" alt=\"\" class=\"wp-image-32932\" srcset=\"https:\/\/sp1.kielce.eu\/wp-content\/uploads\/2024\/02\/IMG-20240202-WA0009-Copy.jpg 1200w, https:\/\/sp1.kielce.eu\/wp-content\/uploads\/2024\/02\/IMG-20240202-WA0009-Copy-300x169.jpg 300w, https:\/\/sp1.kielce.eu\/wp-content\/uploads\/2024\/02\/IMG-20240202-WA0009-Copy-768x432.jpg 768w, https:\/\/sp1.kielce.eu\/wp-content\/uploads\/2024\/02\/IMG-20240202-WA0009-Copy-820x461.jpg 820w\" sizes=\"auto, (max-width: 1200px) 100vw, 1200px\" \/><\/a><\/figure>\n\n\n\n<figure class=\"wp-block-image size-large\"><a href=\"http:\/\/sp1.kielce.eu\/wp-content\/uploads\/2024\/02\/IMG-20240203-WA0006-Copy.jpg\"><img loading=\"lazy\" decoding=\"async\" width=\"1200\" height=\"675\" data-id=\"32933\" src=\"http:\/\/sp1.kielce.eu\/wp-content\/uploads\/2024\/02\/IMG-20240203-WA0006-Copy.jpg\" alt=\"\" class=\"wp-image-32933\" srcset=\"https:\/\/sp1.kielce.eu\/wp-content\/uploads\/2024\/02\/IMG-20240203-WA0006-Copy.jpg 1200w, https:\/\/sp1.kielce.eu\/wp-content\/uploads\/2024\/02\/IMG-20240203-WA0006-Copy-300x169.jpg 300w, https:\/\/sp1.kielce.eu\/wp-content\/uploads\/2024\/02\/IMG-20240203-WA0006-Copy-768x432.jpg 768w, https:\/\/sp1.kielce.eu\/wp-content\/uploads\/2024\/02\/IMG-20240203-WA0006-Copy-820x461.jpg 820w\" sizes=\"auto, (max-width: 1200px) 100vw, 1200px\" \/><\/a><\/figure>\n\n\n\n<figure class=\"wp-block-image size-large\"><a href=\"http:\/\/sp1.kielce.eu\/wp-content\/uploads\/2024\/02\/IMG-20240203-WA0009-Copy.jpg\"><img loading=\"lazy\" decoding=\"async\" width=\"1200\" height=\"675\" data-id=\"32935\" src=\"http:\/\/sp1.kielce.eu\/wp-content\/uploads\/2024\/02\/IMG-20240203-WA0009-Copy.jpg\" alt=\"\" class=\"wp-image-32935\" srcset=\"https:\/\/sp1.kielce.eu\/wp-content\/uploads\/2024\/02\/IMG-20240203-WA0009-Copy.jpg 1200w, https:\/\/sp1.kielce.eu\/wp-content\/uploads\/2024\/02\/IMG-20240203-WA0009-Copy-300x169.jpg 300w, https:\/\/sp1.kielce.eu\/wp-content\/uploads\/2024\/02\/IMG-20240203-WA0009-Copy-768x432.jpg 768w, https:\/\/sp1.kielce.eu\/wp-content\/uploads\/2024\/02\/IMG-20240203-WA0009-Copy-820x461.jpg 820w\" sizes=\"auto, (max-width: 1200px) 100vw, 1200px\" \/><\/a><\/figure>\n\n\n\n<figure class=\"wp-block-image size-large\"><a href=\"http:\/\/sp1.kielce.eu\/wp-content\/uploads\/2024\/02\/IMG-20240203-WA0010-Copy.jpg\"><img loading=\"lazy\" decoding=\"async\" width=\"1200\" height=\"675\" data-id=\"32938\" src=\"http:\/\/sp1.kielce.eu\/wp-content\/uploads\/2024\/02\/IMG-20240203-WA0010-Copy.jpg\" alt=\"\" class=\"wp-image-32938\" srcset=\"https:\/\/sp1.kielce.eu\/wp-content\/uploads\/2024\/02\/IMG-20240203-WA0010-Copy.jpg 1200w, https:\/\/sp1.kielce.eu\/wp-content\/uploads\/2024\/02\/IMG-20240203-WA0010-Copy-300x169.jpg 300w, https:\/\/sp1.kielce.eu\/wp-content\/uploads\/2024\/02\/IMG-20240203-WA0010-Copy-768x432.jpg 768w, https:\/\/sp1.kielce.eu\/wp-content\/uploads\/2024\/02\/IMG-20240203-WA0010-Copy-820x461.jpg 820w\" sizes=\"auto, (max-width: 1200px) 100vw, 1200px\" \/><\/a><\/figure>\n\n\n\n<figure class=\"wp-block-image size-large\"><a href=\"http:\/\/sp1.kielce.eu\/wp-content\/uploads\/2024\/02\/IMG-20240203-WA0014-Copy.jpg\"><img loading=\"lazy\" decoding=\"async\" width=\"1200\" height=\"675\" data-id=\"32936\" src=\"http:\/\/sp1.kielce.eu\/wp-content\/uploads\/2024\/02\/IMG-20240203-WA0014-Copy.jpg\" alt=\"\" class=\"wp-image-32936\" srcset=\"https:\/\/sp1.kielce.eu\/wp-content\/uploads\/2024\/02\/IMG-20240203-WA0014-Copy.jpg 1200w, https:\/\/sp1.kielce.eu\/wp-content\/uploads\/2024\/02\/IMG-20240203-WA0014-Copy-300x169.jpg 300w, https:\/\/sp1.kielce.eu\/wp-content\/uploads\/2024\/02\/IMG-20240203-WA0014-Copy-768x432.jpg 768w, https:\/\/sp1.kielce.eu\/wp-content\/uploads\/2024\/02\/IMG-20240203-WA0014-Copy-820x461.jpg 820w\" sizes=\"auto, (max-width: 1200px) 100vw, 1200px\" \/><\/a><\/figure>\n<\/figure>\n\n\n\n<p><\/p>\n\n\n\n<p><\/p>\n\n\n\n<figure class=\"wp-block-video\"><video controls src=\"http:\/\/sp1.kielce.eu\/wp-content\/uploads\/2024\/02\/dobry1.mp4\"><\/video><\/figure>\n","protected":false},"excerpt":{"rendered":"<p>2 lutego 2024 roku uczniowie klas drugich zaprosili do szko\u0142y babcie i&nbsp;dziadk\u00f3w aby podzi\u0119kowa\u0107 im [&hellip;]<\/p>\n","protected":false},"author":13,"featured_media":32939,"comment_status":"closed","ping_status":"","sticky":false,"template":"","format":"standard","meta":{"footnotes":""},"categories":[36],"tags":[],"class_list":["post-32928","post","type-post","status-publish","format-standard","has-post-thumbnail","hentry","category-wydarzenia"],"_links":{"self":[{"href":"https:\/\/sp1.kielce.eu\/index.php\/wp-json\/wp\/v2\/posts\/32928","targetHints":{"allow":["GET"]}}],"collection":[{"href":"https:\/\/sp1.kielce.eu\/index.php\/wp-json\/wp\/v2\/posts"}],"about":[{"href":"https:\/\/sp1.kielce.eu\/index.php\/wp-json\/wp\/v2\/types\/post"}],"author":[{"embeddable":true,"href":"https:\/\/sp1.kielce.eu\/index.php\/wp-json\/wp\/v2\/users\/13"}],"replies":[{"embeddable":true,"href":"https:\/\/sp1.kielce.eu\/index.php\/wp-json\/wp\/v2\/comments?post=32928"}],"version-history":[{"count":5,"href":"https:\/\/sp1.kielce.eu\/index.php\/wp-json\/wp\/v2\/posts\/32928\/revisions"}],"predecessor-version":[{"id":32944,"href":"https:\/\/sp1.kielce.eu\/index.php\/wp-json\/wp\/v2\/posts\/32928\/revisions\/32944"}],"wp:featuredmedia":[{"embeddable":true,"href":"https:\/\/sp1.kielce.eu\/index.php\/wp-json\/wp\/v2\/media\/32939"}],"wp:attachment":[{"href":"https:\/\/sp1.kielce.eu\/index.php\/wp-json\/wp\/v2\/media?parent=32928"}],"wp:term":[{"taxonomy":"category","embeddable":true,"href":"https:\/\/sp1.kielce.eu\/index.php\/wp-json\/wp\/v2\/categories?post=32928"},{"taxonomy":"post_tag","embeddable":true,"href":"https:\/\/sp1.kielce.eu\/index.php\/wp-json\/wp\/v2\/tags?post=32928"}],"curies":[{"name":"wp","href":"https:\/\/api.w.org\/{rel}","templated":true}]}}