{"id":32859,"date":"2024-02-06T10:14:30","date_gmt":"2024-02-06T09:14:30","guid":{"rendered":"http:\/\/sp1.kielce.eu\/?p=32859"},"modified":"2024-03-08T12:54:47","modified_gmt":"2024-03-08T11:54:47","slug":"mistrzostwa-kielc-w-pilce-noznej-halowej-chlopcow-klas-vii-viii","status":"publish","type":"post","link":"https:\/\/sp1.kielce.eu\/index.php\/2024\/02\/06\/mistrzostwa-kielc-w-pilce-noznej-halowej-chlopcow-klas-vii-viii\/","title":{"rendered":"MISTRZOSTWA KIELC W PI\u0141CE NO\u017bNEJ HALOWEJ CH\u0141OPC\u00d3W KLAS VII-VIII."},"content":{"rendered":"\n<p>W dniu 17.01. 2024 r . w Szkole Podstawowej nr. 25&nbsp;&nbsp;w Kielcach zosta\u0142y rozegrane fina\u0142y MISTRZOSTW KIELC W PI\u0141CE NO\u017bNEJ HALOWEJ CH\u0141OPC\u00d3W KLAS VII-VIII.<\/p>\n\n\n\n<p>Nasz\u0105 szko\u0142\u0119 reprezentowali uczniowie : Maksymilian Cioroch, Dawid Rozmus, Wiktor Gawior, Filip Wojniak, Piotr Wijas, Borys Bujak, Dmytro Turianchyk, Bartosz Toporowski.<\/p>\n\n\n\n<p>Ch\u0142opcy\u00a0<strong>zaj\u0119li IV miejsce\u00a0<\/strong>w tych Mistrzostwach Kielc w pi\u0142ce no\u017cnej halowej.<\/p>\n\n\n\n<p>Gratuluj\u0119 zdobycia medalu&nbsp; i \u017cycz\u0119 kolejnych sukces\u00f3w sportowych.<\/p>\n\n\n\n<p>Opiekun<\/p>\n\n\n\n<p>Grzegorz Ko\u0142oma\u0144ski<\/p>\n\n\n\n<figure class=\"wp-block-gallery has-nested-images columns-default is-cropped wp-block-gallery-1 is-layout-flex wp-block-gallery-is-layout-flex\">\n<figure class=\"wp-block-image size-large\"><a href=\"http:\/\/sp1.kielce.eu\/wp-content\/uploads\/2024\/02\/20240117_131824.jpg\"><img loading=\"lazy\" decoding=\"async\" width=\"1280\" height=\"577\" data-id=\"32860\" src=\"http:\/\/sp1.kielce.eu\/wp-content\/uploads\/2024\/02\/20240117_131824.jpg\" alt=\"\" class=\"wp-image-32860\" srcset=\"https:\/\/sp1.kielce.eu\/wp-content\/uploads\/2024\/02\/20240117_131824.jpg 1280w, https:\/\/sp1.kielce.eu\/wp-content\/uploads\/2024\/02\/20240117_131824-300x135.jpg 300w, https:\/\/sp1.kielce.eu\/wp-content\/uploads\/2024\/02\/20240117_131824-768x346.jpg 768w, https:\/\/sp1.kielce.eu\/wp-content\/uploads\/2024\/02\/20240117_131824-820x370.jpg 820w\" sizes=\"auto, (max-width: 1280px) 100vw, 1280px\" \/><\/a><\/figure>\n\n\n\n<figure class=\"wp-block-image size-large\"><a href=\"http:\/\/sp1.kielce.eu\/wp-content\/uploads\/2024\/02\/20240117_140245.jpg\"><img loading=\"lazy\" decoding=\"async\" width=\"1280\" height=\"577\" data-id=\"32863\" src=\"http:\/\/sp1.kielce.eu\/wp-content\/uploads\/2024\/02\/20240117_140245.jpg\" alt=\"\" class=\"wp-image-32863\" srcset=\"https:\/\/sp1.kielce.eu\/wp-content\/uploads\/2024\/02\/20240117_140245.jpg 1280w, https:\/\/sp1.kielce.eu\/wp-content\/uploads\/2024\/02\/20240117_140245-300x135.jpg 300w, https:\/\/sp1.kielce.eu\/wp-content\/uploads\/2024\/02\/20240117_140245-768x346.jpg 768w, https:\/\/sp1.kielce.eu\/wp-content\/uploads\/2024\/02\/20240117_140245-820x370.jpg 820w\" sizes=\"auto, (max-width: 1280px) 100vw, 1280px\" \/><\/a><\/figure>\n\n\n\n<figure class=\"wp-block-image size-large\"><a href=\"http:\/\/sp1.kielce.eu\/wp-content\/uploads\/2024\/02\/20240117_135636.jpg\"><img loading=\"lazy\" decoding=\"async\" width=\"1280\" height=\"577\" data-id=\"32861\" src=\"http:\/\/sp1.kielce.eu\/wp-content\/uploads\/2024\/02\/20240117_135636.jpg\" alt=\"\" class=\"wp-image-32861\" srcset=\"https:\/\/sp1.kielce.eu\/wp-content\/uploads\/2024\/02\/20240117_135636.jpg 1280w, https:\/\/sp1.kielce.eu\/wp-content\/uploads\/2024\/02\/20240117_135636-300x135.jpg 300w, https:\/\/sp1.kielce.eu\/wp-content\/uploads\/2024\/02\/20240117_135636-768x346.jpg 768w, https:\/\/sp1.kielce.eu\/wp-content\/uploads\/2024\/02\/20240117_135636-820x370.jpg 820w\" sizes=\"auto, (max-width: 1280px) 100vw, 1280px\" \/><\/a><\/figure>\n\n\n\n<figure class=\"wp-block-image size-large\"><a href=\"http:\/\/sp1.kielce.eu\/wp-content\/uploads\/2024\/02\/20240117_135559.jpg\"><img loading=\"lazy\" decoding=\"async\" width=\"1280\" height=\"577\" data-id=\"32862\" src=\"http:\/\/sp1.kielce.eu\/wp-content\/uploads\/2024\/02\/20240117_135559.jpg\" alt=\"\" class=\"wp-image-32862\" srcset=\"https:\/\/sp1.kielce.eu\/wp-content\/uploads\/2024\/02\/20240117_135559.jpg 1280w, https:\/\/sp1.kielce.eu\/wp-content\/uploads\/2024\/02\/20240117_135559-300x135.jpg 300w, https:\/\/sp1.kielce.eu\/wp-content\/uploads\/2024\/02\/20240117_135559-768x346.jpg 768w, https:\/\/sp1.kielce.eu\/wp-content\/uploads\/2024\/02\/20240117_135559-820x370.jpg 820w\" sizes=\"auto, (max-width: 1280px) 100vw, 1280px\" \/><\/a><\/figure>\n\n\n\n<figure class=\"wp-block-image size-large\"><a href=\"http:\/\/sp1.kielce.eu\/wp-content\/uploads\/2024\/02\/20240117_131841.jpg\"><img loading=\"lazy\" decoding=\"async\" width=\"1280\" height=\"577\" data-id=\"32864\" src=\"http:\/\/sp1.kielce.eu\/wp-content\/uploads\/2024\/02\/20240117_131841.jpg\" alt=\"\" class=\"wp-image-32864\" srcset=\"https:\/\/sp1.kielce.eu\/wp-content\/uploads\/2024\/02\/20240117_131841.jpg 1280w, https:\/\/sp1.kielce.eu\/wp-content\/uploads\/2024\/02\/20240117_131841-300x135.jpg 300w, https:\/\/sp1.kielce.eu\/wp-content\/uploads\/2024\/02\/20240117_131841-768x346.jpg 768w, https:\/\/sp1.kielce.eu\/wp-content\/uploads\/2024\/02\/20240117_131841-820x370.jpg 820w\" sizes=\"auto, (max-width: 1280px) 100vw, 1280px\" \/><\/a><\/figure>\n<\/figure>\n","protected":false},"excerpt":{"rendered":"<p>W dniu 17.01. 2024 r . w Szkole Podstawowej nr. 25&nbsp;&nbsp;w Kielcach zosta\u0142y rozegrane fina\u0142y [&hellip;]<\/p>\n","protected":false},"author":5,"featured_media":32864,"comment_status":"closed","ping_status":"","sticky":false,"template":"","format":"standard","meta":{"footnotes":""},"categories":[36,11],"tags":[],"class_list":["post-32859","post","type-post","status-publish","format-standard","has-post-thumbnail","hentry","category-wydarzenia","category-zawody-sportowe"],"_links":{"self":[{"href":"https:\/\/sp1.kielce.eu\/index.php\/wp-json\/wp\/v2\/posts\/32859","targetHints":{"allow":["GET"]}}],"collection":[{"href":"https:\/\/sp1.kielce.eu\/index.php\/wp-json\/wp\/v2\/posts"}],"about":[{"href":"https:\/\/sp1.kielce.eu\/index.php\/wp-json\/wp\/v2\/types\/post"}],"author":[{"embeddable":true,"href":"https:\/\/sp1.kielce.eu\/index.php\/wp-json\/wp\/v2\/users\/5"}],"replies":[{"embeddable":true,"href":"https:\/\/sp1.kielce.eu\/index.php\/wp-json\/wp\/v2\/comments?post=32859"}],"version-history":[{"count":2,"href":"https:\/\/sp1.kielce.eu\/index.php\/wp-json\/wp\/v2\/posts\/32859\/revisions"}],"predecessor-version":[{"id":33377,"href":"https:\/\/sp1.kielce.eu\/index.php\/wp-json\/wp\/v2\/posts\/32859\/revisions\/33377"}],"wp:featuredmedia":[{"embeddable":true,"href":"https:\/\/sp1.kielce.eu\/index.php\/wp-json\/wp\/v2\/media\/32864"}],"wp:attachment":[{"href":"https:\/\/sp1.kielce.eu\/index.php\/wp-json\/wp\/v2\/media?parent=32859"}],"wp:term":[{"taxonomy":"category","embeddable":true,"href":"https:\/\/sp1.kielce.eu\/index.php\/wp-json\/wp\/v2\/categories?post=32859"},{"taxonomy":"post_tag","embeddable":true,"href":"https:\/\/sp1.kielce.eu\/index.php\/wp-json\/wp\/v2\/tags?post=32859"}],"curies":[{"name":"wp","href":"https:\/\/api.w.org\/{rel}","templated":true}]}}