{"id":32853,"date":"2024-02-06T08:39:48","date_gmt":"2024-02-06T07:39:48","guid":{"rendered":"http:\/\/sp1.kielce.eu\/?p=32853"},"modified":"2024-02-06T08:51:01","modified_gmt":"2024-02-06T07:51:01","slug":"zdrowe-odzywianie-w-klasie-iiic","status":"publish","type":"post","link":"https:\/\/sp1.kielce.eu\/index.php\/2024\/02\/06\/zdrowe-odzywianie-w-klasie-iiic\/","title":{"rendered":"Zdrowe od\u017cywianie w klasie IIIc"},"content":{"rendered":"\n<p>Realizuj\u0105c tematyk\u0119 zdrowego, racjonalnego od\u017cywiania uczniowie przygotowali swoje ulubione sa\u0142atki. Przed przyst\u0105pieniem do pracy, przypomniane zosta\u0142y zasady zdrowego od\u017cywiania oraz zasady higieny. Po na\u0142o\u017ceniu fartuszk\u00f3w, umyciu r\u0105k uczniowie przyst\u0105pili do obierania i krojenia produkt\u00f3w. Wychowawczyni czuwa\u0142a nad bezpiecze\u0144stwem dzieci podczas u\u017cywania no\u017cy. Uczniowie zwracali uwag\u0119 nie tylko na walory smakowe , ale r\u00f3wnie\u017c na estetyk\u0119 podania sa\u0142atki. Zaj\u0119cia sprawi\u0142y dzieciom du\u017co rado\u015bci!<\/p>\n\n\n\n<p>Klaudia Gola -wychowawca klasy<\/p>\n\n\n\n<figure class=\"wp-block-video\"><video controls src=\"http:\/\/sp1.kielce.eu\/wp-content\/uploads\/2024\/02\/IMG_1169_0_compressed_2024_02_05_212639.mov\"><\/video><\/figure>\n","protected":false},"excerpt":{"rendered":"<p>Realizuj\u0105c tematyk\u0119 zdrowego, racjonalnego od\u017cywiania uczniowie przygotowali swoje ulubione sa\u0142atki. Przed przyst\u0105pieniem do pracy, przypomniane [&hellip;]<\/p>\n","protected":false},"author":14,"featured_media":32855,"comment_status":"closed","ping_status":"","sticky":false,"template":"","format":"standard","meta":{"footnotes":""},"categories":[36],"tags":[],"class_list":["post-32853","post","type-post","status-publish","format-standard","has-post-thumbnail","hentry","category-wydarzenia"],"_links":{"self":[{"href":"https:\/\/sp1.kielce.eu\/index.php\/wp-json\/wp\/v2\/posts\/32853","targetHints":{"allow":["GET"]}}],"collection":[{"href":"https:\/\/sp1.kielce.eu\/index.php\/wp-json\/wp\/v2\/posts"}],"about":[{"href":"https:\/\/sp1.kielce.eu\/index.php\/wp-json\/wp\/v2\/types\/post"}],"author":[{"embeddable":true,"href":"https:\/\/sp1.kielce.eu\/index.php\/wp-json\/wp\/v2\/users\/14"}],"replies":[{"embeddable":true,"href":"https:\/\/sp1.kielce.eu\/index.php\/wp-json\/wp\/v2\/comments?post=32853"}],"version-history":[{"count":2,"href":"https:\/\/sp1.kielce.eu\/index.php\/wp-json\/wp\/v2\/posts\/32853\/revisions"}],"predecessor-version":[{"id":32857,"href":"https:\/\/sp1.kielce.eu\/index.php\/wp-json\/wp\/v2\/posts\/32853\/revisions\/32857"}],"wp:featuredmedia":[{"embeddable":true,"href":"https:\/\/sp1.kielce.eu\/index.php\/wp-json\/wp\/v2\/media\/32855"}],"wp:attachment":[{"href":"https:\/\/sp1.kielce.eu\/index.php\/wp-json\/wp\/v2\/media?parent=32853"}],"wp:term":[{"taxonomy":"category","embeddable":true,"href":"https:\/\/sp1.kielce.eu\/index.php\/wp-json\/wp\/v2\/categories?post=32853"},{"taxonomy":"post_tag","embeddable":true,"href":"https:\/\/sp1.kielce.eu\/index.php\/wp-json\/wp\/v2\/tags?post=32853"}],"curies":[{"name":"wp","href":"https:\/\/api.w.org\/{rel}","templated":true}]}}