{"id":32788,"date":"2024-01-31T21:14:48","date_gmt":"2024-01-31T20:14:48","guid":{"rendered":"http:\/\/sp1.kielce.eu\/?p=32788"},"modified":"2024-01-31T21:14:48","modified_gmt":"2024-01-31T20:14:48","slug":"wycieczka-do-kina-moskwa","status":"publish","type":"post","link":"https:\/\/sp1.kielce.eu\/index.php\/2024\/01\/31\/wycieczka-do-kina-moskwa\/","title":{"rendered":"Wycieczka do kina Moskwa"},"content":{"rendered":"\n<p>W dniu 29.01.2024 klasy 3a i 3b wybra\u0142y si\u0119 do kina Moskwa na film \u201eAkademia Pana Kleksa\u201d.Po przybyciu na miejsce uczniowie kupili popcorn i zaj\u0119li miejsca w sali kinowej. Nast\u0119pnie zgas\u0142y \u015bwiat\u0142a i rozpocz\u0105\u0142 si\u0119 seans filmowy. Film przeni\u00f3s\u0142\u00a0 uczni\u00f3w w \u015bwiat wyobra\u017ani i fantazji, pokazuj\u0105c, \u017ce ka\u017cdy ma w sobie co\u015b wyj\u0105tkowego do odkrycia. To historia, kt\u00f3ra uczy nas, \u017ce zawsze warto by\u0107 sob\u0105 i nie ba\u0107 si\u0119 marzy\u0107. Film porusza\u0142 wa\u017cne tematy, takie jak akceptacja siebie i innych, szacunek dla r\u00f3\u017cnorodno\u015bci oraz rozwijanie swoich talent\u00f3w i pasji.\u00a0To by\u0142o niezwyk\u0142e prze\u017cycie. Widownia \u017cywo\u00a0 reagowa\u0142a na bohater\u00f3w. Emocje zwi\u0105zane z filmem zosta\u0142y do p\u00f3\u017anego popo\u0142udnia.<\/p>\n\n\n\n<p class=\"has-text-align-right\">M. Okopie\u0144<br>A. Pustu\u0142a<br>A. Szcze\u015bniak<br>M. Malarczyk<\/p>\n\n\n\n<figure class=\"wp-block-gallery has-nested-images columns-default is-cropped wp-block-gallery-1 is-layout-flex wp-block-gallery-is-layout-flex\">\n<figure class=\"wp-block-image size-large\"><a href=\"http:\/\/sp1.kielce.eu\/wp-content\/uploads\/2024\/01\/1706520049635-Copy.jpg\"><img loading=\"lazy\" decoding=\"async\" width=\"678\" height=\"900\" data-id=\"32791\" src=\"http:\/\/sp1.kielce.eu\/wp-content\/uploads\/2024\/01\/1706520049635-Copy.jpg\" alt=\"\" class=\"wp-image-32791\" srcset=\"https:\/\/sp1.kielce.eu\/wp-content\/uploads\/2024\/01\/1706520049635-Copy.jpg 678w, https:\/\/sp1.kielce.eu\/wp-content\/uploads\/2024\/01\/1706520049635-Copy-226x300.jpg 226w\" sizes=\"auto, (max-width: 678px) 100vw, 678px\" \/><\/a><\/figure>\n\n\n\n<figure class=\"wp-block-image size-large\"><a href=\"http:\/\/sp1.kielce.eu\/wp-content\/uploads\/2024\/01\/1706520049643-Copy.jpg\"><img loading=\"lazy\" decoding=\"async\" width=\"678\" height=\"900\" data-id=\"32789\" src=\"http:\/\/sp1.kielce.eu\/wp-content\/uploads\/2024\/01\/1706520049643-Copy.jpg\" alt=\"\" class=\"wp-image-32789\" srcset=\"https:\/\/sp1.kielce.eu\/wp-content\/uploads\/2024\/01\/1706520049643-Copy.jpg 678w, https:\/\/sp1.kielce.eu\/wp-content\/uploads\/2024\/01\/1706520049643-Copy-226x300.jpg 226w\" sizes=\"auto, (max-width: 678px) 100vw, 678px\" \/><\/a><\/figure>\n\n\n\n<figure class=\"wp-block-image size-large\"><a href=\"http:\/\/sp1.kielce.eu\/wp-content\/uploads\/2024\/01\/1706520049651-Copy.jpg\"><img loading=\"lazy\" decoding=\"async\" width=\"678\" height=\"900\" data-id=\"32790\" src=\"http:\/\/sp1.kielce.eu\/wp-content\/uploads\/2024\/01\/1706520049651-Copy.jpg\" alt=\"\" class=\"wp-image-32790\" srcset=\"https:\/\/sp1.kielce.eu\/wp-content\/uploads\/2024\/01\/1706520049651-Copy.jpg 678w, https:\/\/sp1.kielce.eu\/wp-content\/uploads\/2024\/01\/1706520049651-Copy-226x300.jpg 226w\" sizes=\"auto, (max-width: 678px) 100vw, 678px\" \/><\/a><\/figure>\n<\/figure>\n","protected":false},"excerpt":{"rendered":"<p>W dniu 29.01.2024 klasy 3a i 3b wybra\u0142y si\u0119 do kina Moskwa na film \u201eAkademia [&hellip;]<\/p>\n","protected":false},"author":13,"featured_media":32792,"comment_status":"closed","ping_status":"","sticky":false,"template":"","format":"standard","meta":{"footnotes":""},"categories":[36,3],"tags":[],"class_list":["post-32788","post","type-post","status-publish","format-standard","has-post-thumbnail","hentry","category-wydarzenia","category-wycieczki"],"_links":{"self":[{"href":"https:\/\/sp1.kielce.eu\/index.php\/wp-json\/wp\/v2\/posts\/32788","targetHints":{"allow":["GET"]}}],"collection":[{"href":"https:\/\/sp1.kielce.eu\/index.php\/wp-json\/wp\/v2\/posts"}],"about":[{"href":"https:\/\/sp1.kielce.eu\/index.php\/wp-json\/wp\/v2\/types\/post"}],"author":[{"embeddable":true,"href":"https:\/\/sp1.kielce.eu\/index.php\/wp-json\/wp\/v2\/users\/13"}],"replies":[{"embeddable":true,"href":"https:\/\/sp1.kielce.eu\/index.php\/wp-json\/wp\/v2\/comments?post=32788"}],"version-history":[{"count":2,"href":"https:\/\/sp1.kielce.eu\/index.php\/wp-json\/wp\/v2\/posts\/32788\/revisions"}],"predecessor-version":[{"id":32794,"href":"https:\/\/sp1.kielce.eu\/index.php\/wp-json\/wp\/v2\/posts\/32788\/revisions\/32794"}],"wp:featuredmedia":[{"embeddable":true,"href":"https:\/\/sp1.kielce.eu\/index.php\/wp-json\/wp\/v2\/media\/32792"}],"wp:attachment":[{"href":"https:\/\/sp1.kielce.eu\/index.php\/wp-json\/wp\/v2\/media?parent=32788"}],"wp:term":[{"taxonomy":"category","embeddable":true,"href":"https:\/\/sp1.kielce.eu\/index.php\/wp-json\/wp\/v2\/categories?post=32788"},{"taxonomy":"post_tag","embeddable":true,"href":"https:\/\/sp1.kielce.eu\/index.php\/wp-json\/wp\/v2\/tags?post=32788"}],"curies":[{"name":"wp","href":"https:\/\/api.w.org\/{rel}","templated":true}]}}