{"id":32769,"date":"2024-01-31T11:04:47","date_gmt":"2024-01-31T10:04:47","guid":{"rendered":"http:\/\/sp1.kielce.eu\/?p=32769"},"modified":"2024-01-31T11:04:47","modified_gmt":"2024-01-31T10:04:47","slug":"piernikowe-serca-klasy-3c","status":"publish","type":"post","link":"https:\/\/sp1.kielce.eu\/index.php\/2024\/01\/31\/piernikowe-serca-klasy-3c\/","title":{"rendered":"Piernikowe serca klasy 3c"},"content":{"rendered":"\n<p>Uczniowie klasy 3c wraz z wychowawc\u0105 zaanga\u017cowali si\u0119 w<br>tegoroczn\u0105&nbsp;inicjatyw\u0119&nbsp;organizowan\u0105 przez Wolontariat hospicyjny Caritas Kielce \u2013&nbsp;\u201eSerce dla<br>Hospicjum\u201d. Uczniowie przygotowali bardzo wiele piernik\u00f3w w kszta\u0142cie serca , kt\u00f3re<br>pos\u0142u\u017c\u0105 jako \u201ecegie\u0142ki\u201d na Hospicjum \u015bw. Matki Teresy z Kalkuty w Kielcach. Dzieci wypieka\u0142y<br>pierniczki w domach, za\u015b w szkole zaj\u0119\u0142y si\u0119 dekorowaniem ich. Zdobienie serc sprawi\u0142o im<br>wiele przyjemno\u015bci, co mo\u017cna zobaczy\u0107 na za\u0142\u0105czonych zdj\u0119ciach.<\/p>\n\n\n\n<p>Wychowawca klasy Klaudia Gola<\/p>\n\n\n\n<figure class=\"wp-block-gallery has-nested-images columns-default is-cropped wp-block-gallery-1 is-layout-flex wp-block-gallery-is-layout-flex\">\n<figure class=\"wp-block-image size-large\"><img loading=\"lazy\" decoding=\"async\" width=\"384\" height=\"480\" data-id=\"32770\" src=\"http:\/\/sp1.kielce.eu\/wp-content\/uploads\/2024\/01\/IMG_1093-Copy.jpeg\" alt=\"\" class=\"wp-image-32770\" srcset=\"https:\/\/sp1.kielce.eu\/wp-content\/uploads\/2024\/01\/IMG_1093-Copy.jpeg 384w, https:\/\/sp1.kielce.eu\/wp-content\/uploads\/2024\/01\/IMG_1093-Copy-240x300.jpeg 240w\" sizes=\"auto, (max-width: 384px) 100vw, 384px\" \/><\/figure>\n\n\n\n<figure class=\"wp-block-image size-large\"><img loading=\"lazy\" decoding=\"async\" width=\"384\" height=\"480\" data-id=\"32771\" src=\"http:\/\/sp1.kielce.eu\/wp-content\/uploads\/2024\/01\/IMG_1094-Copy.jpeg\" alt=\"\" class=\"wp-image-32771\" srcset=\"https:\/\/sp1.kielce.eu\/wp-content\/uploads\/2024\/01\/IMG_1094-Copy.jpeg 384w, https:\/\/sp1.kielce.eu\/wp-content\/uploads\/2024\/01\/IMG_1094-Copy-240x300.jpeg 240w\" sizes=\"auto, (max-width: 384px) 100vw, 384px\" \/><\/figure>\n\n\n\n<figure class=\"wp-block-image size-large\"><img loading=\"lazy\" decoding=\"async\" width=\"384\" height=\"480\" data-id=\"32772\" src=\"http:\/\/sp1.kielce.eu\/wp-content\/uploads\/2024\/01\/IMG_1095-Copy.jpeg\" alt=\"\" class=\"wp-image-32772\" srcset=\"https:\/\/sp1.kielce.eu\/wp-content\/uploads\/2024\/01\/IMG_1095-Copy.jpeg 384w, https:\/\/sp1.kielce.eu\/wp-content\/uploads\/2024\/01\/IMG_1095-Copy-240x300.jpeg 240w\" sizes=\"auto, (max-width: 384px) 100vw, 384px\" \/><\/figure>\n\n\n\n<figure class=\"wp-block-image size-large\"><img loading=\"lazy\" decoding=\"async\" width=\"384\" height=\"480\" data-id=\"32773\" src=\"http:\/\/sp1.kielce.eu\/wp-content\/uploads\/2024\/01\/IMG_1099-Copy.jpeg\" alt=\"\" class=\"wp-image-32773\" srcset=\"https:\/\/sp1.kielce.eu\/wp-content\/uploads\/2024\/01\/IMG_1099-Copy.jpeg 384w, https:\/\/sp1.kielce.eu\/wp-content\/uploads\/2024\/01\/IMG_1099-Copy-240x300.jpeg 240w\" sizes=\"auto, (max-width: 384px) 100vw, 384px\" \/><\/figure>\n<\/figure>\n","protected":false},"excerpt":{"rendered":"<p>Uczniowie klasy 3c wraz z wychowawc\u0105 zaanga\u017cowali si\u0119 wtegoroczn\u0105&nbsp;inicjatyw\u0119&nbsp;organizowan\u0105 przez Wolontariat hospicyjny Caritas Kielce \u2013&nbsp;\u201eSerce [&hellip;]<\/p>\n","protected":false},"author":14,"featured_media":32773,"comment_status":"closed","ping_status":"","sticky":false,"template":"","format":"standard","meta":{"footnotes":""},"categories":[36],"tags":[],"class_list":["post-32769","post","type-post","status-publish","format-standard","has-post-thumbnail","hentry","category-wydarzenia"],"_links":{"self":[{"href":"https:\/\/sp1.kielce.eu\/index.php\/wp-json\/wp\/v2\/posts\/32769","targetHints":{"allow":["GET"]}}],"collection":[{"href":"https:\/\/sp1.kielce.eu\/index.php\/wp-json\/wp\/v2\/posts"}],"about":[{"href":"https:\/\/sp1.kielce.eu\/index.php\/wp-json\/wp\/v2\/types\/post"}],"author":[{"embeddable":true,"href":"https:\/\/sp1.kielce.eu\/index.php\/wp-json\/wp\/v2\/users\/14"}],"replies":[{"embeddable":true,"href":"https:\/\/sp1.kielce.eu\/index.php\/wp-json\/wp\/v2\/comments?post=32769"}],"version-history":[{"count":1,"href":"https:\/\/sp1.kielce.eu\/index.php\/wp-json\/wp\/v2\/posts\/32769\/revisions"}],"predecessor-version":[{"id":32774,"href":"https:\/\/sp1.kielce.eu\/index.php\/wp-json\/wp\/v2\/posts\/32769\/revisions\/32774"}],"wp:featuredmedia":[{"embeddable":true,"href":"https:\/\/sp1.kielce.eu\/index.php\/wp-json\/wp\/v2\/media\/32773"}],"wp:attachment":[{"href":"https:\/\/sp1.kielce.eu\/index.php\/wp-json\/wp\/v2\/media?parent=32769"}],"wp:term":[{"taxonomy":"category","embeddable":true,"href":"https:\/\/sp1.kielce.eu\/index.php\/wp-json\/wp\/v2\/categories?post=32769"},{"taxonomy":"post_tag","embeddable":true,"href":"https:\/\/sp1.kielce.eu\/index.php\/wp-json\/wp\/v2\/tags?post=32769"}],"curies":[{"name":"wp","href":"https:\/\/api.w.org\/{rel}","templated":true}]}}