{"id":32755,"date":"2024-01-31T08:30:56","date_gmt":"2024-01-31T07:30:56","guid":{"rendered":"http:\/\/sp1.kielce.eu\/?p=32755"},"modified":"2024-01-31T08:30:56","modified_gmt":"2024-01-31T07:30:56","slug":"wyjscie-integracyjne-klasy-8a","status":"publish","type":"post","link":"https:\/\/sp1.kielce.eu\/index.php\/2024\/01\/31\/wyjscie-integracyjne-klasy-8a\/","title":{"rendered":"Wyj\u015bcie integracyjne klasy 8a\u00a0"},"content":{"rendered":"\n<p>Dnia 25.01.2024 klasa 8a wraz z wychowawc\u0105 uda\u0142a si\u0119 na spektakl \u201eProjekt Mickiewicz\u201d, zawieraj\u0105cy utwory, b\u0105d\u017a fragmenty utwor\u00f3w wieszcza zawarte w podstawie programowej. Przedstawienie by\u0142o nie tylko doskona\u0142\u0105 okazj\u0105 do us\u0142yszenia Mickiewicza, ale tak\u017ce do p\u00f3\u017aniejszej rozmowy na temat interpretacji utwor\u00f3w. Nast\u0119pnie poszli\u015bmy do kina gdzie uczniowie obejrzeli najnowsz\u0105, uwsp\u00f3\u0142cze\u015bnion\u0105 ekranizacj\u0119 bajki Brzechwy \u201eAkademia Pana Kleksa\u201d. Film okaza\u0142 si\u0119&nbsp;urzekaj\u0105c\u0105&nbsp;opowie\u015bci\u0105&nbsp;o dorastaniu, pokonywaniu s\u0142abo\u015bci, sile wsp\u00f3\u0142dzia\u0142ania i mocy fantazji.<\/p>\n\n\n\n<p>Anna Mazur<\/p>\n\n\n\n<figure class=\"wp-block-gallery has-nested-images columns-default is-cropped wp-block-gallery-1 is-layout-flex wp-block-gallery-is-layout-flex\">\n<figure class=\"wp-block-image size-large\"><a href=\"http:\/\/sp1.kielce.eu\/wp-content\/uploads\/2024\/01\/IMG20240125084531.jpg\"><img loading=\"lazy\" decoding=\"async\" width=\"1280\" height=\"576\" data-id=\"32757\" src=\"http:\/\/sp1.kielce.eu\/wp-content\/uploads\/2024\/01\/IMG20240125084531.jpg\" alt=\"\" class=\"wp-image-32757\" srcset=\"https:\/\/sp1.kielce.eu\/wp-content\/uploads\/2024\/01\/IMG20240125084531.jpg 1280w, https:\/\/sp1.kielce.eu\/wp-content\/uploads\/2024\/01\/IMG20240125084531-300x135.jpg 300w, https:\/\/sp1.kielce.eu\/wp-content\/uploads\/2024\/01\/IMG20240125084531-768x346.jpg 768w, https:\/\/sp1.kielce.eu\/wp-content\/uploads\/2024\/01\/IMG20240125084531-820x369.jpg 820w\" sizes=\"auto, (max-width: 1280px) 100vw, 1280px\" \/><\/a><\/figure>\n\n\n\n<figure class=\"wp-block-image size-large\"><a href=\"http:\/\/sp1.kielce.eu\/wp-content\/uploads\/2024\/01\/IMG20240125093731.jpg\"><img loading=\"lazy\" decoding=\"async\" width=\"1280\" height=\"576\" data-id=\"32756\" src=\"http:\/\/sp1.kielce.eu\/wp-content\/uploads\/2024\/01\/IMG20240125093731.jpg\" alt=\"\" class=\"wp-image-32756\" srcset=\"https:\/\/sp1.kielce.eu\/wp-content\/uploads\/2024\/01\/IMG20240125093731.jpg 1280w, https:\/\/sp1.kielce.eu\/wp-content\/uploads\/2024\/01\/IMG20240125093731-300x135.jpg 300w, https:\/\/sp1.kielce.eu\/wp-content\/uploads\/2024\/01\/IMG20240125093731-768x346.jpg 768w, https:\/\/sp1.kielce.eu\/wp-content\/uploads\/2024\/01\/IMG20240125093731-820x369.jpg 820w\" sizes=\"auto, (max-width: 1280px) 100vw, 1280px\" \/><\/a><\/figure>\n\n\n\n<figure class=\"wp-block-image size-large\"><a href=\"http:\/\/sp1.kielce.eu\/wp-content\/uploads\/2024\/01\/IMG20240125103436-scaled.jpg\"><img loading=\"lazy\" decoding=\"async\" width=\"405\" height=\"900\" data-id=\"32758\" src=\"http:\/\/sp1.kielce.eu\/wp-content\/uploads\/2024\/01\/IMG20240125103436-405x900.jpg\" alt=\"\" class=\"wp-image-32758\" srcset=\"https:\/\/sp1.kielce.eu\/wp-content\/uploads\/2024\/01\/IMG20240125103436-405x900.jpg 405w, https:\/\/sp1.kielce.eu\/wp-content\/uploads\/2024\/01\/IMG20240125103436-135x300.jpg 135w, https:\/\/sp1.kielce.eu\/wp-content\/uploads\/2024\/01\/IMG20240125103436-768x1706.jpg 768w, https:\/\/sp1.kielce.eu\/wp-content\/uploads\/2024\/01\/IMG20240125103436-691x1536.jpg 691w, https:\/\/sp1.kielce.eu\/wp-content\/uploads\/2024\/01\/IMG20240125103436-922x2048.jpg 922w, https:\/\/sp1.kielce.eu\/wp-content\/uploads\/2024\/01\/IMG20240125103436-820x1822.jpg 820w, https:\/\/sp1.kielce.eu\/wp-content\/uploads\/2024\/01\/IMG20240125103436-scaled.jpg 1152w\" sizes=\"auto, (max-width: 405px) 100vw, 405px\" \/><\/a><\/figure>\n<\/figure>\n","protected":false},"excerpt":{"rendered":"<p>Dnia 25.01.2024 klasa 8a wraz z wychowawc\u0105 uda\u0142a si\u0119 na spektakl \u201eProjekt Mickiewicz\u201d, zawieraj\u0105cy utwory, [&hellip;]<\/p>\n","protected":false},"author":5,"featured_media":32758,"comment_status":"closed","ping_status":"","sticky":false,"template":"","format":"standard","meta":{"footnotes":""},"categories":[36],"tags":[],"class_list":["post-32755","post","type-post","status-publish","format-standard","has-post-thumbnail","hentry","category-wydarzenia"],"_links":{"self":[{"href":"https:\/\/sp1.kielce.eu\/index.php\/wp-json\/wp\/v2\/posts\/32755","targetHints":{"allow":["GET"]}}],"collection":[{"href":"https:\/\/sp1.kielce.eu\/index.php\/wp-json\/wp\/v2\/posts"}],"about":[{"href":"https:\/\/sp1.kielce.eu\/index.php\/wp-json\/wp\/v2\/types\/post"}],"author":[{"embeddable":true,"href":"https:\/\/sp1.kielce.eu\/index.php\/wp-json\/wp\/v2\/users\/5"}],"replies":[{"embeddable":true,"href":"https:\/\/sp1.kielce.eu\/index.php\/wp-json\/wp\/v2\/comments?post=32755"}],"version-history":[{"count":1,"href":"https:\/\/sp1.kielce.eu\/index.php\/wp-json\/wp\/v2\/posts\/32755\/revisions"}],"predecessor-version":[{"id":32759,"href":"https:\/\/sp1.kielce.eu\/index.php\/wp-json\/wp\/v2\/posts\/32755\/revisions\/32759"}],"wp:featuredmedia":[{"embeddable":true,"href":"https:\/\/sp1.kielce.eu\/index.php\/wp-json\/wp\/v2\/media\/32758"}],"wp:attachment":[{"href":"https:\/\/sp1.kielce.eu\/index.php\/wp-json\/wp\/v2\/media?parent=32755"}],"wp:term":[{"taxonomy":"category","embeddable":true,"href":"https:\/\/sp1.kielce.eu\/index.php\/wp-json\/wp\/v2\/categories?post=32755"},{"taxonomy":"post_tag","embeddable":true,"href":"https:\/\/sp1.kielce.eu\/index.php\/wp-json\/wp\/v2\/tags?post=32755"}],"curies":[{"name":"wp","href":"https:\/\/api.w.org\/{rel}","templated":true}]}}