{"id":32672,"date":"2023-12-22T20:14:15","date_gmt":"2023-12-22T19:14:15","guid":{"rendered":"http:\/\/sp1.kielce.eu\/?p=32672"},"modified":"2024-01-22T20:23:49","modified_gmt":"2024-01-22T19:23:49","slug":"to-juz-pora-na-wigilie-to-juz-czas","status":"publish","type":"post","link":"https:\/\/sp1.kielce.eu\/index.php\/2023\/12\/22\/to-juz-pora-na-wigilie-to-juz-czas\/","title":{"rendered":"\u201eTo ju\u017c pora na Wigili\u0119,\u00a0 to ju\u017c czas\u2026\u201d\u00a0\u00a0\u00a0\u00a0\u00a0"},"content":{"rendered":"\n<p>Pierwszoklasi\u015bci z wielkim przej\u0119ciem wzi\u0119li udzia\u0142 w swojej pierwszej klasowej Wigilii, poprzedzonej udzia\u0142em w szkolnych jase\u0142kach.<\/p>\n\n\n\n<p>Od\u015bwi\u0119tnie ubrani, zgromadzeni wok\u00f3\u0142 wsp\u00f3lnie nakrytego sto\u0142u sk\u0142adali sobie pierwszy raz najpi\u0119kniejsze \u015bwi\u0105teczne \u017cyczenia. By\u0142 czas na przepyszne symboliczne wigilijne potrawy, na \u015bpiewanie kol\u0119d\u2026<\/p>\n\n\n\n<p class=\"has-text-align-right\">&nbsp;&nbsp;&nbsp;&nbsp;&nbsp;&nbsp;&nbsp;&nbsp;&nbsp;&nbsp;&nbsp;&nbsp;&nbsp;&nbsp;&nbsp;&nbsp;&nbsp;&nbsp;&nbsp;&nbsp;&nbsp;&nbsp;&nbsp;&nbsp;&nbsp;&nbsp;&nbsp;&nbsp;&nbsp;&nbsp;&nbsp;&nbsp;&nbsp;&nbsp;&nbsp;&nbsp;&nbsp;&nbsp;&nbsp;&nbsp;&nbsp;&nbsp;&nbsp;&nbsp;&nbsp;&nbsp;&nbsp;&nbsp;&nbsp;&nbsp;&nbsp;&nbsp;&nbsp;&nbsp;&nbsp;&nbsp;&nbsp;&nbsp;&nbsp;&nbsp;&nbsp;&nbsp;&nbsp;&nbsp;&nbsp;&nbsp;&nbsp;&nbsp; Wychowawcy klas I<\/p>\n\n\n\n<figure class=\"wp-block-gallery has-nested-images columns-default is-cropped wp-block-gallery-1 is-layout-flex wp-block-gallery-is-layout-flex\">\n<figure class=\"wp-block-image size-large\"><a href=\"http:\/\/sp1.kielce.eu\/wp-content\/uploads\/2024\/01\/Fotoram.io11-Copy.jpg\"><img loading=\"lazy\" decoding=\"async\" width=\"900\" height=\"900\" data-id=\"32674\" src=\"http:\/\/sp1.kielce.eu\/wp-content\/uploads\/2024\/01\/Fotoram.io11-Copy.jpg\" alt=\"\" class=\"wp-image-32674\" srcset=\"https:\/\/sp1.kielce.eu\/wp-content\/uploads\/2024\/01\/Fotoram.io11-Copy.jpg 900w, https:\/\/sp1.kielce.eu\/wp-content\/uploads\/2024\/01\/Fotoram.io11-Copy-300x300.jpg 300w, https:\/\/sp1.kielce.eu\/wp-content\/uploads\/2024\/01\/Fotoram.io11-Copy-150x150.jpg 150w, https:\/\/sp1.kielce.eu\/wp-content\/uploads\/2024\/01\/Fotoram.io11-Copy-768x768.jpg 768w, https:\/\/sp1.kielce.eu\/wp-content\/uploads\/2024\/01\/Fotoram.io11-Copy-820x820.jpg 820w\" sizes=\"auto, (max-width: 900px) 100vw, 900px\" \/><\/a><\/figure>\n\n\n\n<figure class=\"wp-block-image size-large\"><a href=\"http:\/\/sp1.kielce.eu\/wp-content\/uploads\/2024\/01\/Fotoram.io12-Copy.jpg\"><img loading=\"lazy\" decoding=\"async\" width=\"900\" height=\"900\" data-id=\"32673\" src=\"http:\/\/sp1.kielce.eu\/wp-content\/uploads\/2024\/01\/Fotoram.io12-Copy.jpg\" alt=\"\" class=\"wp-image-32673\" srcset=\"https:\/\/sp1.kielce.eu\/wp-content\/uploads\/2024\/01\/Fotoram.io12-Copy.jpg 900w, https:\/\/sp1.kielce.eu\/wp-content\/uploads\/2024\/01\/Fotoram.io12-Copy-300x300.jpg 300w, https:\/\/sp1.kielce.eu\/wp-content\/uploads\/2024\/01\/Fotoram.io12-Copy-150x150.jpg 150w, https:\/\/sp1.kielce.eu\/wp-content\/uploads\/2024\/01\/Fotoram.io12-Copy-768x768.jpg 768w, https:\/\/sp1.kielce.eu\/wp-content\/uploads\/2024\/01\/Fotoram.io12-Copy-820x820.jpg 820w\" sizes=\"auto, (max-width: 900px) 100vw, 900px\" \/><\/a><\/figure>\n\n\n\n<figure class=\"wp-block-image size-large\"><a href=\"http:\/\/sp1.kielce.eu\/wp-content\/uploads\/2024\/01\/WIGILIA-Copy.png\"><img loading=\"lazy\" decoding=\"async\" width=\"922\" height=\"900\" data-id=\"32675\" src=\"http:\/\/sp1.kielce.eu\/wp-content\/uploads\/2024\/01\/WIGILIA-Copy.png\" alt=\"\" class=\"wp-image-32675\" srcset=\"https:\/\/sp1.kielce.eu\/wp-content\/uploads\/2024\/01\/WIGILIA-Copy.png 922w, https:\/\/sp1.kielce.eu\/wp-content\/uploads\/2024\/01\/WIGILIA-Copy-300x293.png 300w, https:\/\/sp1.kielce.eu\/wp-content\/uploads\/2024\/01\/WIGILIA-Copy-768x750.png 768w, https:\/\/sp1.kielce.eu\/wp-content\/uploads\/2024\/01\/WIGILIA-Copy-820x800.png 820w\" sizes=\"auto, (max-width: 922px) 100vw, 922px\" \/><\/a><\/figure>\n<\/figure>\n","protected":false},"excerpt":{"rendered":"<p>Pierwszoklasi\u015bci z wielkim przej\u0119ciem wzi\u0119li udzia\u0142 w swojej pierwszej klasowej Wigilii, poprzedzonej udzia\u0142em w szkolnych [&hellip;]<\/p>\n","protected":false},"author":13,"featured_media":32676,"comment_status":"closed","ping_status":"","sticky":false,"template":"","format":"standard","meta":{"footnotes":""},"categories":[36],"tags":[],"class_list":["post-32672","post","type-post","status-publish","format-standard","has-post-thumbnail","hentry","category-wydarzenia"],"_links":{"self":[{"href":"https:\/\/sp1.kielce.eu\/index.php\/wp-json\/wp\/v2\/posts\/32672","targetHints":{"allow":["GET"]}}],"collection":[{"href":"https:\/\/sp1.kielce.eu\/index.php\/wp-json\/wp\/v2\/posts"}],"about":[{"href":"https:\/\/sp1.kielce.eu\/index.php\/wp-json\/wp\/v2\/types\/post"}],"author":[{"embeddable":true,"href":"https:\/\/sp1.kielce.eu\/index.php\/wp-json\/wp\/v2\/users\/13"}],"replies":[{"embeddable":true,"href":"https:\/\/sp1.kielce.eu\/index.php\/wp-json\/wp\/v2\/comments?post=32672"}],"version-history":[{"count":1,"href":"https:\/\/sp1.kielce.eu\/index.php\/wp-json\/wp\/v2\/posts\/32672\/revisions"}],"predecessor-version":[{"id":32677,"href":"https:\/\/sp1.kielce.eu\/index.php\/wp-json\/wp\/v2\/posts\/32672\/revisions\/32677"}],"wp:featuredmedia":[{"embeddable":true,"href":"https:\/\/sp1.kielce.eu\/index.php\/wp-json\/wp\/v2\/media\/32676"}],"wp:attachment":[{"href":"https:\/\/sp1.kielce.eu\/index.php\/wp-json\/wp\/v2\/media?parent=32672"}],"wp:term":[{"taxonomy":"category","embeddable":true,"href":"https:\/\/sp1.kielce.eu\/index.php\/wp-json\/wp\/v2\/categories?post=32672"},{"taxonomy":"post_tag","embeddable":true,"href":"https:\/\/sp1.kielce.eu\/index.php\/wp-json\/wp\/v2\/tags?post=32672"}],"curies":[{"name":"wp","href":"https:\/\/api.w.org\/{rel}","templated":true}]}}