{"id":32637,"date":"2024-01-22T08:41:47","date_gmt":"2024-01-22T07:41:47","guid":{"rendered":"http:\/\/sp1.kielce.eu\/?p=32637"},"modified":"2024-01-22T08:41:47","modified_gmt":"2024-01-22T07:41:47","slug":"podziekowanie-za-udzial-w-akcji-charytatywnej-paczuszka-dla-maluszka","status":"publish","type":"post","link":"https:\/\/sp1.kielce.eu\/index.php\/2024\/01\/22\/podziekowanie-za-udzial-w-akcji-charytatywnej-paczuszka-dla-maluszka\/","title":{"rendered":"Podzi\u0119kowanie za udzia\u0142 w akcji charytatywnej \u201ePaczuszka dla Maluszka\u201d!"},"content":{"rendered":"\n<p><strong>Dobrze, \u017ce uda\u0142o si\u0119 nam pom\u00f3c Maluszkom!<\/strong><\/p>\n\n\n\n<p>Dzi\u0119kujemy Wszystkim, kt\u00f3rzy tak hojnie, od serca w\u0142\u0105czyli si\u0119<br>w ostatni\u0105 akcj\u0119 charytatywn\u0105 \u201ePaczuszka dla Maluszka\u201d!<\/p>\n\n\n\n<p>Dzi\u0119kujemy wszystkim osobom, kt\u00f3rzy przynie\u015bli <strong>paczk\u0119 z artyku\u0142ami higienicznymi<\/strong>, r\u00f3\u017cne proszki, p\u0142yny do prania, kremy, szampony, oliwki, pieluchy, myd\u0142a<strong> i zostawili to, wszystko pod nasz\u0105 szkoln\u0105 choink\u0105<\/strong>.<\/p>\n\n\n\n<p>Oto lista ofiarodawc\u00f3w paczuszek dla Maluszk\u00f3w:&nbsp;<\/p>\n\n\n\n<ol class=\"wp-block-list\">\n<li>Filip \u0141abuz &#8211; 4a<\/li>\n\n\n\n<li>Gabrysia Sza\u0142as &#8211; 4b<\/li>\n\n\n\n<li>Klasa 1a<\/li>\n\n\n\n<li>Maja, Ola, Hania i Ma\u0142gorzata Ulrich<\/li>\n\n\n\n<li>Karol Prajsnar&nbsp; &#8211; 7a<\/li>\n\n\n\n<li>Kacper Le\u017co\u0144 &#8211; 7a<\/li>\n\n\n\n<li>Franek Banasik &#8211; 7b<\/li>\n\n\n\n<li>Zofia Mazur &#8211; 4a<\/li>\n\n\n\n<li>Klasa 2b<\/li>\n\n\n\n<li>Patrycja Pacak &#8211; 1c<\/li>\n\n\n\n<li>Igor Zatelmajer &#8211; 7b<\/li>\n\n\n\n<li>Filip Zi\u0119tal &#8211; 4b<\/li>\n\n\n\n<li>Hubert Kierku\u015b &#8211; 3a<\/li>\n<\/ol>\n\n\n\n<p>Wszystko to, co zebrali\u015bmy w ramach akcji \u201ePaczuszka dla Maluszka\u201d, nasza szko\u0142a przekaza\u0142a zgodnie z wcze\u015bniejsza zapowiedzi\u0105 do: <strong>Centrum &nbsp;Administracyjnego Dom\u00f3w dla Dzieci i M\u0142odzie\u017cy w \u0141oniowie (<\/strong>link do strony plac\u00f3wki: <a href=\"https:\/\/centrumdomowloniow.naszaplacowka.pl\/\">https:\/\/centrumdomowloniow.naszaplacowka.pl\/<\/a>)<\/p>\n\n\n\n<p><strong>Dzi\u0119kujemy naszym Wolontariuszom<\/strong> za pomoc przy przenoszeniu zebranych paczuszek do samochodu transportowego do \u0141oniowa.<\/p>\n\n\n\n<p>Jako<strong> Szko\u0142a Podstawowa nr 1 im. Stanis\u0142awa Staszica w Kielcach <\/strong>otrzymali\u015bmy <strong>szczeg\u00f3lne podzi\u0119kowania od Dyrekcji Dom\u00f3w dla Dzieci<br>i M\u0142odzie\u017cy w \u0141oniowie.<\/strong><\/p>\n\n\n\n<p>I podzi\u0119kowanie z podsumowania og\u00f3lnopolskiej akcji \u201ePaczuszka dla Maluszka\u201d: <a href=\"https:\/\/www.youtube.com\/watch?v=s_7_f6J3UUo\"><strong>https:\/\/www.youtube.com\/watch?v=s_7_f6J3UUo<\/strong><\/a>(warto pos\u0142ucha\u0107<br>i zobaczy\u0107 jak wiele os\u00f3b pomaga najm\u0142odszym).<\/p>\n\n\n\n<p>Szkolne Ko\u0142o Wolontariatu \u201eJedynka\u201d,<\/p>\n\n\n\n<p>ks. Konrad Walerczak, p. Agnieszka Rycombel, p. Agnieszka Buczek,<\/p>\n\n\n\n<p>ks. Dariusz W\u0119grzyn, s. Faustyna Czajkowska<\/p>\n\n\n\n<p>Wychowawcy klas\u00a0 I-VIII<\/p>\n\n\n\n<figure class=\"wp-block-gallery has-nested-images columns-default is-cropped wp-block-gallery-1 is-layout-flex wp-block-gallery-is-layout-flex\">\n<figure class=\"wp-block-image size-large\"><a href=\"http:\/\/sp1.kielce.eu\/wp-content\/uploads\/2024\/01\/1-1.jpg\"><img loading=\"lazy\" decoding=\"async\" width=\"1200\" height=\"900\" data-id=\"32638\" src=\"http:\/\/sp1.kielce.eu\/wp-content\/uploads\/2024\/01\/1-1-1200x900.jpg\" alt=\"\" class=\"wp-image-32638\" srcset=\"https:\/\/sp1.kielce.eu\/wp-content\/uploads\/2024\/01\/1-1-1200x900.jpg 1200w, https:\/\/sp1.kielce.eu\/wp-content\/uploads\/2024\/01\/1-1-300x225.jpg 300w, https:\/\/sp1.kielce.eu\/wp-content\/uploads\/2024\/01\/1-1-768x576.jpg 768w, https:\/\/sp1.kielce.eu\/wp-content\/uploads\/2024\/01\/1-1-1536x1152.jpg 1536w, https:\/\/sp1.kielce.eu\/wp-content\/uploads\/2024\/01\/1-1-820x615.jpg 820w, https:\/\/sp1.kielce.eu\/wp-content\/uploads\/2024\/01\/1-1.jpg 2048w\" sizes=\"auto, (max-width: 1200px) 100vw, 1200px\" \/><\/a><\/figure>\n\n\n\n<figure class=\"wp-block-image size-large\"><a href=\"http:\/\/sp1.kielce.eu\/wp-content\/uploads\/2024\/01\/2-1.jpg\"><img loading=\"lazy\" decoding=\"async\" width=\"1200\" height=\"900\" data-id=\"32639\" src=\"http:\/\/sp1.kielce.eu\/wp-content\/uploads\/2024\/01\/2-1-1200x900.jpg\" alt=\"\" class=\"wp-image-32639\" srcset=\"https:\/\/sp1.kielce.eu\/wp-content\/uploads\/2024\/01\/2-1-1200x900.jpg 1200w, https:\/\/sp1.kielce.eu\/wp-content\/uploads\/2024\/01\/2-1-300x225.jpg 300w, https:\/\/sp1.kielce.eu\/wp-content\/uploads\/2024\/01\/2-1-768x576.jpg 768w, https:\/\/sp1.kielce.eu\/wp-content\/uploads\/2024\/01\/2-1-1536x1152.jpg 1536w, https:\/\/sp1.kielce.eu\/wp-content\/uploads\/2024\/01\/2-1-820x615.jpg 820w, https:\/\/sp1.kielce.eu\/wp-content\/uploads\/2024\/01\/2-1.jpg 2048w\" sizes=\"auto, (max-width: 1200px) 100vw, 1200px\" \/><\/a><\/figure>\n\n\n\n<figure class=\"wp-block-image size-large\"><a href=\"http:\/\/sp1.kielce.eu\/wp-content\/uploads\/2024\/01\/3-1.jpg\"><img loading=\"lazy\" decoding=\"async\" width=\"1200\" height=\"900\" data-id=\"32640\" src=\"http:\/\/sp1.kielce.eu\/wp-content\/uploads\/2024\/01\/3-1-1200x900.jpg\" alt=\"\" class=\"wp-image-32640\" srcset=\"https:\/\/sp1.kielce.eu\/wp-content\/uploads\/2024\/01\/3-1-1200x900.jpg 1200w, https:\/\/sp1.kielce.eu\/wp-content\/uploads\/2024\/01\/3-1-300x225.jpg 300w, https:\/\/sp1.kielce.eu\/wp-content\/uploads\/2024\/01\/3-1-768x576.jpg 768w, https:\/\/sp1.kielce.eu\/wp-content\/uploads\/2024\/01\/3-1-1536x1152.jpg 1536w, https:\/\/sp1.kielce.eu\/wp-content\/uploads\/2024\/01\/3-1-820x615.jpg 820w, https:\/\/sp1.kielce.eu\/wp-content\/uploads\/2024\/01\/3-1.jpg 2048w\" sizes=\"auto, (max-width: 1200px) 100vw, 1200px\" \/><\/a><\/figure>\n\n\n\n<figure class=\"wp-block-image size-large\"><a href=\"http:\/\/sp1.kielce.eu\/wp-content\/uploads\/2024\/01\/Zdjecie-tytulowe-Paczuszka-dla-Maluszka.jpg\"><img loading=\"lazy\" decoding=\"async\" width=\"1287\" height=\"900\" data-id=\"32641\" src=\"http:\/\/sp1.kielce.eu\/wp-content\/uploads\/2024\/01\/Zdjecie-tytulowe-Paczuszka-dla-Maluszka-1287x900.jpg\" alt=\"\" class=\"wp-image-32641\" srcset=\"https:\/\/sp1.kielce.eu\/wp-content\/uploads\/2024\/01\/Zdjecie-tytulowe-Paczuszka-dla-Maluszka-1287x900.jpg 1287w, https:\/\/sp1.kielce.eu\/wp-content\/uploads\/2024\/01\/Zdjecie-tytulowe-Paczuszka-dla-Maluszka-300x210.jpg 300w, https:\/\/sp1.kielce.eu\/wp-content\/uploads\/2024\/01\/Zdjecie-tytulowe-Paczuszka-dla-Maluszka-768x537.jpg 768w, https:\/\/sp1.kielce.eu\/wp-content\/uploads\/2024\/01\/Zdjecie-tytulowe-Paczuszka-dla-Maluszka-1536x1074.jpg 1536w, https:\/\/sp1.kielce.eu\/wp-content\/uploads\/2024\/01\/Zdjecie-tytulowe-Paczuszka-dla-Maluszka-820x573.jpg 820w, https:\/\/sp1.kielce.eu\/wp-content\/uploads\/2024\/01\/Zdjecie-tytulowe-Paczuszka-dla-Maluszka.jpg 2048w\" sizes=\"auto, (max-width: 1287px) 100vw, 1287px\" \/><\/a><\/figure>\n<\/figure>\n","protected":false},"excerpt":{"rendered":"<p>Dobrze, \u017ce uda\u0142o si\u0119 nam pom\u00f3c Maluszkom! Dzi\u0119kujemy Wszystkim, kt\u00f3rzy tak hojnie, od serca w\u0142\u0105czyli [&hellip;]<\/p>\n","protected":false},"author":5,"featured_media":32641,"comment_status":"closed","ping_status":"","sticky":false,"template":"","format":"standard","meta":{"footnotes":""},"categories":[36,163],"tags":[],"class_list":["post-32637","post","type-post","status-publish","format-standard","has-post-thumbnail","hentry","category-wydarzenia","category-skw"],"_links":{"self":[{"href":"https:\/\/sp1.kielce.eu\/index.php\/wp-json\/wp\/v2\/posts\/32637","targetHints":{"allow":["GET"]}}],"collection":[{"href":"https:\/\/sp1.kielce.eu\/index.php\/wp-json\/wp\/v2\/posts"}],"about":[{"href":"https:\/\/sp1.kielce.eu\/index.php\/wp-json\/wp\/v2\/types\/post"}],"author":[{"embeddable":true,"href":"https:\/\/sp1.kielce.eu\/index.php\/wp-json\/wp\/v2\/users\/5"}],"replies":[{"embeddable":true,"href":"https:\/\/sp1.kielce.eu\/index.php\/wp-json\/wp\/v2\/comments?post=32637"}],"version-history":[{"count":1,"href":"https:\/\/sp1.kielce.eu\/index.php\/wp-json\/wp\/v2\/posts\/32637\/revisions"}],"predecessor-version":[{"id":32642,"href":"https:\/\/sp1.kielce.eu\/index.php\/wp-json\/wp\/v2\/posts\/32637\/revisions\/32642"}],"wp:featuredmedia":[{"embeddable":true,"href":"https:\/\/sp1.kielce.eu\/index.php\/wp-json\/wp\/v2\/media\/32641"}],"wp:attachment":[{"href":"https:\/\/sp1.kielce.eu\/index.php\/wp-json\/wp\/v2\/media?parent=32637"}],"wp:term":[{"taxonomy":"category","embeddable":true,"href":"https:\/\/sp1.kielce.eu\/index.php\/wp-json\/wp\/v2\/categories?post=32637"},{"taxonomy":"post_tag","embeddable":true,"href":"https:\/\/sp1.kielce.eu\/index.php\/wp-json\/wp\/v2\/tags?post=32637"}],"curies":[{"name":"wp","href":"https:\/\/api.w.org\/{rel}","templated":true}]}}