{"id":32418,"date":"2024-01-01T19:06:00","date_gmt":"2024-01-01T18:06:00","guid":{"rendered":"http:\/\/sp1.kielce.eu\/?p=32418"},"modified":"2024-01-09T01:07:30","modified_gmt":"2024-01-09T00:07:30","slug":"spotkanie-z-rzecznikiem-praw-ucznia-w-klasie-3a","status":"publish","type":"post","link":"https:\/\/sp1.kielce.eu\/index.php\/2024\/01\/01\/spotkanie-z-rzecznikiem-praw-ucznia-w-klasie-3a\/","title":{"rendered":"Spotkanie z Rzecznikiem Praw Ucznia w klasie 3a"},"content":{"rendered":"\n<p>&nbsp;&nbsp;&nbsp;&nbsp;&nbsp;&nbsp;&nbsp;&nbsp;&nbsp;&nbsp;&nbsp; Uczniowie klasy 3a wzi\u0119li udzia\u0142 w&nbsp;spotkaniu z&nbsp;panem Remigiuszem Krzywd\u0105 \u2013 Rzecznikiem Praw Ucznia w&nbsp;Szkole Podstawowej nr&nbsp;1 w&nbsp;Kielcach. W&nbsp;pogadance nt.&nbsp;\u201ePrawa dziecka okre\u015blone w&nbsp;Konwencji o&nbsp;prawach dziecka, przyj\u0119tej przez Zgromadzenie Og\u00f3lne Narod\u00f3w Zjednoczonych, w\u0142a\u015bciwe rozumienie dobra ucznia, troski o&nbsp;jego zdrowie i&nbsp;poszanowanie godno\u015bci osobistej\u201d \u2013 zaproszony go\u015b\u0107 przybli\u017cy\u0142 trzecioklasistom te wa\u017cne zagadnienia.<\/p>\n\n\n\n<p>Wykorzystuj\u0105c, we wsp\u00f3\u0142pracy z&nbsp;katechetk\u0105 &#8211; s.&nbsp;Faustyn\u0105 Monik\u0105 Czajkowsk\u0105 narz\u0119dzia i&nbsp;materia\u0142y dost\u0119pne w&nbsp;sieci zaprosi\u0142 uczni\u00f3w do rozwi\u0105zania quizu. Dzieci bez trudu poradzi\u0142y sobie ze wszystkimi zadaniami. Na zako\u0144czenie spotkania zaprojektowa\u0142y w\u0142asn\u0105 emotikon\u0119 symbolizuj\u0105c\u0105 prawa dziecka.<\/p>\n\n\n\n<p class=\"has-text-align-right\"><em>s. Faustyna Monika Czajkowska,<br>p. Remigiusz Krzywda<\/em><\/p>\n\n\n\n<figure class=\"wp-block-gallery has-nested-images columns-default is-cropped wp-block-gallery-1 is-layout-flex wp-block-gallery-is-layout-flex\">\n<figure class=\"wp-block-image size-large\"><a href=\"http:\/\/sp1.kielce.eu\/wp-content\/uploads\/2024\/01\/Resized_20231120_083458_1758-Copy.jpeg\"><img loading=\"lazy\" decoding=\"async\" width=\"1200\" height=\"900\" data-id=\"32421\" src=\"http:\/\/sp1.kielce.eu\/wp-content\/uploads\/2024\/01\/Resized_20231120_083458_1758-Copy.jpeg\" alt=\"\" class=\"wp-image-32421\" srcset=\"https:\/\/sp1.kielce.eu\/wp-content\/uploads\/2024\/01\/Resized_20231120_083458_1758-Copy.jpeg 1200w, https:\/\/sp1.kielce.eu\/wp-content\/uploads\/2024\/01\/Resized_20231120_083458_1758-Copy-300x225.jpeg 300w, https:\/\/sp1.kielce.eu\/wp-content\/uploads\/2024\/01\/Resized_20231120_083458_1758-Copy-768x576.jpeg 768w, https:\/\/sp1.kielce.eu\/wp-content\/uploads\/2024\/01\/Resized_20231120_083458_1758-Copy-820x615.jpeg 820w\" sizes=\"auto, (max-width: 1200px) 100vw, 1200px\" \/><\/a><\/figure>\n\n\n\n<figure class=\"wp-block-image size-large\"><a href=\"http:\/\/sp1.kielce.eu\/wp-content\/uploads\/2024\/01\/Resized_20231120_083532_4284-Copy.jpeg\"><img loading=\"lazy\" decoding=\"async\" width=\"1200\" height=\"900\" data-id=\"32419\" src=\"http:\/\/sp1.kielce.eu\/wp-content\/uploads\/2024\/01\/Resized_20231120_083532_4284-Copy.jpeg\" alt=\"\" class=\"wp-image-32419\" srcset=\"https:\/\/sp1.kielce.eu\/wp-content\/uploads\/2024\/01\/Resized_20231120_083532_4284-Copy.jpeg 1200w, https:\/\/sp1.kielce.eu\/wp-content\/uploads\/2024\/01\/Resized_20231120_083532_4284-Copy-300x225.jpeg 300w, https:\/\/sp1.kielce.eu\/wp-content\/uploads\/2024\/01\/Resized_20231120_083532_4284-Copy-768x576.jpeg 768w, https:\/\/sp1.kielce.eu\/wp-content\/uploads\/2024\/01\/Resized_20231120_083532_4284-Copy-820x615.jpeg 820w\" sizes=\"auto, (max-width: 1200px) 100vw, 1200px\" \/><\/a><\/figure>\n\n\n\n<figure class=\"wp-block-image size-large\"><a href=\"http:\/\/sp1.kielce.eu\/wp-content\/uploads\/2024\/01\/Resized_20231120_083613_1828-Copy.jpeg\"><img loading=\"lazy\" decoding=\"async\" width=\"1200\" height=\"900\" data-id=\"32420\" src=\"http:\/\/sp1.kielce.eu\/wp-content\/uploads\/2024\/01\/Resized_20231120_083613_1828-Copy.jpeg\" alt=\"\" class=\"wp-image-32420\" srcset=\"https:\/\/sp1.kielce.eu\/wp-content\/uploads\/2024\/01\/Resized_20231120_083613_1828-Copy.jpeg 1200w, https:\/\/sp1.kielce.eu\/wp-content\/uploads\/2024\/01\/Resized_20231120_083613_1828-Copy-300x225.jpeg 300w, https:\/\/sp1.kielce.eu\/wp-content\/uploads\/2024\/01\/Resized_20231120_083613_1828-Copy-768x576.jpeg 768w, https:\/\/sp1.kielce.eu\/wp-content\/uploads\/2024\/01\/Resized_20231120_083613_1828-Copy-820x615.jpeg 820w\" sizes=\"auto, (max-width: 1200px) 100vw, 1200px\" \/><\/a><\/figure>\n<\/figure>\n","protected":false},"excerpt":{"rendered":"<p>&nbsp;&nbsp;&nbsp;&nbsp;&nbsp;&nbsp;&nbsp;&nbsp;&nbsp;&nbsp;&nbsp; Uczniowie klasy 3a wzi\u0119li udzia\u0142 w&nbsp;spotkaniu z&nbsp;panem Remigiuszem Krzywd\u0105 \u2013 Rzecznikiem Praw Ucznia w&nbsp;Szkole [&hellip;]<\/p>\n","protected":false},"author":13,"featured_media":32422,"comment_status":"closed","ping_status":"","sticky":false,"template":"","format":"standard","meta":{"footnotes":""},"categories":[36],"tags":[],"class_list":["post-32418","post","type-post","status-publish","format-standard","has-post-thumbnail","hentry","category-wydarzenia"],"_links":{"self":[{"href":"https:\/\/sp1.kielce.eu\/index.php\/wp-json\/wp\/v2\/posts\/32418","targetHints":{"allow":["GET"]}}],"collection":[{"href":"https:\/\/sp1.kielce.eu\/index.php\/wp-json\/wp\/v2\/posts"}],"about":[{"href":"https:\/\/sp1.kielce.eu\/index.php\/wp-json\/wp\/v2\/types\/post"}],"author":[{"embeddable":true,"href":"https:\/\/sp1.kielce.eu\/index.php\/wp-json\/wp\/v2\/users\/13"}],"replies":[{"embeddable":true,"href":"https:\/\/sp1.kielce.eu\/index.php\/wp-json\/wp\/v2\/comments?post=32418"}],"version-history":[{"count":1,"href":"https:\/\/sp1.kielce.eu\/index.php\/wp-json\/wp\/v2\/posts\/32418\/revisions"}],"predecessor-version":[{"id":32423,"href":"https:\/\/sp1.kielce.eu\/index.php\/wp-json\/wp\/v2\/posts\/32418\/revisions\/32423"}],"wp:featuredmedia":[{"embeddable":true,"href":"https:\/\/sp1.kielce.eu\/index.php\/wp-json\/wp\/v2\/media\/32422"}],"wp:attachment":[{"href":"https:\/\/sp1.kielce.eu\/index.php\/wp-json\/wp\/v2\/media?parent=32418"}],"wp:term":[{"taxonomy":"category","embeddable":true,"href":"https:\/\/sp1.kielce.eu\/index.php\/wp-json\/wp\/v2\/categories?post=32418"},{"taxonomy":"post_tag","embeddable":true,"href":"https:\/\/sp1.kielce.eu\/index.php\/wp-json\/wp\/v2\/tags?post=32418"}],"curies":[{"name":"wp","href":"https:\/\/api.w.org\/{rel}","templated":true}]}}