{"id":32415,"date":"2024-01-01T16:03:00","date_gmt":"2024-01-01T15:03:00","guid":{"rendered":"http:\/\/sp1.kielce.eu\/?p=32415"},"modified":"2024-01-09T01:04:39","modified_gmt":"2024-01-09T00:04:39","slug":"certyfikat-dla-szkoly-milion-dzieci-modli-sie-na-rozancu","status":"publish","type":"post","link":"https:\/\/sp1.kielce.eu\/index.php\/2024\/01\/01\/certyfikat-dla-szkoly-milion-dzieci-modli-sie-na-rozancu\/","title":{"rendered":"Certyfikat dla szko\u0142y &#8211; \u201eMilion Dzieci Modli si\u0119 na R\u00f3\u017ca\u0144cu\u201d"},"content":{"rendered":"\n<p>&nbsp;&nbsp;&nbsp;&nbsp;&nbsp;&nbsp;&nbsp;&nbsp;&nbsp;&nbsp;&nbsp; Mi\u0119dzynarodowe Papieskie Stowarzyszenie Pomoc Ko\u015bcio\u0142owi w&nbsp;Potrzebie co roku zaprasza parafie, grupy modlitewne, przedszkola, szko\u0142y, rodziny i&nbsp;wszystkich ludzi dobrej woli do w\u0142\u0105czenia si\u0119 w&nbsp;inicjatyw\u0119 modlitewn\u0105 \u201eMilion dzieci modli si\u0119 na R\u00f3\u017ca\u0144cu\u201d. Celem inicjatywy jest wsp\u00f3lna modlitwa o&nbsp;pok\u00f3j i&nbsp;jedno\u015b\u0107 na ca\u0142ym \u015bwiecie.<\/p>\n\n\n\n<p>&nbsp;&nbsp;&nbsp;&nbsp;&nbsp;&nbsp;&nbsp;&nbsp;&nbsp;&nbsp;&nbsp; Tak\u017ce nasza szko\u0142a realizuje to przedsi\u0119wzi\u0119cie. Dzieci uczestnicz\u0105 w&nbsp;nabo\u017ce\u0144stwach r\u00f3\u017ca\u0144cowych w&nbsp;ko\u015bciele, modl\u0105 si\u0119 w&nbsp;szkole na katechezie i&nbsp;w&nbsp;domu z&nbsp;bliskimi.<\/p>\n\n\n\n<p>&nbsp;&nbsp;&nbsp;&nbsp;&nbsp;&nbsp;&nbsp;&nbsp;&nbsp;&nbsp;&nbsp; Za udzia\u0142 w&nbsp;tegorocznej kampanii otrzymali\u015bmy certyfikat dla szko\u0142y.<\/p>\n\n\n\n<p class=\"has-text-align-right\"><em>s. Faustyna Monika Czajkowska<\/em><\/p>\n","protected":false},"excerpt":{"rendered":"<p>&nbsp;&nbsp;&nbsp;&nbsp;&nbsp;&nbsp;&nbsp;&nbsp;&nbsp;&nbsp;&nbsp; Mi\u0119dzynarodowe Papieskie Stowarzyszenie Pomoc Ko\u015bcio\u0142owi w&nbsp;Potrzebie co roku zaprasza parafie, grupy modlitewne, przedszkola, szko\u0142y, [&hellip;]<\/p>\n","protected":false},"author":13,"featured_media":32416,"comment_status":"closed","ping_status":"","sticky":false,"template":"","format":"standard","meta":{"footnotes":""},"categories":[36],"tags":[],"class_list":["post-32415","post","type-post","status-publish","format-standard","has-post-thumbnail","hentry","category-wydarzenia"],"_links":{"self":[{"href":"https:\/\/sp1.kielce.eu\/index.php\/wp-json\/wp\/v2\/posts\/32415","targetHints":{"allow":["GET"]}}],"collection":[{"href":"https:\/\/sp1.kielce.eu\/index.php\/wp-json\/wp\/v2\/posts"}],"about":[{"href":"https:\/\/sp1.kielce.eu\/index.php\/wp-json\/wp\/v2\/types\/post"}],"author":[{"embeddable":true,"href":"https:\/\/sp1.kielce.eu\/index.php\/wp-json\/wp\/v2\/users\/13"}],"replies":[{"embeddable":true,"href":"https:\/\/sp1.kielce.eu\/index.php\/wp-json\/wp\/v2\/comments?post=32415"}],"version-history":[{"count":1,"href":"https:\/\/sp1.kielce.eu\/index.php\/wp-json\/wp\/v2\/posts\/32415\/revisions"}],"predecessor-version":[{"id":32417,"href":"https:\/\/sp1.kielce.eu\/index.php\/wp-json\/wp\/v2\/posts\/32415\/revisions\/32417"}],"wp:featuredmedia":[{"embeddable":true,"href":"https:\/\/sp1.kielce.eu\/index.php\/wp-json\/wp\/v2\/media\/32416"}],"wp:attachment":[{"href":"https:\/\/sp1.kielce.eu\/index.php\/wp-json\/wp\/v2\/media?parent=32415"}],"wp:term":[{"taxonomy":"category","embeddable":true,"href":"https:\/\/sp1.kielce.eu\/index.php\/wp-json\/wp\/v2\/categories?post=32415"},{"taxonomy":"post_tag","embeddable":true,"href":"https:\/\/sp1.kielce.eu\/index.php\/wp-json\/wp\/v2\/tags?post=32415"}],"curies":[{"name":"wp","href":"https:\/\/api.w.org\/{rel}","templated":true}]}}