{"id":32351,"date":"2024-01-02T21:20:48","date_gmt":"2024-01-02T20:20:48","guid":{"rendered":"http:\/\/sp1.kielce.eu\/?p=32351"},"modified":"2024-01-02T21:20:48","modified_gmt":"2024-01-02T20:20:48","slug":"przedstawienie-swiateczno-zimowe-pt-krolowa-sniegu-w-wykonaniu-klasy-2a","status":"publish","type":"post","link":"https:\/\/sp1.kielce.eu\/index.php\/2024\/01\/02\/przedstawienie-swiateczno-zimowe-pt-krolowa-sniegu-w-wykonaniu-klasy-2a\/","title":{"rendered":"Przedstawienie \u015bwi\u0105teczno &#8211; zimowe pt. ,, Kr\u00f3lowa \u015aniegu w wykonaniu klasy 2a"},"content":{"rendered":"\n<p>W dniu 21.12.2023r. w naszej szkole odby\u0142o si\u0119 niecodzienne wydarzenie , a mianowicie uczniowie klasy 2a wcielili si\u0119 w rol\u0119 m\u0142odych aktor\u00f3w i wystawili \u015bwi\u0105teczno \u2013 zimowe przedstawienie pt. ,, Kr\u00f3lowa \u015aniegu \u201d na podstawie ba\u015bni Hansa Chrystiana Andersena.<\/p>\n\n\n\n<p><a><\/a> Wykon dzieci pe\u0142en profesjonalizmu, wprowadzi\u0142 wszystkich w \u015bwi\u0105teczny nastr\u00f3j. Uczniowie swym pi\u0119knym wyst\u0119pem podbili serca publiczno\u015bci na kt\u00f3rej zasiadali Rodzice oraz Pani Dyrektor \u017baneta Szczepaniak. Niejednej osobie zakr\u0119ci\u0142a si\u0119 \u0142za w oku&#8230; Pi\u0119kny \u015bpiew pastora\u0142ek i piosenek \u015bwi\u0105tecznych u\u015bwiadomi\u0142 i&nbsp;przypomnia\u0142 wszystkim o tym, \u017ce \u015awi\u0119ta Bo\u017cego Narodzenia s\u0105 ju\u017c bardzo blisko.&nbsp;<\/p>\n\n\n\n<p>Po zako\u0144czonej cz\u0119\u015bci artystycznej wszyscy zasiedli do wsp\u00f3lnej, uroczystej wigilii, kt\u00f3r\u0105 przygotowali rodzice uczni\u00f3w.<\/p>\n\n\n\n<p>By\u0142 to bardzo mi\u0142y dzie\u0144 prze\u017cyty w ciep\u0142ej, \u015bwi\u0105tecznej atmosferze.&nbsp; Dzi\u0119kuj\u0119 wszystkim, kt\u00f3rzy przyczynili si\u0119 do tego, aby tak by\u0142o.<\/p>\n\n\n\n<p>Podczas wydarzenia zosta\u0142y wykorzystane sprz\u0119ty zakupione w&nbsp;ramach projektu \u201eLaboratoria Przysz\u0142o\u015bci\u201d.<\/p>\n\n\n\n<p>Iwona Delipacy \u2013 wychowawca klasy 2a<\/p>\n\n\n\n<figure class=\"wp-block-gallery has-nested-images columns-default is-cropped wp-block-gallery-1 is-layout-flex wp-block-gallery-is-layout-flex\">\n<figure class=\"wp-block-image size-full\"><img loading=\"lazy\" decoding=\"async\" width=\"640\" height=\"382\" data-id=\"32353\" src=\"http:\/\/sp1.kielce.eu\/wp-content\/uploads\/2024\/01\/IMG_20231221_143831-Copy.jpg\" alt=\"\" class=\"wp-image-32353\" srcset=\"https:\/\/sp1.kielce.eu\/wp-content\/uploads\/2024\/01\/IMG_20231221_143831-Copy.jpg 640w, https:\/\/sp1.kielce.eu\/wp-content\/uploads\/2024\/01\/IMG_20231221_143831-Copy-300x179.jpg 300w\" sizes=\"auto, (max-width: 640px) 100vw, 640px\" \/><\/figure>\n<\/figure>\n\n\n\n<figure class=\"wp-block-gallery has-nested-images columns-default is-cropped wp-block-gallery-2 is-layout-flex wp-block-gallery-is-layout-flex\">\n<figure class=\"wp-block-image size-large\"><img loading=\"lazy\" decoding=\"async\" width=\"400\" height=\"480\" data-id=\"32358\" src=\"http:\/\/sp1.kielce.eu\/wp-content\/uploads\/2024\/01\/IMG_20231221_142440-Copy-1.jpg\" alt=\"\" class=\"wp-image-32358\" srcset=\"https:\/\/sp1.kielce.eu\/wp-content\/uploads\/2024\/01\/IMG_20231221_142440-Copy-1.jpg 400w, https:\/\/sp1.kielce.eu\/wp-content\/uploads\/2024\/01\/IMG_20231221_142440-Copy-1-250x300.jpg 250w\" sizes=\"auto, (max-width: 400px) 100vw, 400px\" \/><\/figure>\n\n\n\n<figure class=\"wp-block-image size-large\"><img loading=\"lazy\" decoding=\"async\" width=\"640\" height=\"289\" data-id=\"32356\" src=\"http:\/\/sp1.kielce.eu\/wp-content\/uploads\/2024\/01\/IMG_20231221_143059-Copy-1.jpg\" alt=\"\" class=\"wp-image-32356\" srcset=\"https:\/\/sp1.kielce.eu\/wp-content\/uploads\/2024\/01\/IMG_20231221_143059-Copy-1.jpg 640w, https:\/\/sp1.kielce.eu\/wp-content\/uploads\/2024\/01\/IMG_20231221_143059-Copy-1-300x135.jpg 300w\" sizes=\"auto, (max-width: 640px) 100vw, 640px\" \/><\/figure>\n\n\n\n<figure class=\"wp-block-image size-large\"><img loading=\"lazy\" decoding=\"async\" width=\"640\" height=\"382\" data-id=\"32357\" src=\"http:\/\/sp1.kielce.eu\/wp-content\/uploads\/2024\/01\/IMG_20231221_143831-Copy-1.jpg\" alt=\"\" class=\"wp-image-32357\" srcset=\"https:\/\/sp1.kielce.eu\/wp-content\/uploads\/2024\/01\/IMG_20231221_143831-Copy-1.jpg 640w, https:\/\/sp1.kielce.eu\/wp-content\/uploads\/2024\/01\/IMG_20231221_143831-Copy-1-300x179.jpg 300w\" sizes=\"auto, (max-width: 640px) 100vw, 640px\" \/><\/figure>\n<\/figure>\n","protected":false},"excerpt":{"rendered":"<p>W dniu 21.12.2023r. w naszej szkole odby\u0142o si\u0119 niecodzienne wydarzenie , a mianowicie uczniowie klasy [&hellip;]<\/p>\n","protected":false},"author":14,"featured_media":32358,"comment_status":"closed","ping_status":"","sticky":false,"template":"","format":"standard","meta":{"footnotes":""},"categories":[36],"tags":[],"class_list":["post-32351","post","type-post","status-publish","format-standard","has-post-thumbnail","hentry","category-wydarzenia"],"_links":{"self":[{"href":"https:\/\/sp1.kielce.eu\/index.php\/wp-json\/wp\/v2\/posts\/32351","targetHints":{"allow":["GET"]}}],"collection":[{"href":"https:\/\/sp1.kielce.eu\/index.php\/wp-json\/wp\/v2\/posts"}],"about":[{"href":"https:\/\/sp1.kielce.eu\/index.php\/wp-json\/wp\/v2\/types\/post"}],"author":[{"embeddable":true,"href":"https:\/\/sp1.kielce.eu\/index.php\/wp-json\/wp\/v2\/users\/14"}],"replies":[{"embeddable":true,"href":"https:\/\/sp1.kielce.eu\/index.php\/wp-json\/wp\/v2\/comments?post=32351"}],"version-history":[{"count":1,"href":"https:\/\/sp1.kielce.eu\/index.php\/wp-json\/wp\/v2\/posts\/32351\/revisions"}],"predecessor-version":[{"id":32359,"href":"https:\/\/sp1.kielce.eu\/index.php\/wp-json\/wp\/v2\/posts\/32351\/revisions\/32359"}],"wp:featuredmedia":[{"embeddable":true,"href":"https:\/\/sp1.kielce.eu\/index.php\/wp-json\/wp\/v2\/media\/32358"}],"wp:attachment":[{"href":"https:\/\/sp1.kielce.eu\/index.php\/wp-json\/wp\/v2\/media?parent=32351"}],"wp:term":[{"taxonomy":"category","embeddable":true,"href":"https:\/\/sp1.kielce.eu\/index.php\/wp-json\/wp\/v2\/categories?post=32351"},{"taxonomy":"post_tag","embeddable":true,"href":"https:\/\/sp1.kielce.eu\/index.php\/wp-json\/wp\/v2\/tags?post=32351"}],"curies":[{"name":"wp","href":"https:\/\/api.w.org\/{rel}","templated":true}]}}