{"id":32248,"date":"2023-12-22T16:58:11","date_gmt":"2023-12-22T15:58:11","guid":{"rendered":"http:\/\/sp1.kielce.eu\/?p=32248"},"modified":"2023-12-22T16:58:11","modified_gmt":"2023-12-22T15:58:11","slug":"przedstawienie-swiateczne-w-klasie-3c","status":"publish","type":"post","link":"https:\/\/sp1.kielce.eu\/index.php\/2023\/12\/22\/przedstawienie-swiateczne-w-klasie-3c\/","title":{"rendered":"Przedstawienie \u015bwi\u0105teczne w klasie 3c"},"content":{"rendered":"\n<p>21 grudnia uczniowie klasy 3c wystawili przedstawienie \u015bwi\u0105teczne w j\u0119zyku angielskim. Z<br>ogromnym zaanga\u017cowaniem wcielili si\u0119 w swoje role, przypominaj\u0105c w ten spos\u00f3b wydarzenia sprzed<br>ponad dw\u00f3ch tysi\u0119cy lat, kiedy to w Betlejem narodzi\u0142o si\u0119 Bo\u017ce Dzieci\u0105tko. Dzieci wcieli\u0142y si\u0119 w role<br>Maryi i J\u00f3zefa, pasterzy, anio\u0142\u00f3w, trzech kr\u00f3li, przybywaj\u0105cych z\u0142o\u017cy\u0107 pok\u0142on Jezusowi narodzonemu<br>w ubogiej stajence. \u015awietno\u015bci inscenizacji doda\u0142y pastora\u0142ki, kol\u0119dy, kt\u00f3re nape\u0142ni\u0142y wszystkich<br>\u015bwi\u0105teczn\u0105 rado\u015bci\u0105 i sprawi\u0142y, \u017ce poczuli\u015bmy magi\u0119 zbli\u017caj\u0105cych si\u0119 \u015bwi\u0105t.<br>Kiedy cz\u0119\u015b\u0107 artystyczna dobieg\u0142a ko\u0144ca, wyst\u0119puj\u0105cy aktorzy otrzymali gromkie brawa. Wyst\u0119p by\u0142<br>niezwyk\u0142ym prze\u017cyciem zar\u00f3wno dla aktor\u00f3w, jak i zaproszonych go\u015bci. Ogromna praca ca\u0142ego<br>zespo\u0142u po przedstawieniu nagrodzona by\u0142a brawami, a panuj\u0105c\u0105 atmosfer\u0119 oraz gr\u0119 m\u0142odych<br>aktor\u00f3w utrwalili\u015bmy na fotografiach oraz na filmie.<br>Po zako\u0144czonym spektaklu g\u0142os zabra\u0142a Dyrektor szko\u0142y p. \u017baneta Szczepaniak, kt\u00f3ra podzi\u0119kowa\u0142a<br>m\u0142odym artystom oraz ich opiekunom za przygotowanie wyj\u0105tkowych jase\u0142ek oraz za wspania\u0142e<br>wprowadzenie w atmosfer\u0119 \u015aWI\u0104T BO\u017bEGO NARODZENIA. Z\u0142o\u017cy\u0142a tak\u017ce \u015bwi\u0105teczne \u017cyczenia<br>przyby\u0142ym na uroczysto\u015b\u0107 rodzicom, a tak\u017ce uczniom.<br>Nast\u0119pnie uczniowie wraz z rodzicami zasiedli do wsp\u00f3lnej, uroczystej wigilii.<br>By\u0142 to bardzo mi\u0142y dzie\u0144 prze\u017cyty w ciep\u0142ej, \u015bwi\u0105tecznej atmosferze. Dzi\u0119kuj\u0119 wszystkim, kt\u00f3rzy<br>przyczynili si\u0119 do tego, aby tak by\u0142o.<\/p>\n\n\n\n<p>Klaudia Gola<\/p>\n\n\n\n<figure class=\"wp-block-gallery has-nested-images columns-default is-cropped wp-block-gallery-1 is-layout-flex wp-block-gallery-is-layout-flex\">\n<figure class=\"wp-block-image size-large\"><img loading=\"lazy\" decoding=\"async\" width=\"640\" height=\"480\" data-id=\"32249\" src=\"http:\/\/sp1.kielce.eu\/wp-content\/uploads\/2023\/12\/eee654a4-ea43-445a-afe4-68a5609daceb-Copy.jpg\" alt=\"\" class=\"wp-image-32249\" srcset=\"https:\/\/sp1.kielce.eu\/wp-content\/uploads\/2023\/12\/eee654a4-ea43-445a-afe4-68a5609daceb-Copy.jpg 640w, https:\/\/sp1.kielce.eu\/wp-content\/uploads\/2023\/12\/eee654a4-ea43-445a-afe4-68a5609daceb-Copy-300x225.jpg 300w\" sizes=\"auto, (max-width: 640px) 100vw, 640px\" \/><\/figure>\n\n\n\n<figure class=\"wp-block-image size-large\"><img loading=\"lazy\" decoding=\"async\" width=\"360\" height=\"480\" data-id=\"32251\" src=\"http:\/\/sp1.kielce.eu\/wp-content\/uploads\/2023\/12\/675db145-887f-44e5-80de-31b3dc699b9a-Copy.jpg\" alt=\"\" class=\"wp-image-32251\" srcset=\"https:\/\/sp1.kielce.eu\/wp-content\/uploads\/2023\/12\/675db145-887f-44e5-80de-31b3dc699b9a-Copy.jpg 360w, https:\/\/sp1.kielce.eu\/wp-content\/uploads\/2023\/12\/675db145-887f-44e5-80de-31b3dc699b9a-Copy-225x300.jpg 225w\" sizes=\"auto, (max-width: 360px) 100vw, 360px\" \/><\/figure>\n\n\n\n<figure class=\"wp-block-image size-large\"><img loading=\"lazy\" decoding=\"async\" width=\"360\" height=\"480\" data-id=\"32250\" src=\"http:\/\/sp1.kielce.eu\/wp-content\/uploads\/2023\/12\/4475fcbe-a58a-488d-a706-a16a959b3830-Copy.jpg\" alt=\"\" class=\"wp-image-32250\" srcset=\"https:\/\/sp1.kielce.eu\/wp-content\/uploads\/2023\/12\/4475fcbe-a58a-488d-a706-a16a959b3830-Copy.jpg 360w, https:\/\/sp1.kielce.eu\/wp-content\/uploads\/2023\/12\/4475fcbe-a58a-488d-a706-a16a959b3830-Copy-225x300.jpg 225w\" sizes=\"auto, (max-width: 360px) 100vw, 360px\" \/><\/figure>\n<\/figure>\n","protected":false},"excerpt":{"rendered":"<p>21 grudnia uczniowie klasy 3c wystawili przedstawienie \u015bwi\u0105teczne w j\u0119zyku angielskim. Zogromnym zaanga\u017cowaniem wcielili si\u0119 [&hellip;]<\/p>\n","protected":false},"author":14,"featured_media":32251,"comment_status":"closed","ping_status":"","sticky":false,"template":"","format":"standard","meta":{"footnotes":""},"categories":[36],"tags":[],"class_list":["post-32248","post","type-post","status-publish","format-standard","has-post-thumbnail","hentry","category-wydarzenia"],"_links":{"self":[{"href":"https:\/\/sp1.kielce.eu\/index.php\/wp-json\/wp\/v2\/posts\/32248","targetHints":{"allow":["GET"]}}],"collection":[{"href":"https:\/\/sp1.kielce.eu\/index.php\/wp-json\/wp\/v2\/posts"}],"about":[{"href":"https:\/\/sp1.kielce.eu\/index.php\/wp-json\/wp\/v2\/types\/post"}],"author":[{"embeddable":true,"href":"https:\/\/sp1.kielce.eu\/index.php\/wp-json\/wp\/v2\/users\/14"}],"replies":[{"embeddable":true,"href":"https:\/\/sp1.kielce.eu\/index.php\/wp-json\/wp\/v2\/comments?post=32248"}],"version-history":[{"count":1,"href":"https:\/\/sp1.kielce.eu\/index.php\/wp-json\/wp\/v2\/posts\/32248\/revisions"}],"predecessor-version":[{"id":32252,"href":"https:\/\/sp1.kielce.eu\/index.php\/wp-json\/wp\/v2\/posts\/32248\/revisions\/32252"}],"wp:featuredmedia":[{"embeddable":true,"href":"https:\/\/sp1.kielce.eu\/index.php\/wp-json\/wp\/v2\/media\/32251"}],"wp:attachment":[{"href":"https:\/\/sp1.kielce.eu\/index.php\/wp-json\/wp\/v2\/media?parent=32248"}],"wp:term":[{"taxonomy":"category","embeddable":true,"href":"https:\/\/sp1.kielce.eu\/index.php\/wp-json\/wp\/v2\/categories?post=32248"},{"taxonomy":"post_tag","embeddable":true,"href":"https:\/\/sp1.kielce.eu\/index.php\/wp-json\/wp\/v2\/tags?post=32248"}],"curies":[{"name":"wp","href":"https:\/\/api.w.org\/{rel}","templated":true}]}}