{"id":32052,"date":"2023-12-19T08:13:34","date_gmt":"2023-12-19T07:13:34","guid":{"rendered":"http:\/\/sp1.kielce.eu\/?p=32052"},"modified":"2023-12-19T08:13:34","modified_gmt":"2023-12-19T07:13:34","slug":"ida-swieta-wiec-pisze-podziekowanie-dla-sp-nr-1","status":"publish","type":"post","link":"https:\/\/sp1.kielce.eu\/index.php\/2023\/12\/19\/ida-swieta-wiec-pisze-podziekowanie-dla-sp-nr-1\/","title":{"rendered":"\u201eId\u0105 \u015awi\u0119ta, wi\u0119c pisz\u0119 \u2026\u201d \u2013 Podzi\u0119kowanie dla SP nr 1\u00a0"},"content":{"rendered":"\n<p>\u015awi\u0119ta Bo\u017cego Narodzenia 2023, coraz bli\u017cej, wi\u0119c napisali\u015bmy i my, przedstawiciele naszej Jedynki, listy od m\u0142odego serca dla starszego serca.<\/p>\n\n\n\n<p>Podobnie jak i w poprzednim roku, \u201espisali\u015bmy si\u0119\u201d bardzo dobrze. <strong>Powsta\u0142o 14 pi\u0119knych, tre\u015bciwych w dobry przekaz list\u00f3w, z intencj\u0105 umilenia przynajmniej kilku chwil \u017cycia, osobom starczym<\/strong>, <strong>Pacjentom Hospicjum i Zak\u0142adu Opieku\u0144czo-Leczniczego w Kielcach<\/strong>. I cho\u0107 trudno komu\u015b przecie\u017c przed\u0142u\u017cy\u0107 \u017cycie, to jednak <strong>warto tym chwilom, kt\u00f3re nam i innym s\u0105 dane, szczeg\u00f3lnie w te \u015awi\u0119ta Narodzenia Pa\u0144skiego 2023, nada\u0107 g\u0142\u0119bszy sens, przez to jak ze sob\u0105 rozmawiamy i o czym do siebie piszemy<\/strong>.<\/p>\n\n\n\n<p>Dzi\u0119kujemy bardzo wszystkim, kt\u00f3rzy napisali list i tym, kt\u00f3rzy pomagali go napisa\u0107, a <strong>szczeg\u00f3lne podzi\u0119kowania dla dzieci z klasy IV C, kt\u00f3re napisa\u0142y tych list\u00f3w najwi\u0119cej<\/strong>.<\/p>\n\n\n\n<p>Dzi\u0119kujemy tak\u017ce naszym Wolontariuszkom, kt\u00f3re wraz z ich opiekunem przekazali napisane listy do DCW w Kielcach (Wolontariat Hospicyjny).<\/p>\n\n\n\n<p>Jako Szko\u0142a otrzymali\u015bmy <strong>szczeg\u00f3lne podzi\u0119kowanie od Koordynatora DCW w Kielcach, p. Moniki Wilk<\/strong>, <strong>za nasz udzia\u0142 w akcji P\u00f3l Nadziei \u201e<em>Id\u0105 \u015awi\u0119ta, wi\u0119c pisz\u0119<\/em>\u201d, przygotowanie \u015bwi\u0105tecznych list\u00f3w dla Pacjent\u00f3w Hospicjum im. Matki Teresy z Kalkuty w Kielcach i pami\u0119\u0107 o nich<\/strong>.<\/p>\n\n\n\n<p>Szkolne Ko\u0142o Wolontariatu \u201eJedynka\u201d,<\/p>\n\n\n\n<p>ks. Konrad Walerczak, p. Agnieszka Rycombel, p. Agnieszka Buczek,<\/p>\n\n\n\n<p>ks. Dariusz W\u0119grzyn, s. Faustyna Czajkowska<\/p>\n\n\n\n<figure class=\"wp-block-gallery has-nested-images columns-default is-cropped wp-block-gallery-1 is-layout-flex wp-block-gallery-is-layout-flex\">\n<figure class=\"wp-block-image size-large\"><a href=\"http:\/\/sp1.kielce.eu\/wp-content\/uploads\/2023\/12\/1-2.jpg\"><img loading=\"lazy\" decoding=\"async\" width=\"1200\" height=\"900\" data-id=\"32057\" src=\"http:\/\/sp1.kielce.eu\/wp-content\/uploads\/2023\/12\/1-2-1200x900.jpg\" alt=\"\" class=\"wp-image-32057\" srcset=\"https:\/\/sp1.kielce.eu\/wp-content\/uploads\/2023\/12\/1-2-1200x900.jpg 1200w, https:\/\/sp1.kielce.eu\/wp-content\/uploads\/2023\/12\/1-2-300x225.jpg 300w, https:\/\/sp1.kielce.eu\/wp-content\/uploads\/2023\/12\/1-2-768x576.jpg 768w, https:\/\/sp1.kielce.eu\/wp-content\/uploads\/2023\/12\/1-2-1536x1152.jpg 1536w, https:\/\/sp1.kielce.eu\/wp-content\/uploads\/2023\/12\/1-2-820x615.jpg 820w, https:\/\/sp1.kielce.eu\/wp-content\/uploads\/2023\/12\/1-2.jpg 2048w\" sizes=\"auto, (max-width: 1200px) 100vw, 1200px\" \/><\/a><\/figure>\n\n\n\n<figure class=\"wp-block-image size-large\"><a href=\"http:\/\/sp1.kielce.eu\/wp-content\/uploads\/2023\/12\/2-2.jpg\"><img loading=\"lazy\" decoding=\"async\" width=\"675\" height=\"900\" data-id=\"32058\" src=\"http:\/\/sp1.kielce.eu\/wp-content\/uploads\/2023\/12\/2-2-675x900.jpg\" alt=\"\" class=\"wp-image-32058\" srcset=\"https:\/\/sp1.kielce.eu\/wp-content\/uploads\/2023\/12\/2-2-675x900.jpg 675w, https:\/\/sp1.kielce.eu\/wp-content\/uploads\/2023\/12\/2-2-225x300.jpg 225w, https:\/\/sp1.kielce.eu\/wp-content\/uploads\/2023\/12\/2-2-768x1024.jpg 768w, https:\/\/sp1.kielce.eu\/wp-content\/uploads\/2023\/12\/2-2-1152x1536.jpg 1152w, https:\/\/sp1.kielce.eu\/wp-content\/uploads\/2023\/12\/2-2-820x1093.jpg 820w, https:\/\/sp1.kielce.eu\/wp-content\/uploads\/2023\/12\/2-2.jpg 1536w\" sizes=\"auto, (max-width: 675px) 100vw, 675px\" \/><\/a><\/figure>\n\n\n\n<figure class=\"wp-block-image size-large\"><a href=\"http:\/\/sp1.kielce.eu\/wp-content\/uploads\/2023\/12\/3-2.jpg\"><img loading=\"lazy\" decoding=\"async\" width=\"639\" height=\"900\" data-id=\"32054\" src=\"http:\/\/sp1.kielce.eu\/wp-content\/uploads\/2023\/12\/3-2-639x900.jpg\" alt=\"\" class=\"wp-image-32054\" srcset=\"https:\/\/sp1.kielce.eu\/wp-content\/uploads\/2023\/12\/3-2-639x900.jpg 639w, https:\/\/sp1.kielce.eu\/wp-content\/uploads\/2023\/12\/3-2-213x300.jpg 213w, https:\/\/sp1.kielce.eu\/wp-content\/uploads\/2023\/12\/3-2-768x1082.jpg 768w, https:\/\/sp1.kielce.eu\/wp-content\/uploads\/2023\/12\/3-2-1091x1536.jpg 1091w, https:\/\/sp1.kielce.eu\/wp-content\/uploads\/2023\/12\/3-2-820x1155.jpg 820w, https:\/\/sp1.kielce.eu\/wp-content\/uploads\/2023\/12\/3-2.jpg 1454w\" sizes=\"auto, (max-width: 639px) 100vw, 639px\" \/><\/a><\/figure>\n\n\n\n<figure class=\"wp-block-image size-large\"><a href=\"http:\/\/sp1.kielce.eu\/wp-content\/uploads\/2023\/12\/4-2.jpg\"><img loading=\"lazy\" decoding=\"async\" width=\"669\" height=\"900\" data-id=\"32056\" src=\"http:\/\/sp1.kielce.eu\/wp-content\/uploads\/2023\/12\/4-2-669x900.jpg\" alt=\"\" class=\"wp-image-32056\" srcset=\"https:\/\/sp1.kielce.eu\/wp-content\/uploads\/2023\/12\/4-2-669x900.jpg 669w, https:\/\/sp1.kielce.eu\/wp-content\/uploads\/2023\/12\/4-2-223x300.jpg 223w, https:\/\/sp1.kielce.eu\/wp-content\/uploads\/2023\/12\/4-2-768x1034.jpg 768w, https:\/\/sp1.kielce.eu\/wp-content\/uploads\/2023\/12\/4-2-1141x1536.jpg 1141w, https:\/\/sp1.kielce.eu\/wp-content\/uploads\/2023\/12\/4-2-820x1104.jpg 820w, https:\/\/sp1.kielce.eu\/wp-content\/uploads\/2023\/12\/4-2.jpg 1170w\" sizes=\"auto, (max-width: 669px) 100vw, 669px\" \/><\/a><\/figure>\n\n\n\n<figure class=\"wp-block-image size-large\"><a href=\"http:\/\/sp1.kielce.eu\/wp-content\/uploads\/2023\/12\/5-2.jpg\"><img loading=\"lazy\" decoding=\"async\" width=\"1170\" height=\"789\" data-id=\"32053\" src=\"http:\/\/sp1.kielce.eu\/wp-content\/uploads\/2023\/12\/5-2.jpg\" alt=\"\" class=\"wp-image-32053\" srcset=\"https:\/\/sp1.kielce.eu\/wp-content\/uploads\/2023\/12\/5-2.jpg 1170w, https:\/\/sp1.kielce.eu\/wp-content\/uploads\/2023\/12\/5-2-300x202.jpg 300w, https:\/\/sp1.kielce.eu\/wp-content\/uploads\/2023\/12\/5-2-768x518.jpg 768w, https:\/\/sp1.kielce.eu\/wp-content\/uploads\/2023\/12\/5-2-820x553.jpg 820w\" sizes=\"auto, (max-width: 1170px) 100vw, 1170px\" \/><\/a><\/figure>\n\n\n\n<figure class=\"wp-block-image size-large\"><a href=\"http:\/\/sp1.kielce.eu\/wp-content\/uploads\/2023\/12\/Zdjecie-tytulowe-Ida-Swieta-Podziekowanie.jpg\"><img loading=\"lazy\" decoding=\"async\" width=\"675\" height=\"900\" data-id=\"32055\" src=\"http:\/\/sp1.kielce.eu\/wp-content\/uploads\/2023\/12\/Zdjecie-tytulowe-Ida-Swieta-Podziekowanie-675x900.jpg\" alt=\"\" class=\"wp-image-32055\" srcset=\"https:\/\/sp1.kielce.eu\/wp-content\/uploads\/2023\/12\/Zdjecie-tytulowe-Ida-Swieta-Podziekowanie-675x900.jpg 675w, https:\/\/sp1.kielce.eu\/wp-content\/uploads\/2023\/12\/Zdjecie-tytulowe-Ida-Swieta-Podziekowanie-225x300.jpg 225w, https:\/\/sp1.kielce.eu\/wp-content\/uploads\/2023\/12\/Zdjecie-tytulowe-Ida-Swieta-Podziekowanie-768x1024.jpg 768w, https:\/\/sp1.kielce.eu\/wp-content\/uploads\/2023\/12\/Zdjecie-tytulowe-Ida-Swieta-Podziekowanie-1152x1536.jpg 1152w, https:\/\/sp1.kielce.eu\/wp-content\/uploads\/2023\/12\/Zdjecie-tytulowe-Ida-Swieta-Podziekowanie-820x1093.jpg 820w, https:\/\/sp1.kielce.eu\/wp-content\/uploads\/2023\/12\/Zdjecie-tytulowe-Ida-Swieta-Podziekowanie.jpg 1536w\" sizes=\"auto, (max-width: 675px) 100vw, 675px\" \/><\/a><\/figure>\n<\/figure>\n","protected":false},"excerpt":{"rendered":"<p>\u015awi\u0119ta Bo\u017cego Narodzenia 2023, coraz bli\u017cej, wi\u0119c napisali\u015bmy i my, przedstawiciele naszej Jedynki, listy od [&hellip;]<\/p>\n","protected":false},"author":5,"featured_media":32055,"comment_status":"closed","ping_status":"","sticky":false,"template":"","format":"standard","meta":{"footnotes":""},"categories":[36,163,174],"tags":[],"class_list":["post-32052","post","type-post","status-publish","format-standard","has-post-thumbnail","hentry","category-wydarzenia","category-skw","category-ciekawi-swiata"],"_links":{"self":[{"href":"https:\/\/sp1.kielce.eu\/index.php\/wp-json\/wp\/v2\/posts\/32052","targetHints":{"allow":["GET"]}}],"collection":[{"href":"https:\/\/sp1.kielce.eu\/index.php\/wp-json\/wp\/v2\/posts"}],"about":[{"href":"https:\/\/sp1.kielce.eu\/index.php\/wp-json\/wp\/v2\/types\/post"}],"author":[{"embeddable":true,"href":"https:\/\/sp1.kielce.eu\/index.php\/wp-json\/wp\/v2\/users\/5"}],"replies":[{"embeddable":true,"href":"https:\/\/sp1.kielce.eu\/index.php\/wp-json\/wp\/v2\/comments?post=32052"}],"version-history":[{"count":1,"href":"https:\/\/sp1.kielce.eu\/index.php\/wp-json\/wp\/v2\/posts\/32052\/revisions"}],"predecessor-version":[{"id":32059,"href":"https:\/\/sp1.kielce.eu\/index.php\/wp-json\/wp\/v2\/posts\/32052\/revisions\/32059"}],"wp:featuredmedia":[{"embeddable":true,"href":"https:\/\/sp1.kielce.eu\/index.php\/wp-json\/wp\/v2\/media\/32055"}],"wp:attachment":[{"href":"https:\/\/sp1.kielce.eu\/index.php\/wp-json\/wp\/v2\/media?parent=32052"}],"wp:term":[{"taxonomy":"category","embeddable":true,"href":"https:\/\/sp1.kielce.eu\/index.php\/wp-json\/wp\/v2\/categories?post=32052"},{"taxonomy":"post_tag","embeddable":true,"href":"https:\/\/sp1.kielce.eu\/index.php\/wp-json\/wp\/v2\/tags?post=32052"}],"curies":[{"name":"wp","href":"https:\/\/api.w.org\/{rel}","templated":true}]}}