{"id":31937,"date":"2023-12-15T13:08:44","date_gmt":"2023-12-15T12:08:44","guid":{"rendered":"http:\/\/sp1.kielce.eu\/?p=31937"},"modified":"2025-04-09T14:23:35","modified_gmt":"2025-04-09T12:23:35","slug":"czym-jest-elektromobilnosc","status":"publish","type":"post","link":"https:\/\/sp1.kielce.eu\/index.php\/2023\/12\/15\/czym-jest-elektromobilnosc\/","title":{"rendered":"\u201eCzym jest elektromobilno\u015b\u0107?\u201d"},"content":{"rendered":"\n<p>W ramach kampanii informacyjno-edukacyjn\u0105 pod has\u0142em \u201eInnowacyjne i&nbsp;ekologiczne \u015brodki transportu\u201d Miasta Kielce, uczniowie naszej szko\u0142y wykonali prace konkursowe na plakat o&nbsp;tematyce: \u201eCzym jest elektromobilno\u015b\u0107?\u201d.&nbsp;<\/p>\n\n\n\n<p>Miasto Kielce zawsze wspiera i&nbsp;promuje dzia\u0142ania oparte na aktywnej edukacji ekologicznej. Dlatego, te\u017c Prezydent Miasta Kielce organizuje Kampani\u0119 informacyjno-edukacyjn\u0105 dotycz\u0105c\u0105 niskoemisyjnego transportu pod has\u0142em: \u201eInnowacyjne i&nbsp;ekologiczne \u015brodki transportu\u201d<\/p>\n\n\n\n<p>Celem kampanii jest edukacja dzieci i&nbsp;m\u0142odzie\u017cy w&nbsp;zakresie ochrony \u015brodowiska naturalnego oraz innowacyjnych, alternatywnych rozwi\u0105za\u0144 w&nbsp;zakresie przemieszczania si\u0119, a&nbsp;co za tym idzie, przyczyniaj\u0105cych si\u0119 do ochrony klimatu. Ponadto rozwijanie my\u015blenia prospektywnego i&nbsp;kszta\u0142towanie odpowiedzialno\u015bci za stan \u015brodowiska i&nbsp;zasob\u00f3w surowc\u00f3w energetycznych w&nbsp;perspektywie kilkudziesi\u0119ciu lat.<\/p>\n\n\n\n<p><em>Kampania informacyjno-edukacyjna dotycz\u0105ca niskoemisyjnego transportu pn. \u201eInnowacyjne i&nbsp;Ekologiczne \u015arodki Transportu\u201d jest realizowana dzi\u0119ki wsparciu Ministerstwa Klimatu i&nbsp;\u015arodowiska, Wojew\u00f3dzkiego Funduszu Ochrony \u015arodowiska i&nbsp;Gospodarki Wodnej w&nbsp;Kielcach i&nbsp;Narodowego Funduszu Ochrony \u015arodowiska i&nbsp;Gospodarki Wodnej w&nbsp;Warszawie w&nbsp;formie dotacji, w&nbsp;kwocie 23 760 z\u0142.<\/em><\/p>\n\n\n\n<p>Do Wydzia\u0142u Gospodarki Komunalnej i&nbsp;\u015arodowiska Urz\u0119du Miasta Kielce wp\u0142yn\u0119\u0142o 28&nbsp;prac konkursowych wykonanych przez 32&nbsp;uczestnik\u00f3w konkursu (cztery prace konkursowe by\u0142y wykonane zespo\u0142owo).<\/p>\n\n\n\n<p>Komisja konkursowa przyzna\u0142a miejsca 1-3 oraz 10 wyr\u00f3\u017cnie\u0144 specjalnych.<\/p>\n\n\n\n<p><strong>Miejsce I &#8211; Mi\u0142osz Czechowicz z klasy 5 a<\/strong><\/p>\n\n\n\n<p><strong>Wyr\u00f3\u017cnienia specjalne<\/strong>: Davydov Daniiln z&nbsp;klasy 5a, Kaja Bia\u0142ek z&nbsp;klasy 3c, Matylda \u015amieta\u0144ska z&nbsp;klasy 3c.<\/p>\n\n\n\n<p>Serdecznie gratulujemy!!!<\/p>\n\n\n\n<p class=\"has-text-align-right\">Agnieszka Rycombel<br>Klaudia Gola<\/p>\n\n\n\n<figure class=\"wp-block-gallery has-nested-images columns-3 is-cropped wp-block-gallery-1 is-layout-flex wp-block-gallery-is-layout-flex\">\n<figure class=\"wp-block-image size-large\"><a href=\"http:\/\/sp1.kielce.eu\/wp-content\/uploads\/2023\/12\/0x0-Copy.jpg\"><img loading=\"lazy\" decoding=\"async\" width=\"675\" height=\"900\" data-id=\"31939\" src=\"http:\/\/sp1.kielce.eu\/wp-content\/uploads\/2023\/12\/0x0-Copy.jpg\" alt=\"\" class=\"wp-image-31939\" srcset=\"https:\/\/sp1.kielce.eu\/wp-content\/uploads\/2023\/12\/0x0-Copy.jpg 675w, https:\/\/sp1.kielce.eu\/wp-content\/uploads\/2023\/12\/0x0-Copy-225x300.jpg 225w\" sizes=\"auto, (max-width: 675px) 100vw, 675px\" \/><\/a><\/figure>\n\n\n\n<figure class=\"wp-block-image size-large\"><a href=\"http:\/\/sp1.kielce.eu\/wp-content\/uploads\/2023\/12\/1-Copy-3.jpg\"><img loading=\"lazy\" decoding=\"async\" width=\"445\" height=\"900\" data-id=\"31942\" src=\"http:\/\/sp1.kielce.eu\/wp-content\/uploads\/2023\/12\/1-Copy-3.jpg\" alt=\"\" class=\"wp-image-31942\" srcset=\"https:\/\/sp1.kielce.eu\/wp-content\/uploads\/2023\/12\/1-Copy-3.jpg 445w, https:\/\/sp1.kielce.eu\/wp-content\/uploads\/2023\/12\/1-Copy-3-148x300.jpg 148w\" sizes=\"auto, (max-width: 445px) 100vw, 445px\" \/><\/a><\/figure>\n\n\n\n<figure class=\"wp-block-image size-large\"><a href=\"http:\/\/sp1.kielce.eu\/wp-content\/uploads\/2023\/12\/2-Copy-3.jpg\"><img loading=\"lazy\" decoding=\"async\" width=\"393\" height=\"900\" data-id=\"31943\" src=\"http:\/\/sp1.kielce.eu\/wp-content\/uploads\/2023\/12\/2-Copy-3.jpg\" alt=\"\" class=\"wp-image-31943\" srcset=\"https:\/\/sp1.kielce.eu\/wp-content\/uploads\/2023\/12\/2-Copy-3.jpg 393w, https:\/\/sp1.kielce.eu\/wp-content\/uploads\/2023\/12\/2-Copy-3-131x300.jpg 131w\" sizes=\"auto, (max-width: 393px) 100vw, 393px\" \/><\/a><\/figure>\n\n\n\n<figure class=\"wp-block-image size-large\"><a href=\"http:\/\/sp1.kielce.eu\/wp-content\/uploads\/2023\/12\/3-Copy-3.jpg\"><img loading=\"lazy\" decoding=\"async\" width=\"681\" height=\"900\" data-id=\"31941\" src=\"http:\/\/sp1.kielce.eu\/wp-content\/uploads\/2023\/12\/3-Copy-3.jpg\" alt=\"\" class=\"wp-image-31941\" srcset=\"https:\/\/sp1.kielce.eu\/wp-content\/uploads\/2023\/12\/3-Copy-3.jpg 681w, https:\/\/sp1.kielce.eu\/wp-content\/uploads\/2023\/12\/3-Copy-3-227x300.jpg 227w\" sizes=\"auto, (max-width: 681px) 100vw, 681px\" \/><\/a><\/figure>\n\n\n\n<figure class=\"wp-block-image size-large\"><a href=\"http:\/\/sp1.kielce.eu\/wp-content\/uploads\/2023\/12\/4-Copy-3.jpg\"><img loading=\"lazy\" decoding=\"async\" width=\"1028\" height=\"900\" data-id=\"31940\" src=\"http:\/\/sp1.kielce.eu\/wp-content\/uploads\/2023\/12\/4-Copy-3.jpg\" alt=\"\" class=\"wp-image-31940\" srcset=\"https:\/\/sp1.kielce.eu\/wp-content\/uploads\/2023\/12\/4-Copy-3.jpg 1028w, https:\/\/sp1.kielce.eu\/wp-content\/uploads\/2023\/12\/4-Copy-3-300x263.jpg 300w, https:\/\/sp1.kielce.eu\/wp-content\/uploads\/2023\/12\/4-Copy-3-768x672.jpg 768w, https:\/\/sp1.kielce.eu\/wp-content\/uploads\/2023\/12\/4-Copy-3-820x718.jpg 820w\" sizes=\"auto, (max-width: 1028px) 100vw, 1028px\" \/><\/a><\/figure>\n<\/figure>\n","protected":false},"excerpt":{"rendered":"<p>W ramach kampanii informacyjno-edukacyjn\u0105 pod has\u0142em \u201eInnowacyjne i&nbsp;ekologiczne \u015brodki transportu\u201d Miasta Kielce, uczniowie naszej szko\u0142y [&hellip;]<\/p>\n","protected":false},"author":13,"featured_media":31944,"comment_status":"closed","ping_status":"","sticky":false,"template":"","format":"standard","meta":{"footnotes":""},"categories":[36,10,143],"tags":[],"class_list":["post-31937","post","type-post","status-publish","format-standard","has-post-thumbnail","hentry","category-wydarzenia","category-konkursy-przedmiotowe","category-dorzaw"],"_links":{"self":[{"href":"https:\/\/sp1.kielce.eu\/index.php\/wp-json\/wp\/v2\/posts\/31937","targetHints":{"allow":["GET"]}}],"collection":[{"href":"https:\/\/sp1.kielce.eu\/index.php\/wp-json\/wp\/v2\/posts"}],"about":[{"href":"https:\/\/sp1.kielce.eu\/index.php\/wp-json\/wp\/v2\/types\/post"}],"author":[{"embeddable":true,"href":"https:\/\/sp1.kielce.eu\/index.php\/wp-json\/wp\/v2\/users\/13"}],"replies":[{"embeddable":true,"href":"https:\/\/sp1.kielce.eu\/index.php\/wp-json\/wp\/v2\/comments?post=31937"}],"version-history":[{"count":3,"href":"https:\/\/sp1.kielce.eu\/index.php\/wp-json\/wp\/v2\/posts\/31937\/revisions"}],"predecessor-version":[{"id":31946,"href":"https:\/\/sp1.kielce.eu\/index.php\/wp-json\/wp\/v2\/posts\/31937\/revisions\/31946"}],"wp:featuredmedia":[{"embeddable":true,"href":"https:\/\/sp1.kielce.eu\/index.php\/wp-json\/wp\/v2\/media\/31944"}],"wp:attachment":[{"href":"https:\/\/sp1.kielce.eu\/index.php\/wp-json\/wp\/v2\/media?parent=31937"}],"wp:term":[{"taxonomy":"category","embeddable":true,"href":"https:\/\/sp1.kielce.eu\/index.php\/wp-json\/wp\/v2\/categories?post=31937"},{"taxonomy":"post_tag","embeddable":true,"href":"https:\/\/sp1.kielce.eu\/index.php\/wp-json\/wp\/v2\/tags?post=31937"}],"curies":[{"name":"wp","href":"https:\/\/api.w.org\/{rel}","templated":true}]}}