{"id":31811,"date":"2023-12-12T08:42:55","date_gmt":"2023-12-12T07:42:55","guid":{"rendered":"http:\/\/sp1.kielce.eu\/?p=31811"},"modified":"2023-12-12T08:42:55","modified_gmt":"2023-12-12T07:42:55","slug":"swietokrzyska-bilardowa-liga-mlodziezowa-4","status":"publish","type":"post","link":"https:\/\/sp1.kielce.eu\/index.php\/2023\/12\/12\/swietokrzyska-bilardowa-liga-mlodziezowa-4\/","title":{"rendered":"\u015awi\u0119tokrzyska Bilardowa Liga M\u0142odzie\u017cowa"},"content":{"rendered":"\n<p>W dniu&nbsp;11.12.2023 w Kieleckim Centrum Bilardowym odby\u0142a si\u0119&nbsp;ostatnia&nbsp;kolejka m\u0142odzie\u017cowej ligi bilardowej w odmian\u0119&nbsp;9&nbsp;bil,&nbsp;w kt\u00f3rej uczestniczyli nasi uczniowie.&nbsp;Najlepsze wyniki w kategorii m\u0142odzik\u00f3w uzyskali Oliwier Sobczyk oraz Szymon Mazur zajmuj\u0105c III miejsce.&nbsp;W kategorii dziewcz\u0105t na II miejscu uplasowa\u0142a si\u0119 Zofia So\u0142tysiak, III pozycj\u0119 zaj\u0119\u0142a Laura Marks.&nbsp;Po zawodach nagrodzono najlepszych zawodnik\u00f3w obecnego sezonu ligi. Pierwsze miejsce w klasyfikacji generalnej dziewcz\u0105t zaj\u0119\u0142a Laura Marks minimalnie wyprzedzaj\u0105c Maj\u0119 Szyma\u0144sk\u0105.&nbsp;W&nbsp;ko\u0144cowym rankingu&nbsp;m\u0142odzik\u00f3w Oliwier Sobczyk zaj\u0105\u0142 II miejsce. W klasyfikacji dru\u017cynowej nasz&nbsp;zesp\u00f3\u0142&nbsp;uplasowa\u0142 si\u0119 na II miejscu.&nbsp;Po turnieju przyszed\u0142 czas na udzia\u0142 w&nbsp;Ceremonii otwarcia Mistrzostw Polski w Bilard, kt\u00f3re w najbli\u017cszych dniach b\u0119d\u0105 odbywa\u0107 si\u0119 w Hotelu Binkowskim. Przy okazji nasi uczniowie mogli ogl\u0105da\u0107&nbsp;z bliska&nbsp;zmagania najlepszych&nbsp;podczas rozgrywanych spotka\u0144.&nbsp;<\/p>\n\n\n\n<p>Gratulacje dla naszych zawodnik\u00f3w!!!&nbsp;\u017byczymy dalszych sukces\u00f3w w przysz\u0142ym sezonie 2024.<\/p>\n\n\n\n<p>Klasyfikacja dru\u017cynowa:<\/p>\n\n\n\n<p>1. UKS MI\u0141EK WI\u015aLICA<\/p>\n\n\n\n<p><strong>2. JEDYNKA SP1 KIELCE<\/strong><\/p>\n\n\n\n<p>3. UKS KOSTOM\u0141OTY<\/p>\n\n\n\n<p>4. NOSAN KIELCE<\/p>\n\n\n\n<p>5. ULKS OR\u0141Y BODZENTYN<\/p>\n\n\n\n<p>6. UKS JEZIORKO<\/p>\n\n\n\n<p>7. ORL\u0118TA BILCZA<\/p>\n\n\n\n<p>Klasyfikacja generalna dziewcz\u0105t:<\/p>\n\n\n\n<p><strong>1. Laura Marks<\/strong><\/p>\n\n\n\n<p><strong>2. Maja Szyma\u0144ska<\/strong><\/p>\n\n\n\n<p>3. Amelia Majczak<\/p>\n\n\n\n<p><strong>4. Izabela Kubicka<\/strong><\/p>\n\n\n\n<p><strong>5. Zofia So\u0142tysiak<\/strong><\/p>\n\n\n\n<p>Klasyfikacja generalna m\u0142odzik\u00f3w:<\/p>\n\n\n\n<p>1. Szymon Turkowski<\/p>\n\n\n\n<p><strong>2. Oliwier Sobczyk<\/strong><\/p>\n\n\n\n<p>3. Antoni \u0141y\u017cwa<\/p>\n\n\n\n<p>4. Daniel Pszczo\u0142a<\/p>\n\n\n\n<p><strong>5. Aleksander Kowalczyk<\/strong><\/p>\n\n\n\n<p>Nauczyciel wychowania fizycznego<\/p>\n\n\n\n<p>\u0141ukasz Kurek<\/p>\n\n\n\n<figure class=\"wp-block-gallery has-nested-images columns-default is-cropped wp-block-gallery-1 is-layout-flex wp-block-gallery-is-layout-flex\">\n<figure class=\"wp-block-image size-large\"><a href=\"http:\/\/sp1.kielce.eu\/wp-content\/uploads\/2023\/12\/20231211_093601.jpg\"><img loading=\"lazy\" decoding=\"async\" width=\"1280\" height=\"720\" data-id=\"31813\" src=\"http:\/\/sp1.kielce.eu\/wp-content\/uploads\/2023\/12\/20231211_093601.jpg\" alt=\"\" class=\"wp-image-31813\" srcset=\"https:\/\/sp1.kielce.eu\/wp-content\/uploads\/2023\/12\/20231211_093601.jpg 1280w, https:\/\/sp1.kielce.eu\/wp-content\/uploads\/2023\/12\/20231211_093601-300x169.jpg 300w, https:\/\/sp1.kielce.eu\/wp-content\/uploads\/2023\/12\/20231211_093601-768x432.jpg 768w, https:\/\/sp1.kielce.eu\/wp-content\/uploads\/2023\/12\/20231211_093601-820x461.jpg 820w\" sizes=\"auto, (max-width: 1280px) 100vw, 1280px\" \/><\/a><\/figure>\n\n\n\n<figure class=\"wp-block-image size-large\"><a href=\"http:\/\/sp1.kielce.eu\/wp-content\/uploads\/2023\/12\/20231211_124120.jpg\"><img loading=\"lazy\" decoding=\"async\" width=\"1280\" height=\"720\" data-id=\"31812\" src=\"http:\/\/sp1.kielce.eu\/wp-content\/uploads\/2023\/12\/20231211_124120.jpg\" alt=\"\" class=\"wp-image-31812\" srcset=\"https:\/\/sp1.kielce.eu\/wp-content\/uploads\/2023\/12\/20231211_124120.jpg 1280w, https:\/\/sp1.kielce.eu\/wp-content\/uploads\/2023\/12\/20231211_124120-300x169.jpg 300w, https:\/\/sp1.kielce.eu\/wp-content\/uploads\/2023\/12\/20231211_124120-768x432.jpg 768w, https:\/\/sp1.kielce.eu\/wp-content\/uploads\/2023\/12\/20231211_124120-820x461.jpg 820w\" sizes=\"auto, (max-width: 1280px) 100vw, 1280px\" \/><\/a><\/figure>\n\n\n\n<figure class=\"wp-block-image size-large\"><a href=\"http:\/\/sp1.kielce.eu\/wp-content\/uploads\/2023\/12\/20231211_124219.jpg\"><img loading=\"lazy\" decoding=\"async\" width=\"1280\" height=\"720\" data-id=\"31814\" src=\"http:\/\/sp1.kielce.eu\/wp-content\/uploads\/2023\/12\/20231211_124219.jpg\" alt=\"\" class=\"wp-image-31814\" srcset=\"https:\/\/sp1.kielce.eu\/wp-content\/uploads\/2023\/12\/20231211_124219.jpg 1280w, https:\/\/sp1.kielce.eu\/wp-content\/uploads\/2023\/12\/20231211_124219-300x169.jpg 300w, https:\/\/sp1.kielce.eu\/wp-content\/uploads\/2023\/12\/20231211_124219-768x432.jpg 768w, https:\/\/sp1.kielce.eu\/wp-content\/uploads\/2023\/12\/20231211_124219-820x461.jpg 820w\" sizes=\"auto, (max-width: 1280px) 100vw, 1280px\" \/><\/a><\/figure>\n\n\n\n<figure class=\"wp-block-image size-large\"><a href=\"http:\/\/sp1.kielce.eu\/wp-content\/uploads\/2023\/12\/20231211_125340.jpg\"><img loading=\"lazy\" decoding=\"async\" width=\"1280\" height=\"720\" data-id=\"31815\" src=\"http:\/\/sp1.kielce.eu\/wp-content\/uploads\/2023\/12\/20231211_125340.jpg\" alt=\"\" class=\"wp-image-31815\" srcset=\"https:\/\/sp1.kielce.eu\/wp-content\/uploads\/2023\/12\/20231211_125340.jpg 1280w, https:\/\/sp1.kielce.eu\/wp-content\/uploads\/2023\/12\/20231211_125340-300x169.jpg 300w, https:\/\/sp1.kielce.eu\/wp-content\/uploads\/2023\/12\/20231211_125340-768x432.jpg 768w, https:\/\/sp1.kielce.eu\/wp-content\/uploads\/2023\/12\/20231211_125340-820x461.jpg 820w\" sizes=\"auto, (max-width: 1280px) 100vw, 1280px\" \/><\/a><\/figure>\n<\/figure>\n","protected":false},"excerpt":{"rendered":"<p>W dniu&nbsp;11.12.2023 w Kieleckim Centrum Bilardowym odby\u0142a si\u0119&nbsp;ostatnia&nbsp;kolejka m\u0142odzie\u017cowej ligi bilardowej w odmian\u0119&nbsp;9&nbsp;bil,&nbsp;w kt\u00f3rej uczestniczyli [&hellip;]<\/p>\n","protected":false},"author":5,"featured_media":31813,"comment_status":"closed","ping_status":"","sticky":false,"template":"","format":"standard","meta":{"footnotes":""},"categories":[36,11],"tags":[],"class_list":["post-31811","post","type-post","status-publish","format-standard","has-post-thumbnail","hentry","category-wydarzenia","category-zawody-sportowe"],"_links":{"self":[{"href":"https:\/\/sp1.kielce.eu\/index.php\/wp-json\/wp\/v2\/posts\/31811","targetHints":{"allow":["GET"]}}],"collection":[{"href":"https:\/\/sp1.kielce.eu\/index.php\/wp-json\/wp\/v2\/posts"}],"about":[{"href":"https:\/\/sp1.kielce.eu\/index.php\/wp-json\/wp\/v2\/types\/post"}],"author":[{"embeddable":true,"href":"https:\/\/sp1.kielce.eu\/index.php\/wp-json\/wp\/v2\/users\/5"}],"replies":[{"embeddable":true,"href":"https:\/\/sp1.kielce.eu\/index.php\/wp-json\/wp\/v2\/comments?post=31811"}],"version-history":[{"count":1,"href":"https:\/\/sp1.kielce.eu\/index.php\/wp-json\/wp\/v2\/posts\/31811\/revisions"}],"predecessor-version":[{"id":31816,"href":"https:\/\/sp1.kielce.eu\/index.php\/wp-json\/wp\/v2\/posts\/31811\/revisions\/31816"}],"wp:featuredmedia":[{"embeddable":true,"href":"https:\/\/sp1.kielce.eu\/index.php\/wp-json\/wp\/v2\/media\/31813"}],"wp:attachment":[{"href":"https:\/\/sp1.kielce.eu\/index.php\/wp-json\/wp\/v2\/media?parent=31811"}],"wp:term":[{"taxonomy":"category","embeddable":true,"href":"https:\/\/sp1.kielce.eu\/index.php\/wp-json\/wp\/v2\/categories?post=31811"},{"taxonomy":"post_tag","embeddable":true,"href":"https:\/\/sp1.kielce.eu\/index.php\/wp-json\/wp\/v2\/tags?post=31811"}],"curies":[{"name":"wp","href":"https:\/\/api.w.org\/{rel}","templated":true}]}}