{"id":31546,"date":"2023-12-07T10:24:57","date_gmt":"2023-12-07T09:24:57","guid":{"rendered":"http:\/\/sp1.kielce.eu\/?p=31546"},"modified":"2023-12-07T10:24:57","modified_gmt":"2023-12-07T09:24:57","slug":"rada-rodzicow-w-roli-sw-mikolaja","status":"publish","type":"post","link":"https:\/\/sp1.kielce.eu\/index.php\/2023\/12\/07\/rada-rodzicow-w-roli-sw-mikolaja\/","title":{"rendered":"Rada Rodzic\u00f3w w roli \u015bw. Miko\u0142aja"},"content":{"rendered":"\n<p><em>\u201e6 grudnia \u2013 jak dobrze wiecie<br>\u015awi\u0119ty Miko\u0142aj chodzi po \u015bwiecie.<br>D\u017awiga sw\u00f3j worek niezmordowanie.<br>I ka\u017cde dziecko prezent dostanie.\u201d<\/em><\/p>\n\n\n\n<p>W naszej szkole od wielu lat podtrzymujemy miko\u0142ajkow\u0105 tradycj\u0119. Od samego rana z\u00a0ka\u017cdej strony kr\u0119ci\u0142y si\u0119 po korytarzach dzieci w\u00a0ubraniach z\u00a0czerwonym akcentem. Jak co roku Rada Rodzic\u00f3w ufundowa\u0142a z\u00a0tej okazji s\u0142odki prezent dla ka\u017cdego ucznia \u2013 tym razem by\u0142y to kalendarze adwentowe. Nasz Ma\u0142y i\u00a0Du\u017cy samorz\u0105d uczniowski zamieni\u0142 si\u0119 w\u00a0pomocnik\u00f3w \u015awi\u0119tego Miko\u0142aja i\u00a0rozda\u0142 upominki wszystkim klasom.<br>Dzi\u0119kujemy!<\/p>\n\n\n\n<p class=\"has-text-align-right\">Opiekunki SU<\/p>\n\n\n\n<figure class=\"wp-block-gallery has-nested-images columns-default is-cropped wp-block-gallery-1 is-layout-flex wp-block-gallery-is-layout-flex\">\n<figure class=\"wp-block-image size-large\"><a href=\"http:\/\/sp1.kielce.eu\/wp-content\/uploads\/2023\/12\/IMG-20231206-WA00011-Copy.jpg\"><img loading=\"lazy\" decoding=\"async\" width=\"1200\" height=\"900\" data-id=\"31548\" src=\"http:\/\/sp1.kielce.eu\/wp-content\/uploads\/2023\/12\/IMG-20231206-WA00011-Copy.jpg\" alt=\"\" class=\"wp-image-31548\" srcset=\"https:\/\/sp1.kielce.eu\/wp-content\/uploads\/2023\/12\/IMG-20231206-WA00011-Copy.jpg 1200w, https:\/\/sp1.kielce.eu\/wp-content\/uploads\/2023\/12\/IMG-20231206-WA00011-Copy-300x225.jpg 300w, https:\/\/sp1.kielce.eu\/wp-content\/uploads\/2023\/12\/IMG-20231206-WA00011-Copy-768x576.jpg 768w, https:\/\/sp1.kielce.eu\/wp-content\/uploads\/2023\/12\/IMG-20231206-WA00011-Copy-820x615.jpg 820w\" sizes=\"auto, (max-width: 1200px) 100vw, 1200px\" \/><\/a><\/figure>\n\n\n\n<figure class=\"wp-block-image size-large\"><a href=\"http:\/\/sp1.kielce.eu\/wp-content\/uploads\/2023\/12\/received_8885384262091211-Copy.jpeg\"><img loading=\"lazy\" decoding=\"async\" width=\"675\" height=\"900\" data-id=\"31547\" src=\"http:\/\/sp1.kielce.eu\/wp-content\/uploads\/2023\/12\/received_8885384262091211-Copy.jpeg\" alt=\"\" class=\"wp-image-31547\" srcset=\"https:\/\/sp1.kielce.eu\/wp-content\/uploads\/2023\/12\/received_8885384262091211-Copy.jpeg 675w, https:\/\/sp1.kielce.eu\/wp-content\/uploads\/2023\/12\/received_8885384262091211-Copy-225x300.jpeg 225w\" sizes=\"auto, (max-width: 675px) 100vw, 675px\" \/><\/a><\/figure>\n<\/figure>\n","protected":false},"excerpt":{"rendered":"<p>\u201e6 grudnia \u2013 jak dobrze wiecie\u015awi\u0119ty Miko\u0142aj chodzi po \u015bwiecie.D\u017awiga sw\u00f3j worek niezmordowanie.I ka\u017cde dziecko [&hellip;]<\/p>\n","protected":false},"author":13,"featured_media":31549,"comment_status":"closed","ping_status":"","sticky":false,"template":"","format":"standard","meta":{"footnotes":""},"categories":[170,18],"tags":[],"class_list":["post-31546","post","type-post","status-publish","format-standard","has-post-thumbnail","hentry","category-msu","category-samorzad-uczniowoski"],"_links":{"self":[{"href":"https:\/\/sp1.kielce.eu\/index.php\/wp-json\/wp\/v2\/posts\/31546","targetHints":{"allow":["GET"]}}],"collection":[{"href":"https:\/\/sp1.kielce.eu\/index.php\/wp-json\/wp\/v2\/posts"}],"about":[{"href":"https:\/\/sp1.kielce.eu\/index.php\/wp-json\/wp\/v2\/types\/post"}],"author":[{"embeddable":true,"href":"https:\/\/sp1.kielce.eu\/index.php\/wp-json\/wp\/v2\/users\/13"}],"replies":[{"embeddable":true,"href":"https:\/\/sp1.kielce.eu\/index.php\/wp-json\/wp\/v2\/comments?post=31546"}],"version-history":[{"count":1,"href":"https:\/\/sp1.kielce.eu\/index.php\/wp-json\/wp\/v2\/posts\/31546\/revisions"}],"predecessor-version":[{"id":31550,"href":"https:\/\/sp1.kielce.eu\/index.php\/wp-json\/wp\/v2\/posts\/31546\/revisions\/31550"}],"wp:featuredmedia":[{"embeddable":true,"href":"https:\/\/sp1.kielce.eu\/index.php\/wp-json\/wp\/v2\/media\/31549"}],"wp:attachment":[{"href":"https:\/\/sp1.kielce.eu\/index.php\/wp-json\/wp\/v2\/media?parent=31546"}],"wp:term":[{"taxonomy":"category","embeddable":true,"href":"https:\/\/sp1.kielce.eu\/index.php\/wp-json\/wp\/v2\/categories?post=31546"},{"taxonomy":"post_tag","embeddable":true,"href":"https:\/\/sp1.kielce.eu\/index.php\/wp-json\/wp\/v2\/tags?post=31546"}],"curies":[{"name":"wp","href":"https:\/\/api.w.org\/{rel}","templated":true}]}}