{"id":31415,"date":"2023-11-30T08:44:45","date_gmt":"2023-11-30T07:44:45","guid":{"rendered":"http:\/\/sp1.kielce.eu\/?p=31415"},"modified":"2025-04-09T14:10:54","modified_gmt":"2025-04-09T12:10:54","slug":"spotkanie-szkoleniowo-informacyjne","status":"publish","type":"post","link":"https:\/\/sp1.kielce.eu\/index.php\/2023\/11\/30\/spotkanie-szkoleniowo-informacyjne\/","title":{"rendered":"Spotkanie szkoleniowo-informacyjne\u00a0"},"content":{"rendered":"\n<p><strong>(DCW w Kielcach i Wolontariat Hospicyjny Caritas Kielce)<\/strong><\/p>\n\n\n\n<p>W \u015brod\u0119, 29 listopada br. w naszej szkole mia\u0142y miejsce kolejne dwa interesuj\u0105ce <strong>spotkania szkoleniowo-informacyjne dla naszego Szkolnego Ko\u0142a Wolontariatu \u201eJedynka\u201d<\/strong> (dla klas si\u00f3dmych i \u00f3smych).&nbsp;<\/p>\n\n\n\n<p>Prowadz\u0105cymi by\u0142y: <strong>p. Monika Wilk (Koordynator Diecezjalnego Centrum Wolontariatu w Kielcach) i p. Dominika Borkowska (Koordynator Wolontariatu Hospicyjnego Caritas Kielce)<\/strong>.&nbsp;<\/p>\n\n\n\n<p>Z organizacjami zar\u00f3wno, DCW w Kielcach, jak i Wolontariatem Hospicyjnym jako Szko\u0142a i Szkolne Ko\u0142o Wolontariatu \u201eJedynka\u201d wsp\u00f3\u0142pracujemy ju\u017c od wielu lat. Prowadz\u0105ce szkolenie w spos\u00f3b bardzo komunikatywny, tw\u00f3rczy, korzystaj\u0105c z TIK, zaanga\u017cowali nasz\u0105 grup\u0119 Wolontariuszy do aktywnego uczestnictwa w spotkaniu, kt\u00f3rzy mogli na bie\u017c\u0105co zadawa\u0107 konkretne pytania.<\/p>\n\n\n\n<p>Wszyscy Wolontariusze, wed\u0142ug ich zainteresowa\u0144 i zdolno\u015bci zostali zaproszeni do uczestnictwa w r\u00f3\u017cnorakich inicjatywach, akcjach wolontariackich proponowanych przez DCW w Kielcach i Wolontariat Hospicyjny.&nbsp;<\/p>\n\n\n\n<p>Szczeg\u00f3\u0142owe informacje, propozycje, inicjatywy, akcje wolontariackie mo\u017cna odnale\u017a\u0107 na stronach i fb tych\u017ce organizacji:<\/p>\n\n\n\n<ol class=\"wp-block-list\">\n<li>DCW w Kielcach:&nbsp;<\/li>\n<\/ol>\n\n\n\n<p><a href=\"http:\/\/wolontariat.kielce.caritas.pl\/\">http:\/\/wolontariat.kielce.caritas.pl\/<\/a> <a href=\"https:\/\/www.facebook.com\/dcw.kielce\/\">https:\/\/www.facebook.com\/dcw.kielce\/<\/a><\/p>\n\n\n\n<ol class=\"wp-block-list\" start=\"2\">\n<li>Wolontariat Hospicyjny Caritas Kielce:<\/li>\n<\/ol>\n\n\n\n<p><a href=\"https:\/\/hospicjowo.caritas.pl\/\">https:\/\/hospicjowo.caritas.pl\/<\/a> <a href=\"https:\/\/www.facebook.com\/hospicjumcaritaskielce\">https:\/\/www.facebook.com\/hospicjumcaritaskielce<\/a><\/p>\n\n\n\n<p>Dzi\u0119kujemy paniom Koordynatorkom, za przeprowadzenie inspiruj\u0105cych spotka\u0144 szkoleniowo-informacyjne.&nbsp;<\/p>\n\n\n\n<p>A przede wszystkim dzi\u0119kujemy naszym, tak licznym Wolontariuszom i Wolontariuszkom, kt\u00f3rzy z ch\u0119ci\u0105 i rado\u015bci\u0105 pragn\u0105 si\u0119 szkoli\u0107, formowa\u0107 w byciu dobrym wolontariuszem i wolontariuszk\u0105.<\/p>\n\n\n\n<p>Szkolne Ko\u0142o Wolontariatu \u201eJedynka\u201d,<\/p>\n\n\n\n<p>ks. Konrad Walerczak, p. Agnieszka Rycombel, p. Agnieszka Buczek,<\/p>\n\n\n\n<p>p. Urszula Sodel, p. Remigiusz Krzywda,&nbsp;<\/p>\n\n\n\n<p>p. Ma\u0142gorzata G\u0119bska-Lisowska, p. Patrycja Zar\u0119ba-Michalska\u00a0 \u00a0<\/p>\n\n\n\n<figure class=\"wp-block-gallery has-nested-images columns-default is-cropped wp-block-gallery-1 is-layout-flex wp-block-gallery-is-layout-flex\">\n<figure class=\"wp-block-image size-large\"><a href=\"http:\/\/sp1.kielce.eu\/wp-content\/uploads\/2023\/11\/1-3.jpg\"><img loading=\"lazy\" decoding=\"async\" width=\"1200\" height=\"900\" data-id=\"31419\" src=\"http:\/\/sp1.kielce.eu\/wp-content\/uploads\/2023\/11\/1-3-1200x900.jpg\" alt=\"\" class=\"wp-image-31419\" srcset=\"https:\/\/sp1.kielce.eu\/wp-content\/uploads\/2023\/11\/1-3-1200x900.jpg 1200w, https:\/\/sp1.kielce.eu\/wp-content\/uploads\/2023\/11\/1-3-300x225.jpg 300w, https:\/\/sp1.kielce.eu\/wp-content\/uploads\/2023\/11\/1-3-768x576.jpg 768w, https:\/\/sp1.kielce.eu\/wp-content\/uploads\/2023\/11\/1-3-1536x1152.jpg 1536w, https:\/\/sp1.kielce.eu\/wp-content\/uploads\/2023\/11\/1-3-820x615.jpg 820w, https:\/\/sp1.kielce.eu\/wp-content\/uploads\/2023\/11\/1-3.jpg 2048w\" sizes=\"auto, (max-width: 1200px) 100vw, 1200px\" \/><\/a><\/figure>\n\n\n\n<figure class=\"wp-block-image size-large\"><a href=\"http:\/\/sp1.kielce.eu\/wp-content\/uploads\/2023\/11\/2-3.jpg\"><img loading=\"lazy\" decoding=\"async\" width=\"1200\" height=\"900\" data-id=\"31417\" src=\"http:\/\/sp1.kielce.eu\/wp-content\/uploads\/2023\/11\/2-3-1200x900.jpg\" alt=\"\" class=\"wp-image-31417\" srcset=\"https:\/\/sp1.kielce.eu\/wp-content\/uploads\/2023\/11\/2-3-1200x900.jpg 1200w, https:\/\/sp1.kielce.eu\/wp-content\/uploads\/2023\/11\/2-3-300x225.jpg 300w, https:\/\/sp1.kielce.eu\/wp-content\/uploads\/2023\/11\/2-3-768x576.jpg 768w, https:\/\/sp1.kielce.eu\/wp-content\/uploads\/2023\/11\/2-3-1536x1152.jpg 1536w, https:\/\/sp1.kielce.eu\/wp-content\/uploads\/2023\/11\/2-3-820x615.jpg 820w, https:\/\/sp1.kielce.eu\/wp-content\/uploads\/2023\/11\/2-3.jpg 2048w\" sizes=\"auto, (max-width: 1200px) 100vw, 1200px\" \/><\/a><\/figure>\n\n\n\n<figure class=\"wp-block-image size-large\"><a href=\"http:\/\/sp1.kielce.eu\/wp-content\/uploads\/2023\/11\/3-2.jpg\"><img loading=\"lazy\" decoding=\"async\" width=\"1200\" height=\"900\" data-id=\"31416\" src=\"http:\/\/sp1.kielce.eu\/wp-content\/uploads\/2023\/11\/3-2-1200x900.jpg\" alt=\"\" class=\"wp-image-31416\" srcset=\"https:\/\/sp1.kielce.eu\/wp-content\/uploads\/2023\/11\/3-2-1200x900.jpg 1200w, https:\/\/sp1.kielce.eu\/wp-content\/uploads\/2023\/11\/3-2-300x225.jpg 300w, https:\/\/sp1.kielce.eu\/wp-content\/uploads\/2023\/11\/3-2-768x576.jpg 768w, https:\/\/sp1.kielce.eu\/wp-content\/uploads\/2023\/11\/3-2-1536x1152.jpg 1536w, https:\/\/sp1.kielce.eu\/wp-content\/uploads\/2023\/11\/3-2-820x615.jpg 820w, https:\/\/sp1.kielce.eu\/wp-content\/uploads\/2023\/11\/3-2.jpg 2048w\" sizes=\"auto, (max-width: 1200px) 100vw, 1200px\" \/><\/a><\/figure>\n\n\n\n<figure class=\"wp-block-image size-large\"><a href=\"http:\/\/sp1.kielce.eu\/wp-content\/uploads\/2023\/11\/5-2.jpg\"><img loading=\"lazy\" decoding=\"async\" width=\"1200\" height=\"900\" data-id=\"31420\" src=\"http:\/\/sp1.kielce.eu\/wp-content\/uploads\/2023\/11\/5-2-1200x900.jpg\" alt=\"\" class=\"wp-image-31420\" srcset=\"https:\/\/sp1.kielce.eu\/wp-content\/uploads\/2023\/11\/5-2-1200x900.jpg 1200w, https:\/\/sp1.kielce.eu\/wp-content\/uploads\/2023\/11\/5-2-300x225.jpg 300w, https:\/\/sp1.kielce.eu\/wp-content\/uploads\/2023\/11\/5-2-768x576.jpg 768w, https:\/\/sp1.kielce.eu\/wp-content\/uploads\/2023\/11\/5-2-1536x1152.jpg 1536w, https:\/\/sp1.kielce.eu\/wp-content\/uploads\/2023\/11\/5-2-820x615.jpg 820w, https:\/\/sp1.kielce.eu\/wp-content\/uploads\/2023\/11\/5-2.jpg 2048w\" sizes=\"auto, (max-width: 1200px) 100vw, 1200px\" \/><\/a><\/figure>\n\n\n\n<figure class=\"wp-block-image size-large\"><a href=\"http:\/\/sp1.kielce.eu\/wp-content\/uploads\/2023\/11\/6-2.jpg\"><img loading=\"lazy\" decoding=\"async\" width=\"1200\" height=\"900\" data-id=\"31421\" src=\"http:\/\/sp1.kielce.eu\/wp-content\/uploads\/2023\/11\/6-2-1200x900.jpg\" alt=\"\" class=\"wp-image-31421\" srcset=\"https:\/\/sp1.kielce.eu\/wp-content\/uploads\/2023\/11\/6-2-1200x900.jpg 1200w, https:\/\/sp1.kielce.eu\/wp-content\/uploads\/2023\/11\/6-2-300x225.jpg 300w, https:\/\/sp1.kielce.eu\/wp-content\/uploads\/2023\/11\/6-2-768x576.jpg 768w, https:\/\/sp1.kielce.eu\/wp-content\/uploads\/2023\/11\/6-2-1536x1152.jpg 1536w, https:\/\/sp1.kielce.eu\/wp-content\/uploads\/2023\/11\/6-2-820x615.jpg 820w, https:\/\/sp1.kielce.eu\/wp-content\/uploads\/2023\/11\/6-2.jpg 2048w\" sizes=\"auto, (max-width: 1200px) 100vw, 1200px\" \/><\/a><\/figure>\n\n\n\n<figure class=\"wp-block-image size-large\"><a href=\"http:\/\/sp1.kielce.eu\/wp-content\/uploads\/2023\/11\/7-1.jpg\"><img loading=\"lazy\" decoding=\"async\" width=\"1200\" height=\"900\" data-id=\"31418\" src=\"http:\/\/sp1.kielce.eu\/wp-content\/uploads\/2023\/11\/7-1-1200x900.jpg\" alt=\"\" class=\"wp-image-31418\" srcset=\"https:\/\/sp1.kielce.eu\/wp-content\/uploads\/2023\/11\/7-1-1200x900.jpg 1200w, https:\/\/sp1.kielce.eu\/wp-content\/uploads\/2023\/11\/7-1-300x225.jpg 300w, https:\/\/sp1.kielce.eu\/wp-content\/uploads\/2023\/11\/7-1-768x576.jpg 768w, https:\/\/sp1.kielce.eu\/wp-content\/uploads\/2023\/11\/7-1-1536x1152.jpg 1536w, https:\/\/sp1.kielce.eu\/wp-content\/uploads\/2023\/11\/7-1-820x615.jpg 820w, https:\/\/sp1.kielce.eu\/wp-content\/uploads\/2023\/11\/7-1.jpg 2048w\" sizes=\"auto, (max-width: 1200px) 100vw, 1200px\" \/><\/a><\/figure>\n\n\n\n<figure class=\"wp-block-image size-large\"><a href=\"http:\/\/sp1.kielce.eu\/wp-content\/uploads\/2023\/11\/8-1.jpg\"><img loading=\"lazy\" decoding=\"async\" width=\"1200\" height=\"900\" data-id=\"31422\" src=\"http:\/\/sp1.kielce.eu\/wp-content\/uploads\/2023\/11\/8-1-1200x900.jpg\" alt=\"\" class=\"wp-image-31422\" srcset=\"https:\/\/sp1.kielce.eu\/wp-content\/uploads\/2023\/11\/8-1-1200x900.jpg 1200w, https:\/\/sp1.kielce.eu\/wp-content\/uploads\/2023\/11\/8-1-300x225.jpg 300w, https:\/\/sp1.kielce.eu\/wp-content\/uploads\/2023\/11\/8-1-768x576.jpg 768w, https:\/\/sp1.kielce.eu\/wp-content\/uploads\/2023\/11\/8-1-1536x1152.jpg 1536w, https:\/\/sp1.kielce.eu\/wp-content\/uploads\/2023\/11\/8-1-820x615.jpg 820w, https:\/\/sp1.kielce.eu\/wp-content\/uploads\/2023\/11\/8-1.jpg 2048w\" sizes=\"auto, (max-width: 1200px) 100vw, 1200px\" \/><\/a><\/figure>\n\n\n\n<figure class=\"wp-block-image size-large\"><a href=\"http:\/\/sp1.kielce.eu\/wp-content\/uploads\/2023\/11\/Zdjecie-tytulowe-1.jpg\"><img loading=\"lazy\" decoding=\"async\" width=\"1200\" height=\"900\" data-id=\"31423\" src=\"http:\/\/sp1.kielce.eu\/wp-content\/uploads\/2023\/11\/Zdjecie-tytulowe-1-1200x900.jpg\" alt=\"\" class=\"wp-image-31423\" srcset=\"https:\/\/sp1.kielce.eu\/wp-content\/uploads\/2023\/11\/Zdjecie-tytulowe-1-1200x900.jpg 1200w, https:\/\/sp1.kielce.eu\/wp-content\/uploads\/2023\/11\/Zdjecie-tytulowe-1-300x225.jpg 300w, https:\/\/sp1.kielce.eu\/wp-content\/uploads\/2023\/11\/Zdjecie-tytulowe-1-768x576.jpg 768w, https:\/\/sp1.kielce.eu\/wp-content\/uploads\/2023\/11\/Zdjecie-tytulowe-1-1536x1152.jpg 1536w, https:\/\/sp1.kielce.eu\/wp-content\/uploads\/2023\/11\/Zdjecie-tytulowe-1-820x615.jpg 820w, https:\/\/sp1.kielce.eu\/wp-content\/uploads\/2023\/11\/Zdjecie-tytulowe-1.jpg 2048w\" sizes=\"auto, (max-width: 1200px) 100vw, 1200px\" \/><\/a><\/figure>\n<\/figure>\n","protected":false},"excerpt":{"rendered":"<p>(DCW w Kielcach i Wolontariat Hospicyjny Caritas Kielce) W \u015brod\u0119, 29 listopada br. w naszej [&hellip;]<\/p>\n","protected":false},"author":5,"featured_media":31423,"comment_status":"closed","ping_status":"","sticky":false,"template":"","format":"standard","meta":{"footnotes":""},"categories":[36,163,143],"tags":[],"class_list":["post-31415","post","type-post","status-publish","format-standard","has-post-thumbnail","hentry","category-wydarzenia","category-skw","category-dorzaw"],"_links":{"self":[{"href":"https:\/\/sp1.kielce.eu\/index.php\/wp-json\/wp\/v2\/posts\/31415","targetHints":{"allow":["GET"]}}],"collection":[{"href":"https:\/\/sp1.kielce.eu\/index.php\/wp-json\/wp\/v2\/posts"}],"about":[{"href":"https:\/\/sp1.kielce.eu\/index.php\/wp-json\/wp\/v2\/types\/post"}],"author":[{"embeddable":true,"href":"https:\/\/sp1.kielce.eu\/index.php\/wp-json\/wp\/v2\/users\/5"}],"replies":[{"embeddable":true,"href":"https:\/\/sp1.kielce.eu\/index.php\/wp-json\/wp\/v2\/comments?post=31415"}],"version-history":[{"count":1,"href":"https:\/\/sp1.kielce.eu\/index.php\/wp-json\/wp\/v2\/posts\/31415\/revisions"}],"predecessor-version":[{"id":31424,"href":"https:\/\/sp1.kielce.eu\/index.php\/wp-json\/wp\/v2\/posts\/31415\/revisions\/31424"}],"wp:featuredmedia":[{"embeddable":true,"href":"https:\/\/sp1.kielce.eu\/index.php\/wp-json\/wp\/v2\/media\/31423"}],"wp:attachment":[{"href":"https:\/\/sp1.kielce.eu\/index.php\/wp-json\/wp\/v2\/media?parent=31415"}],"wp:term":[{"taxonomy":"category","embeddable":true,"href":"https:\/\/sp1.kielce.eu\/index.php\/wp-json\/wp\/v2\/categories?post=31415"},{"taxonomy":"post_tag","embeddable":true,"href":"https:\/\/sp1.kielce.eu\/index.php\/wp-json\/wp\/v2\/tags?post=31415"}],"curies":[{"name":"wp","href":"https:\/\/api.w.org\/{rel}","templated":true}]}}