{"id":31346,"date":"2023-11-22T19:08:55","date_gmt":"2023-11-22T18:08:55","guid":{"rendered":"http:\/\/sp1.kielce.eu\/?p=31346"},"modified":"2023-11-22T19:08:55","modified_gmt":"2023-11-22T18:08:55","slug":"miedzynarodowy-dzien-praw-dziecka","status":"publish","type":"post","link":"https:\/\/sp1.kielce.eu\/index.php\/2023\/11\/22\/miedzynarodowy-dzien-praw-dziecka\/","title":{"rendered":"Mi\u0119dzynarodowy Dzie\u0144 Praw Dziecka"},"content":{"rendered":"\n<p class=\"has-black-color has-text-color has-link-color has-medium-font-size wp-elements-c49fd7e375a3f7213b6d8c883dd990bf\"><strong><em>20 listopada<\/em><\/strong>\u00a0to wyj\u0105tkowy dzie\u0144 \u2013 rocznica uchwalenia Konwencji o prawach\u00a0dziecka. Jest to moment, w kt\u00f3rym uwaga wszystkich kierowana jest na dzieci i ich\u00a0prawa. <strong>UNICEF\u00a0<\/strong>jest stra\u017cnikiem Konwencji o prawach dziecka na \u015bwiecie. To\u00a0organizacja humanitarna dzia\u0142aj\u0105ca na rzecz dzieci,\u00a0 zaanga\u017cowana w zapewnienie\u00a0szczeg\u00f3lnej ochrony najbardziej poszkodowanym dzieciom,\u00a0aby dzieciom \u017cy\u0142o si\u0119\u00a0lepiej, niezale\u017cnie od miejsca urodzenia, koloru sk\u00f3ry czy religii. Ka\u017cdy ma prawo do\u00a0zdrowego i bezpiecznego dzieci\u0144stwa. Symbolem tej\u00a0organizacji jest\u00a0<strong><em>kolor\u00a0niebieski<\/em><\/strong><strong>.<\/strong>\u00a0\u00a0W tym szczeg\u00f3lnym dniu dzieci na ca\u0142ym \u015bwiecie jednocz\u0105 si\u0119 i\u00a0podejmuj\u0105 wiele dzia\u0142a\u0144 w imieniu swoich r\u00f3wie\u015bnik\u00f3w \u2013 tych, kt\u00f3rych prawa cz\u0119sto\u00a0s\u0105 \u0142amane.<br>\u00a0\u00a0\u00a0\u00a0\u00a0\u00a0 \u00a0\u00a0\u201eJedynka\u201d po raz kolejny w\u0142\u0105czy\u0142a si\u0119 w\u00a0akcj\u0119. W\u00a0klasach I-III zosta\u0142y przeprowadzone zaj\u0119cia dotycz\u0105ce praw dziecka. Uczniom przybli\u017cona zosta\u0142a r\u00f3wnie\u017c osoba Rzecznika Praw Dziecka i\u00a0jego zada\u0144, a\u00a0tak\u017ce numery telefon\u00f3w zaufania dla dzieci i\u00a0m\u0142odzie\u017cy.<\/p>\n\n\n\n<p class=\"has-link-color has-medium-font-size wp-elements-05381f443033653d2ae5c27b4d0d3e8f\">\u00a0\u00a0\u00a0\u00a0\u00a0\u00a0\u00a0\u00a0\u00a0   W tym dniu uczniowie klas I-III przyszli do szko\u0142y ubrani na niebiesko.<br>Dzi\u0119kujemy wychowawcom klas I-III za w\u0142\u0105czenie si\u0119 w\u00a0akcj\u0119 UNICEF.<\/p>\n\n\n\n<p class=\"has-text-align-right has-link-color has-medium-font-size wp-elements-66187bab47c0f4933c92fd39116bc666\">Zesp\u00f3\u0142 nauczycieli specjalist\u00f3w<\/p>\n\n\n\n<figure class=\"wp-block-gallery has-nested-images columns-default is-cropped wp-block-gallery-1 is-layout-flex wp-block-gallery-is-layout-flex\">\n<figure class=\"wp-block-image size-large\"><a href=\"http:\/\/sp1.kielce.eu\/wp-content\/uploads\/2023\/11\/Bez-nazwy-Copy-1.png\"><img loading=\"lazy\" decoding=\"async\" width=\"1200\" height=\"900\" data-id=\"31350\" src=\"http:\/\/sp1.kielce.eu\/wp-content\/uploads\/2023\/11\/Bez-nazwy-Copy-1.png\" alt=\"\" class=\"wp-image-31350\" srcset=\"https:\/\/sp1.kielce.eu\/wp-content\/uploads\/2023\/11\/Bez-nazwy-Copy-1.png 1200w, https:\/\/sp1.kielce.eu\/wp-content\/uploads\/2023\/11\/Bez-nazwy-Copy-1-300x225.png 300w, https:\/\/sp1.kielce.eu\/wp-content\/uploads\/2023\/11\/Bez-nazwy-Copy-1-768x576.png 768w, https:\/\/sp1.kielce.eu\/wp-content\/uploads\/2023\/11\/Bez-nazwy-Copy-1-820x615.png 820w\" sizes=\"auto, (max-width: 1200px) 100vw, 1200px\" \/><\/a><\/figure>\n\n\n\n<figure class=\"wp-block-image size-large\"><a href=\"http:\/\/sp1.kielce.eu\/wp-content\/uploads\/2023\/11\/Collage-Copy.jpg\"><img loading=\"lazy\" decoding=\"async\" width=\"676\" height=\"900\" data-id=\"31348\" src=\"http:\/\/sp1.kielce.eu\/wp-content\/uploads\/2023\/11\/Collage-Copy.jpg\" alt=\"\" class=\"wp-image-31348\" srcset=\"https:\/\/sp1.kielce.eu\/wp-content\/uploads\/2023\/11\/Collage-Copy.jpg 676w, https:\/\/sp1.kielce.eu\/wp-content\/uploads\/2023\/11\/Collage-Copy-225x300.jpg 225w\" sizes=\"auto, (max-width: 676px) 100vw, 676px\" \/><\/a><\/figure>\n\n\n\n<figure class=\"wp-block-image size-large\"><a href=\"http:\/\/sp1.kielce.eu\/wp-content\/uploads\/2023\/11\/collage-1-Copy.jpg\"><img loading=\"lazy\" decoding=\"async\" width=\"506\" height=\"900\" data-id=\"31349\" src=\"http:\/\/sp1.kielce.eu\/wp-content\/uploads\/2023\/11\/collage-1-Copy.jpg\" alt=\"\" class=\"wp-image-31349\" srcset=\"https:\/\/sp1.kielce.eu\/wp-content\/uploads\/2023\/11\/collage-1-Copy.jpg 506w, https:\/\/sp1.kielce.eu\/wp-content\/uploads\/2023\/11\/collage-1-Copy-169x300.jpg 169w\" sizes=\"auto, (max-width: 506px) 100vw, 506px\" \/><\/a><\/figure>\n<\/figure>\n","protected":false},"excerpt":{"rendered":"<p>20 listopada\u00a0to wyj\u0105tkowy dzie\u0144 \u2013 rocznica uchwalenia Konwencji o prawach\u00a0dziecka. Jest to moment, w kt\u00f3rym [&hellip;]<\/p>\n","protected":false},"author":13,"featured_media":31351,"comment_status":"closed","ping_status":"","sticky":false,"template":"","format":"standard","meta":{"footnotes":""},"categories":[36],"tags":[],"class_list":["post-31346","post","type-post","status-publish","format-standard","has-post-thumbnail","hentry","category-wydarzenia"],"_links":{"self":[{"href":"https:\/\/sp1.kielce.eu\/index.php\/wp-json\/wp\/v2\/posts\/31346","targetHints":{"allow":["GET"]}}],"collection":[{"href":"https:\/\/sp1.kielce.eu\/index.php\/wp-json\/wp\/v2\/posts"}],"about":[{"href":"https:\/\/sp1.kielce.eu\/index.php\/wp-json\/wp\/v2\/types\/post"}],"author":[{"embeddable":true,"href":"https:\/\/sp1.kielce.eu\/index.php\/wp-json\/wp\/v2\/users\/13"}],"replies":[{"embeddable":true,"href":"https:\/\/sp1.kielce.eu\/index.php\/wp-json\/wp\/v2\/comments?post=31346"}],"version-history":[{"count":9,"href":"https:\/\/sp1.kielce.eu\/index.php\/wp-json\/wp\/v2\/posts\/31346\/revisions"}],"predecessor-version":[{"id":31359,"href":"https:\/\/sp1.kielce.eu\/index.php\/wp-json\/wp\/v2\/posts\/31346\/revisions\/31359"}],"wp:featuredmedia":[{"embeddable":true,"href":"https:\/\/sp1.kielce.eu\/index.php\/wp-json\/wp\/v2\/media\/31351"}],"wp:attachment":[{"href":"https:\/\/sp1.kielce.eu\/index.php\/wp-json\/wp\/v2\/media?parent=31346"}],"wp:term":[{"taxonomy":"category","embeddable":true,"href":"https:\/\/sp1.kielce.eu\/index.php\/wp-json\/wp\/v2\/categories?post=31346"},{"taxonomy":"post_tag","embeddable":true,"href":"https:\/\/sp1.kielce.eu\/index.php\/wp-json\/wp\/v2\/tags?post=31346"}],"curies":[{"name":"wp","href":"https:\/\/api.w.org\/{rel}","templated":true}]}}