{"id":31283,"date":"2023-11-21T10:34:57","date_gmt":"2023-11-21T09:34:57","guid":{"rendered":"http:\/\/sp1.kielce.eu\/?p=31283"},"modified":"2023-11-21T10:34:57","modified_gmt":"2023-11-21T09:34:57","slug":"konkurs-najpiekniejsza-ozdoba-swiateczna-2023","status":"publish","type":"post","link":"https:\/\/sp1.kielce.eu\/index.php\/2023\/11\/21\/konkurs-najpiekniejsza-ozdoba-swiateczna-2023\/","title":{"rendered":"Konkurs NAJPI\u0118KNIEJSZA OZDOBA \u015aWI\u0104TECZNA 2023\u00a0\u00a0\u00a0"},"content":{"rendered":"\n<p>Serdecznie zapraszamy wszystkich ch\u0119tnych uczni\u00f3w naszej szko\u0142y do wzi\u0119cia udzia\u0142u w\u00a0konkursie na wykonanie najpi\u0119kniejszej ozdoby z\u00a0okazji \u015bwi\u0105t Bo\u017cego Narodzenia. Do konkursu mo\u017cna zg\u0142asza\u0107: ozdoby choinkowe, szopki, stroiki, itp.<\/p>\n\n\n\n<p><strong>Cele konkursu:<\/strong><\/p>\n\n\n\n<ul class=\"wp-block-list\">\n<li>kultywowanie w\u015br\u00f3d uczni\u00f3w tradycji \u015bwi\u0105tecznych i&nbsp;stworzenie uczniom mo\u017cliwo\u015bci prezentacji w\u0142asnych dokona\u0144 tw\u00f3rczych zwi\u0105zanych z&nbsp;tradycj\u0105 \u015awi\u0105t Bo\u017cego Narodzenia.<\/li>\n<\/ul>\n\n\n\n<ul class=\"wp-block-list\">\n<li>rozwijanie wyobra\u017ani oraz pobudzanie aktywno\u015bci tw\u00f3rczej i&nbsp;spo\u0142ecznej uczni\u00f3w<\/li>\n\n\n\n<li>rozwijanie wra\u017cliwo\u015bci estetycznej i inwencji poprzez zastosowanie r\u00f3\u017cnorodnych materia\u0142\u00f3w.<\/li>\n<\/ul>\n\n\n\n<p><strong>Zadanie konkursowe:<\/strong><\/p>\n\n\n\n<p>Materia\u0142y i technika wykonania pracy jest dowolna, mo\u017cna u\u017cywa\u0107 materia\u0142\u00f3w naturalnych, szyszek, drewna, sznurka, papieru i&nbsp;bibu\u0142y, gliny, przedmiot\u00f3w do recyklingu itp. Ozdoby mo\u017cna wykona\u0107 samodzielnie lub z&nbsp;pomoc\u0105 rodzic\u00f3w. Do wykonanej pracy nale\u017cy do\u0142\u0105czy\u0107 karteczk\u0119 z&nbsp;danymi uczestnika konkursu ( imi\u0119 i&nbsp;nazwisko, klasa).<\/p>\n\n\n\n<p>Prace oceniane b\u0119d\u0105 w kategoriach: kl. 1-3, kl. 4-6, kl. 7-8<\/p>\n\n\n\n<p><strong>Termin dostarczania prac:<\/strong><\/p>\n\n\n\n<p>Prace nale\u017cy dostarczy\u0107 do&nbsp;<strong>5&nbsp;GRUDNIA 2023&nbsp;r. <\/strong>do p.&nbsp;Marzeny Kwiecie\u0144, p.&nbsp;Iwony Tusznio, p.&nbsp;Agnieszki Rycombel.<\/p>\n\n\n\n<p><strong>Wybrane prace z&nbsp;ka\u017cdej kategorii wiekowej zostan\u0105 nagrodzone i&nbsp;wyr\u00f3\u017cnione.&nbsp;<\/strong><\/p>\n\n\n\n<p>O&nbsp;wy\u0142onieniu zwyci\u0119zc\u00f3w konkursu zdecyduje komisja konkursowa. Prace oceniane b\u0119d\u0105 wed\u0142ug&nbsp;nast\u0119puj\u0105cych kryteri\u00f3w:<\/p>\n\n\n\n<ul class=\"wp-block-list\">\n<li>oryginalno\u015b\u0107<\/li>\n\n\n\n<li>pomys\u0142owo\u015b\u0107<\/li>\n\n\n\n<li>estetyka wykonania<\/li>\n\n\n\n<li>zastosowanie element\u00f3w ekologicznych.<\/li>\n<\/ul>\n\n\n\n<p><strong>Wszystkie prace zostan\u0105 wystawione na kiermaszu \u015bwi\u0105tecznym, z kt\u00f3rego doch\u00f3d zostanie przeznaczony na remont szatni szkolnej.<\/strong> <\/p>\n\n\n\n<p>Fot. 12138562 Pixabay<\/p>\n","protected":false},"excerpt":{"rendered":"<p>Serdecznie zapraszamy wszystkich ch\u0119tnych uczni\u00f3w naszej szko\u0142y do wzi\u0119cia udzia\u0142u w\u00a0konkursie na wykonanie najpi\u0119kniejszej ozdoby [&hellip;]<\/p>\n","protected":false},"author":13,"featured_media":31284,"comment_status":"closed","ping_status":"","sticky":false,"template":"","format":"standard","meta":{"footnotes":""},"categories":[1,10,22],"tags":[],"class_list":["post-31283","post","type-post","status-publish","format-standard","has-post-thumbnail","hentry","category-bez-kategorii","category-konkursy-przedmiotowe","category-konkursy-konkursy-przedmiotowe"],"_links":{"self":[{"href":"https:\/\/sp1.kielce.eu\/index.php\/wp-json\/wp\/v2\/posts\/31283","targetHints":{"allow":["GET"]}}],"collection":[{"href":"https:\/\/sp1.kielce.eu\/index.php\/wp-json\/wp\/v2\/posts"}],"about":[{"href":"https:\/\/sp1.kielce.eu\/index.php\/wp-json\/wp\/v2\/types\/post"}],"author":[{"embeddable":true,"href":"https:\/\/sp1.kielce.eu\/index.php\/wp-json\/wp\/v2\/users\/13"}],"replies":[{"embeddable":true,"href":"https:\/\/sp1.kielce.eu\/index.php\/wp-json\/wp\/v2\/comments?post=31283"}],"version-history":[{"count":1,"href":"https:\/\/sp1.kielce.eu\/index.php\/wp-json\/wp\/v2\/posts\/31283\/revisions"}],"predecessor-version":[{"id":31285,"href":"https:\/\/sp1.kielce.eu\/index.php\/wp-json\/wp\/v2\/posts\/31283\/revisions\/31285"}],"wp:featuredmedia":[{"embeddable":true,"href":"https:\/\/sp1.kielce.eu\/index.php\/wp-json\/wp\/v2\/media\/31284"}],"wp:attachment":[{"href":"https:\/\/sp1.kielce.eu\/index.php\/wp-json\/wp\/v2\/media?parent=31283"}],"wp:term":[{"taxonomy":"category","embeddable":true,"href":"https:\/\/sp1.kielce.eu\/index.php\/wp-json\/wp\/v2\/categories?post=31283"},{"taxonomy":"post_tag","embeddable":true,"href":"https:\/\/sp1.kielce.eu\/index.php\/wp-json\/wp\/v2\/tags?post=31283"}],"curies":[{"name":"wp","href":"https:\/\/api.w.org\/{rel}","templated":true}]}}