{"id":31262,"date":"2023-11-20T08:28:39","date_gmt":"2023-11-20T07:28:39","guid":{"rendered":"http:\/\/sp1.kielce.eu\/?p=31262"},"modified":"2023-11-20T08:28:39","modified_gmt":"2023-11-20T07:28:39","slug":"szkolenie-pocztow-sztandarowych","status":"publish","type":"post","link":"https:\/\/sp1.kielce.eu\/index.php\/2023\/11\/20\/szkolenie-pocztow-sztandarowych\/","title":{"rendered":"Szkolenie Poczt\u00f3w Sztandarowych"},"content":{"rendered":"\n<p>8 listopada w Zespole Szk\u00f3\u0142 nr 3 w Kielcach, odby\u0142o si\u0119 szkolenie dla poczt\u00f3w sztandarowych szk\u00f3\u0142 podstawowych z powiatu kieleckiego. Organizatorem szkolenia,<br>by\u0142o Kuratorium O\u015bwiaty w Kielcach oraz Komenda Kieleckiego Ochotniczego Sztandaru&nbsp; Kawalerii im. 13 Pu\u0142ku U\u0142an\u00f3w Wile\u0144skich. Podczas szkolenia om\u00f3wiona zosta\u0142a symbolika<br>i znaczenie pocztu sztandarowego oraz zasady noszenia i prezentowania sztandaru swojej plac\u00f3wki. W trakcie szkolenia by\u0142y r\u00f3wnie\u017c prowadzone \u0107wiczenia praktyczne prezentowane przez chor\u0105\u017cego Mariusza Kowalskiego. Uczniowie \u0107wiczyli podstawowe chwyty sztandaru, wyst\u0105pienie, marsz, zwroty, zatrzymanie i zmiany szyku pocztu sztandarowego podczas uroczysto\u015bci.<\/p>\n\n\n\n<p>Trening praktycznego doskonalenia zasad Ceremonia\u0142u Wojskowego pod kierunkiem do\u015bwiadczonych szkoleniowc\u00f3w, by\u0142a dla uczni\u00f3w cennym i warto\u015bciowym do\u015bwiadczeniem. Wiedza i praktyka uzyskana podczas szkolenia pomo\u017ce opiekunowi w przygotowaniu Pocztu Sztandarowego do udzia\u0142u w uroczysto\u015bciach szkolnych oraz patriotyczno-religijnych.<\/p>\n\n\n\n<p>W szkoleniu wzi\u0119li udzia\u0142 uczniowie z klas 7:<\/p>\n\n\n\n<ol class=\"wp-block-list\">\n<li>Iga Chrobot 7a<\/li>\n\n\n\n<li>Lena Kr\u00f3l&nbsp; &nbsp; 7a<\/li>\n\n\n\n<li>Karol Sacha 7b<\/li>\n<\/ol>\n\n\n\n<p>Opiekun: Agnieszka Buczek<\/p>\n\n\n\n<figure class=\"wp-block-gallery has-nested-images columns-default is-cropped wp-block-gallery-1 is-layout-flex wp-block-gallery-is-layout-flex\">\n<figure class=\"wp-block-image size-large\"><a href=\"http:\/\/sp1.kielce.eu\/wp-content\/uploads\/2023\/11\/20231108_1152041.jpg\"><img loading=\"lazy\" decoding=\"async\" width=\"1024\" height=\"576\" data-id=\"31263\" src=\"http:\/\/sp1.kielce.eu\/wp-content\/uploads\/2023\/11\/20231108_1152041.jpg\" alt=\"\" class=\"wp-image-31263\" srcset=\"https:\/\/sp1.kielce.eu\/wp-content\/uploads\/2023\/11\/20231108_1152041.jpg 1024w, https:\/\/sp1.kielce.eu\/wp-content\/uploads\/2023\/11\/20231108_1152041-300x169.jpg 300w, https:\/\/sp1.kielce.eu\/wp-content\/uploads\/2023\/11\/20231108_1152041-768x432.jpg 768w, https:\/\/sp1.kielce.eu\/wp-content\/uploads\/2023\/11\/20231108_1152041-820x461.jpg 820w\" sizes=\"auto, (max-width: 1024px) 100vw, 1024px\" \/><\/a><\/figure>\n\n\n\n<figure class=\"wp-block-image size-large\"><a href=\"http:\/\/sp1.kielce.eu\/wp-content\/uploads\/2023\/11\/20231117_0753411.jpg\"><img loading=\"lazy\" decoding=\"async\" width=\"1024\" height=\"715\" data-id=\"31264\" src=\"http:\/\/sp1.kielce.eu\/wp-content\/uploads\/2023\/11\/20231117_0753411.jpg\" alt=\"\" class=\"wp-image-31264\" srcset=\"https:\/\/sp1.kielce.eu\/wp-content\/uploads\/2023\/11\/20231117_0753411.jpg 1024w, https:\/\/sp1.kielce.eu\/wp-content\/uploads\/2023\/11\/20231117_0753411-300x209.jpg 300w, https:\/\/sp1.kielce.eu\/wp-content\/uploads\/2023\/11\/20231117_0753411-768x536.jpg 768w, https:\/\/sp1.kielce.eu\/wp-content\/uploads\/2023\/11\/20231117_0753411-820x573.jpg 820w\" sizes=\"auto, (max-width: 1024px) 100vw, 1024px\" \/><\/a><\/figure>\n\n\n\n<figure class=\"wp-block-image size-large\"><a href=\"http:\/\/sp1.kielce.eu\/wp-content\/uploads\/2023\/11\/20231108_1154151.jpg\"><img loading=\"lazy\" decoding=\"async\" width=\"506\" height=\"900\" data-id=\"31265\" src=\"http:\/\/sp1.kielce.eu\/wp-content\/uploads\/2023\/11\/20231108_1154151-506x900.jpg\" alt=\"\" class=\"wp-image-31265\" srcset=\"https:\/\/sp1.kielce.eu\/wp-content\/uploads\/2023\/11\/20231108_1154151-506x900.jpg 506w, https:\/\/sp1.kielce.eu\/wp-content\/uploads\/2023\/11\/20231108_1154151-169x300.jpg 169w, https:\/\/sp1.kielce.eu\/wp-content\/uploads\/2023\/11\/20231108_1154151-768x1365.jpg 768w, https:\/\/sp1.kielce.eu\/wp-content\/uploads\/2023\/11\/20231108_1154151-864x1536.jpg 864w, https:\/\/sp1.kielce.eu\/wp-content\/uploads\/2023\/11\/20231108_1154151-820x1457.jpg 820w, https:\/\/sp1.kielce.eu\/wp-content\/uploads\/2023\/11\/20231108_1154151.jpg 1024w\" sizes=\"auto, (max-width: 506px) 100vw, 506px\" \/><\/a><\/figure>\n<\/figure>\n","protected":false},"excerpt":{"rendered":"<p>8 listopada w Zespole Szk\u00f3\u0142 nr 3 w Kielcach, odby\u0142o si\u0119 szkolenie dla poczt\u00f3w sztandarowych [&hellip;]<\/p>\n","protected":false},"author":5,"featured_media":31265,"comment_status":"closed","ping_status":"","sticky":false,"template":"","format":"standard","meta":{"footnotes":""},"categories":[36,192],"tags":[],"class_list":["post-31262","post","type-post","status-publish","format-standard","has-post-thumbnail","hentry","category-wydarzenia","category-poczet"],"_links":{"self":[{"href":"https:\/\/sp1.kielce.eu\/index.php\/wp-json\/wp\/v2\/posts\/31262","targetHints":{"allow":["GET"]}}],"collection":[{"href":"https:\/\/sp1.kielce.eu\/index.php\/wp-json\/wp\/v2\/posts"}],"about":[{"href":"https:\/\/sp1.kielce.eu\/index.php\/wp-json\/wp\/v2\/types\/post"}],"author":[{"embeddable":true,"href":"https:\/\/sp1.kielce.eu\/index.php\/wp-json\/wp\/v2\/users\/5"}],"replies":[{"embeddable":true,"href":"https:\/\/sp1.kielce.eu\/index.php\/wp-json\/wp\/v2\/comments?post=31262"}],"version-history":[{"count":1,"href":"https:\/\/sp1.kielce.eu\/index.php\/wp-json\/wp\/v2\/posts\/31262\/revisions"}],"predecessor-version":[{"id":31266,"href":"https:\/\/sp1.kielce.eu\/index.php\/wp-json\/wp\/v2\/posts\/31262\/revisions\/31266"}],"wp:featuredmedia":[{"embeddable":true,"href":"https:\/\/sp1.kielce.eu\/index.php\/wp-json\/wp\/v2\/media\/31265"}],"wp:attachment":[{"href":"https:\/\/sp1.kielce.eu\/index.php\/wp-json\/wp\/v2\/media?parent=31262"}],"wp:term":[{"taxonomy":"category","embeddable":true,"href":"https:\/\/sp1.kielce.eu\/index.php\/wp-json\/wp\/v2\/categories?post=31262"},{"taxonomy":"post_tag","embeddable":true,"href":"https:\/\/sp1.kielce.eu\/index.php\/wp-json\/wp\/v2\/tags?post=31262"}],"curies":[{"name":"wp","href":"https:\/\/api.w.org\/{rel}","templated":true}]}}