{"id":3119,"date":"2017-10-25T22:04:44","date_gmt":"2017-10-25T20:04:44","guid":{"rendered":"http:\/\/sp1.kielce.eu\/?p=3119"},"modified":"2017-11-20T21:55:34","modified_gmt":"2017-11-20T20:55:34","slug":"laureaci-konkursu-przyjazne-cieplo-dla-kielc","status":"publish","type":"post","link":"https:\/\/sp1.kielce.eu\/index.php\/2017\/10\/25\/laureaci-konkursu-przyjazne-cieplo-dla-kielc\/","title":{"rendered":"Laureaci konkursu &#8222;Przyjazne ciep\u0142o dla Kielc&#8221;"},"content":{"rendered":"<div dir=\"auto\" style=\"text-align: justify\">W dniu 24 pa\u017adziernika przedstawiciele naszej szko\u0142y mieli przyjemno\u015b\u0107 uczestniczy\u0107 w uroczystym podsumowaniu konkursu plastycznego organizowanego przez MPEC\u00a0 &#8222;Przyjazne ciep\u0142o dla Kielc&#8221;.\u00a0Pami\u0105tkowe dyplomy i drobne upominki wr\u0119czy\u0142 uczniom kieleckich szk\u00f3\u0142 podstawowych prezes MPEC Sp\u00f3\u0142ka z o.o., pan Jan Karwasi\u0144ski. Uczennica klasy 7 a &#8211; Anna Ko\u0142ton otrzyma\u0142a nagrod\u0119 za zaj\u0119cie 2 miejsca, a jej praca zosta\u0142a doceniona za oryginalno\u015b\u0107 . Ucze\u0144 klasy 3a &#8211; Kamil Mazur zosta\u0142 wyr\u00f3\u017cniony jako najm\u0142odszy uczestnik konkursu, kt\u00f3ry w ciekawy spos\u00f3b zaprezentowa\u0142 funkcjonowanie sieci ciep\u0142owniczej w naszym mie\u015bcie. Dzieci uczestniczy\u0142y w s\u0142odkim pocz\u0119stunku, otrzyma\u0142y nagrody oraz kalendarze dla swoich klas. Dodatkowo klasy laureat\u00f3w zosta\u0142y zaproszone na zwiedzanie elektrociep\u0142owni.<\/div>\n<div dir=\"auto\" style=\"text-align: justify\">Gratulujemy i \u017cyczymy dalszych sukces\u00f3w w konkursach plastycznych naszym utalentowanym uczniom.<\/div>\n<div dir=\"auto\" style=\"text-align: right\">Anna Materny<\/div>\n<div dir=\"auto\" style=\"text-align: center\"><\/div>\n<div dir=\"auto\" style=\"text-align: center\"><\/div>\n<div dir=\"auto\" style=\"text-align: center\">\n<div id='gallery-1' class='gallery galleryid-3119 gallery-columns-3 gallery-size-thumbnail'><figure class='gallery-item'>\n\t\t\t<div class='gallery-icon landscape'>\n\t\t\t\t<a href='https:\/\/sp1.kielce.eu\/wp-content\/uploads\/2017\/10\/20171024_090301.jpg'><img loading=\"lazy\" decoding=\"async\" width=\"150\" height=\"150\" src=\"https:\/\/sp1.kielce.eu\/wp-content\/uploads\/2017\/10\/20171024_090301-150x150.jpg\" class=\"attachment-thumbnail size-thumbnail\" alt=\"\" aria-describedby=\"gallery-1-3123\" \/><\/a>\n\t\t\t<\/div>\n\t\t\t\t<figcaption class='wp-caption-text gallery-caption' id='gallery-1-3123'>\n\t\t\t\tLaureaci konkursu &#8222;Przyjazne ciep\u0142o dla Kielc&#8221;\n\t\t\t\t<\/figcaption><\/figure><figure class='gallery-item'>\n\t\t\t<div class='gallery-icon portrait'>\n\t\t\t\t<a href='https:\/\/sp1.kielce.eu\/wp-content\/uploads\/2017\/10\/20171024_090031.jpg'><img loading=\"lazy\" decoding=\"async\" width=\"150\" height=\"150\" src=\"https:\/\/sp1.kielce.eu\/wp-content\/uploads\/2017\/10\/20171024_090031-150x150.jpg\" class=\"attachment-thumbnail size-thumbnail\" alt=\"\" aria-describedby=\"gallery-1-3121\" \/><\/a>\n\t\t\t<\/div>\n\t\t\t\t<figcaption class='wp-caption-text gallery-caption' id='gallery-1-3121'>\n\t\t\t\tAnna Ko\u0142ton &#8211; II miejsce\n\t\t\t\t<\/figcaption><\/figure><figure class='gallery-item'>\n\t\t\t<div class='gallery-icon portrait'>\n\t\t\t\t<a href='https:\/\/sp1.kielce.eu\/wp-content\/uploads\/2017\/10\/20171024_090041-1.jpg'><img loading=\"lazy\" decoding=\"async\" width=\"150\" height=\"150\" src=\"https:\/\/sp1.kielce.eu\/wp-content\/uploads\/2017\/10\/20171024_090041-1-150x150.jpg\" class=\"attachment-thumbnail size-thumbnail\" alt=\"\" aria-describedby=\"gallery-1-3127\" \/><\/a>\n\t\t\t<\/div>\n\t\t\t\t<figcaption class='wp-caption-text gallery-caption' id='gallery-1-3127'>\n\t\t\t\tKamil Mazur &#8211; wyr\u00f3\u017cnienie\n\t\t\t\t<\/figcaption><\/figure><figure class='gallery-item'>\n\t\t\t<div class='gallery-icon landscape'>\n\t\t\t\t<a href='https:\/\/sp1.kielce.eu\/wp-content\/uploads\/2017\/10\/20171024_094504.jpg'><img loading=\"lazy\" decoding=\"async\" width=\"150\" height=\"150\" src=\"https:\/\/sp1.kielce.eu\/wp-content\/uploads\/2017\/10\/20171024_094504-150x150.jpg\" class=\"attachment-thumbnail size-thumbnail\" alt=\"\" aria-describedby=\"gallery-1-3128\" \/><\/a>\n\t\t\t<\/div>\n\t\t\t\t<figcaption class='wp-caption-text gallery-caption' id='gallery-1-3128'>\n\t\t\t\tLauraci konkursu\n\t\t\t\t<\/figcaption><\/figure><figure class='gallery-item'>\n\t\t\t<div class='gallery-icon portrait'>\n\t\t\t\t<a href='https:\/\/sp1.kielce.eu\/wp-content\/uploads\/2017\/10\/20171024_091211.jpg'><img loading=\"lazy\" decoding=\"async\" width=\"150\" height=\"150\" src=\"https:\/\/sp1.kielce.eu\/wp-content\/uploads\/2017\/10\/20171024_091211-150x150.jpg\" class=\"attachment-thumbnail size-thumbnail\" alt=\"\" aria-describedby=\"gallery-1-3124\" \/><\/a>\n\t\t\t<\/div>\n\t\t\t\t<figcaption class='wp-caption-text gallery-caption' id='gallery-1-3124'>\n\t\t\t\tWr\u0119czenie nagr\u00f3d\n\t\t\t\t<\/figcaption><\/figure><figure class='gallery-item'>\n\t\t\t<div class='gallery-icon landscape'>\n\t\t\t\t<a href='https:\/\/sp1.kielce.eu\/wp-content\/uploads\/2017\/10\/20171024_091351.jpg'><img loading=\"lazy\" decoding=\"async\" width=\"150\" height=\"150\" src=\"https:\/\/sp1.kielce.eu\/wp-content\/uploads\/2017\/10\/20171024_091351-150x150.jpg\" class=\"attachment-thumbnail size-thumbnail\" alt=\"\" aria-describedby=\"gallery-1-3125\" \/><\/a>\n\t\t\t<\/div>\n\t\t\t\t<figcaption class='wp-caption-text gallery-caption' id='gallery-1-3125'>\n\t\t\t\tWr\u0119czenie nagr\u00f3d\n\t\t\t\t<\/figcaption><\/figure>\n\t\t<\/div>\n\n<\/div>\n","protected":false},"excerpt":{"rendered":"<p>W dniu 24 pa\u017adziernika przedstawiciele naszej szko\u0142y mieli przyjemno\u015b\u0107 uczestniczy\u0107 w uroczystym podsumowaniu konkursu plastycznego [&hellip;]<\/p>\n","protected":false},"author":6,"featured_media":3123,"comment_status":"closed","ping_status":"open","sticky":false,"template":"","format":"standard","meta":{"footnotes":""},"categories":[10,21],"tags":[],"class_list":["post-3119","post","type-post","status-publish","format-standard","has-post-thumbnail","hentry","category-konkursy-przedmiotowe","category-konkursy"],"_links":{"self":[{"href":"https:\/\/sp1.kielce.eu\/index.php\/wp-json\/wp\/v2\/posts\/3119","targetHints":{"allow":["GET"]}}],"collection":[{"href":"https:\/\/sp1.kielce.eu\/index.php\/wp-json\/wp\/v2\/posts"}],"about":[{"href":"https:\/\/sp1.kielce.eu\/index.php\/wp-json\/wp\/v2\/types\/post"}],"author":[{"embeddable":true,"href":"https:\/\/sp1.kielce.eu\/index.php\/wp-json\/wp\/v2\/users\/6"}],"replies":[{"embeddable":true,"href":"https:\/\/sp1.kielce.eu\/index.php\/wp-json\/wp\/v2\/comments?post=3119"}],"version-history":[{"count":1,"href":"https:\/\/sp1.kielce.eu\/index.php\/wp-json\/wp\/v2\/posts\/3119\/revisions"}],"predecessor-version":[{"id":3129,"href":"https:\/\/sp1.kielce.eu\/index.php\/wp-json\/wp\/v2\/posts\/3119\/revisions\/3129"}],"wp:featuredmedia":[{"embeddable":true,"href":"https:\/\/sp1.kielce.eu\/index.php\/wp-json\/wp\/v2\/media\/3123"}],"wp:attachment":[{"href":"https:\/\/sp1.kielce.eu\/index.php\/wp-json\/wp\/v2\/media?parent=3119"}],"wp:term":[{"taxonomy":"category","embeddable":true,"href":"https:\/\/sp1.kielce.eu\/index.php\/wp-json\/wp\/v2\/categories?post=3119"},{"taxonomy":"post_tag","embeddable":true,"href":"https:\/\/sp1.kielce.eu\/index.php\/wp-json\/wp\/v2\/tags?post=3119"}],"curies":[{"name":"wp","href":"https:\/\/api.w.org\/{rel}","templated":true}]}}