{"id":31144,"date":"2023-11-14T08:03:47","date_gmt":"2023-11-14T07:03:47","guid":{"rendered":"http:\/\/sp1.kielce.eu\/?p=31144"},"modified":"2023-11-14T08:03:47","modified_gmt":"2023-11-14T07:03:47","slug":"wojewodzkie-obchody-swieta-niepodleglosci-w-kielcach-2023","status":"publish","type":"post","link":"https:\/\/sp1.kielce.eu\/index.php\/2023\/11\/14\/wojewodzkie-obchody-swieta-niepodleglosci-w-kielcach-2023\/","title":{"rendered":"Wojew\u00f3dzkie Obchody \u015awi\u0119ta Niepodleg\u0142o\u015bci w Kielcach 2023"},"content":{"rendered":"\n<p>W dniu 11 listopada poczet sztandarowy w sk\u0142adzie Amelka Nowak, Kinga Wypych, Tomasz Klich, pod opiek\u0105 p. Anny Stradomskiej i p. Patrycji Zar\u0119ba &#8211; Michalskiej udali si\u0119 na Uroczyste Obchody \u015awi\u0119ta Niepodleg\u0142o\u015bci.<\/p>\n\n\n\n<p>\u015awi\u0119to Niepodleg\u0142o\u015bci w Polsce, obchodzone corocznie 11 listopada, to wyj\u0105tkowy dzie\u0144 upami\u0119tniaj\u0105cy odzyskanie przez Polsk\u0119 Niepodleg\u0142o\u015bci w 1918 roku, po 123 latach zabor\u00f3w. Cho\u0107 data ta sta\u0142a si\u0119 symboliczna ju\u017c wtedy, to oficjalnie dzie\u0144 ten sta\u0142 si\u0119 \u015bwi\u0119tem narodowym dopiero w 1937 roku.<\/p>\n\n\n\n<p>O godzinie 11 w Bazylice Katedralnej w Kielcach rozpocz\u0119\u0142a si\u0119 uroczysta msza \u015bwi\u0119ta w intencji Ojczyzny, w kt\u00f3rej uczestniczy\u0142o bardzo wielu mieszka\u0144c\u00f3w Kielc, przedstawiciele w\u0142adz samorz\u0105dowych, poczty sztandarowe, \u017co\u0142nierze, uczniowie szk\u00f3\u0142 mundurowych, przedstawiciele r\u00f3\u017cnych instytucji i wielu innych. Mszy \u015bwi\u0119tej przewodniczy\u0142 i homili\u0119 wyg\u0142osi\u0142 biskup kielecki Jan Piotrowski.&nbsp;Po Mszy \u015awi\u0119tej odby\u0142o si\u0119 od\u015bpiewanie hymnu pa\u0144stwowego pod Pa\u0142acem Biskup\u00f3w, a nast\u0119pnie w uroczystym pochodzie ulicami miasta wszyscy udali si\u0119 na Plac Wolno\u015bci, gdzie pod pomnikiem Marsza\u0142ka J\u00f3zefa Pi\u0142sudskiego przebieg\u0142y dalsze obchody.<\/p>\n\n\n\n<p>Patrycja Zar\u0119ba &#8211; Michalska<\/p>\n\n\n\n<p>Anna Stradomska<\/p>\n\n\n\n<figure class=\"wp-block-gallery has-nested-images columns-default is-cropped wp-block-gallery-1 is-layout-flex wp-block-gallery-is-layout-flex\">\n<figure class=\"wp-block-image size-large\"><a href=\"http:\/\/sp1.kielce.eu\/wp-content\/uploads\/2023\/11\/IMG_4655.jpg\"><img loading=\"lazy\" decoding=\"async\" width=\"1024\" height=\"768\" data-id=\"31150\" src=\"http:\/\/sp1.kielce.eu\/wp-content\/uploads\/2023\/11\/IMG_4655.jpg\" alt=\"\" class=\"wp-image-31150\" srcset=\"https:\/\/sp1.kielce.eu\/wp-content\/uploads\/2023\/11\/IMG_4655.jpg 1024w, https:\/\/sp1.kielce.eu\/wp-content\/uploads\/2023\/11\/IMG_4655-300x225.jpg 300w, https:\/\/sp1.kielce.eu\/wp-content\/uploads\/2023\/11\/IMG_4655-768x576.jpg 768w, https:\/\/sp1.kielce.eu\/wp-content\/uploads\/2023\/11\/IMG_4655-820x615.jpg 820w\" sizes=\"auto, (max-width: 1024px) 100vw, 1024px\" \/><\/a><\/figure>\n\n\n\n<figure class=\"wp-block-image size-large\"><a href=\"http:\/\/sp1.kielce.eu\/wp-content\/uploads\/2023\/11\/IMG_4656.jpg\"><img loading=\"lazy\" decoding=\"async\" width=\"675\" height=\"900\" data-id=\"31148\" src=\"http:\/\/sp1.kielce.eu\/wp-content\/uploads\/2023\/11\/IMG_4656-675x900.jpg\" alt=\"\" class=\"wp-image-31148\" srcset=\"https:\/\/sp1.kielce.eu\/wp-content\/uploads\/2023\/11\/IMG_4656-675x900.jpg 675w, https:\/\/sp1.kielce.eu\/wp-content\/uploads\/2023\/11\/IMG_4656-225x300.jpg 225w, https:\/\/sp1.kielce.eu\/wp-content\/uploads\/2023\/11\/IMG_4656-768x1024.jpg 768w, https:\/\/sp1.kielce.eu\/wp-content\/uploads\/2023\/11\/IMG_4656-820x1093.jpg 820w, https:\/\/sp1.kielce.eu\/wp-content\/uploads\/2023\/11\/IMG_4656.jpg 1024w\" sizes=\"auto, (max-width: 675px) 100vw, 675px\" \/><\/a><\/figure>\n\n\n\n<figure class=\"wp-block-image size-large\"><a href=\"http:\/\/sp1.kielce.eu\/wp-content\/uploads\/2023\/11\/IMG_4657.jpg\"><img loading=\"lazy\" decoding=\"async\" width=\"675\" height=\"900\" data-id=\"31146\" src=\"http:\/\/sp1.kielce.eu\/wp-content\/uploads\/2023\/11\/IMG_4657-675x900.jpg\" alt=\"\" class=\"wp-image-31146\" srcset=\"https:\/\/sp1.kielce.eu\/wp-content\/uploads\/2023\/11\/IMG_4657-675x900.jpg 675w, https:\/\/sp1.kielce.eu\/wp-content\/uploads\/2023\/11\/IMG_4657-225x300.jpg 225w, https:\/\/sp1.kielce.eu\/wp-content\/uploads\/2023\/11\/IMG_4657-768x1024.jpg 768w, https:\/\/sp1.kielce.eu\/wp-content\/uploads\/2023\/11\/IMG_4657-820x1093.jpg 820w, https:\/\/sp1.kielce.eu\/wp-content\/uploads\/2023\/11\/IMG_4657.jpg 1024w\" sizes=\"auto, (max-width: 675px) 100vw, 675px\" \/><\/a><\/figure>\n\n\n\n<figure class=\"wp-block-image size-large\"><a href=\"http:\/\/sp1.kielce.eu\/wp-content\/uploads\/2023\/11\/IMG_4649.jpg\"><img loading=\"lazy\" decoding=\"async\" width=\"675\" height=\"900\" data-id=\"31147\" src=\"http:\/\/sp1.kielce.eu\/wp-content\/uploads\/2023\/11\/IMG_4649-675x900.jpg\" alt=\"\" class=\"wp-image-31147\" srcset=\"https:\/\/sp1.kielce.eu\/wp-content\/uploads\/2023\/11\/IMG_4649-675x900.jpg 675w, https:\/\/sp1.kielce.eu\/wp-content\/uploads\/2023\/11\/IMG_4649-225x300.jpg 225w, https:\/\/sp1.kielce.eu\/wp-content\/uploads\/2023\/11\/IMG_4649-768x1024.jpg 768w, https:\/\/sp1.kielce.eu\/wp-content\/uploads\/2023\/11\/IMG_4649-820x1093.jpg 820w, https:\/\/sp1.kielce.eu\/wp-content\/uploads\/2023\/11\/IMG_4649.jpg 1024w\" sizes=\"auto, (max-width: 675px) 100vw, 675px\" \/><\/a><\/figure>\n\n\n\n<figure class=\"wp-block-image size-large\"><a href=\"http:\/\/sp1.kielce.eu\/wp-content\/uploads\/2023\/11\/IMG_4643.jpg\"><img loading=\"lazy\" decoding=\"async\" width=\"675\" height=\"900\" data-id=\"31149\" src=\"http:\/\/sp1.kielce.eu\/wp-content\/uploads\/2023\/11\/IMG_4643-675x900.jpg\" alt=\"\" class=\"wp-image-31149\" srcset=\"https:\/\/sp1.kielce.eu\/wp-content\/uploads\/2023\/11\/IMG_4643-675x900.jpg 675w, https:\/\/sp1.kielce.eu\/wp-content\/uploads\/2023\/11\/IMG_4643-225x300.jpg 225w, https:\/\/sp1.kielce.eu\/wp-content\/uploads\/2023\/11\/IMG_4643-768x1024.jpg 768w, https:\/\/sp1.kielce.eu\/wp-content\/uploads\/2023\/11\/IMG_4643-820x1093.jpg 820w, https:\/\/sp1.kielce.eu\/wp-content\/uploads\/2023\/11\/IMG_4643.jpg 1024w\" sizes=\"auto, (max-width: 675px) 100vw, 675px\" \/><\/a><\/figure>\n\n\n\n<figure class=\"wp-block-image size-large\"><a href=\"http:\/\/sp1.kielce.eu\/wp-content\/uploads\/2023\/11\/IMG_4641.jpg\"><img loading=\"lazy\" decoding=\"async\" width=\"675\" height=\"900\" data-id=\"31145\" src=\"http:\/\/sp1.kielce.eu\/wp-content\/uploads\/2023\/11\/IMG_4641-675x900.jpg\" alt=\"\" class=\"wp-image-31145\" srcset=\"https:\/\/sp1.kielce.eu\/wp-content\/uploads\/2023\/11\/IMG_4641-675x900.jpg 675w, https:\/\/sp1.kielce.eu\/wp-content\/uploads\/2023\/11\/IMG_4641-225x300.jpg 225w, https:\/\/sp1.kielce.eu\/wp-content\/uploads\/2023\/11\/IMG_4641-768x1024.jpg 768w, https:\/\/sp1.kielce.eu\/wp-content\/uploads\/2023\/11\/IMG_4641-820x1093.jpg 820w, https:\/\/sp1.kielce.eu\/wp-content\/uploads\/2023\/11\/IMG_4641.jpg 1024w\" sizes=\"auto, (max-width: 675px) 100vw, 675px\" \/><\/a><\/figure>\n\n\n\n<figure class=\"wp-block-image size-large\"><a href=\"http:\/\/sp1.kielce.eu\/wp-content\/uploads\/2023\/11\/IMG_4640.jpg\"><img loading=\"lazy\" decoding=\"async\" width=\"675\" height=\"900\" data-id=\"31152\" src=\"http:\/\/sp1.kielce.eu\/wp-content\/uploads\/2023\/11\/IMG_4640-675x900.jpg\" alt=\"\" class=\"wp-image-31152\" srcset=\"https:\/\/sp1.kielce.eu\/wp-content\/uploads\/2023\/11\/IMG_4640-675x900.jpg 675w, https:\/\/sp1.kielce.eu\/wp-content\/uploads\/2023\/11\/IMG_4640-225x300.jpg 225w, https:\/\/sp1.kielce.eu\/wp-content\/uploads\/2023\/11\/IMG_4640-768x1024.jpg 768w, https:\/\/sp1.kielce.eu\/wp-content\/uploads\/2023\/11\/IMG_4640-820x1093.jpg 820w, https:\/\/sp1.kielce.eu\/wp-content\/uploads\/2023\/11\/IMG_4640.jpg 1024w\" sizes=\"auto, (max-width: 675px) 100vw, 675px\" \/><\/a><\/figure>\n\n\n\n<figure class=\"wp-block-image size-large\"><a href=\"http:\/\/sp1.kielce.eu\/wp-content\/uploads\/2023\/11\/IMG_4635.jpg\"><img loading=\"lazy\" decoding=\"async\" width=\"675\" height=\"900\" data-id=\"31153\" src=\"http:\/\/sp1.kielce.eu\/wp-content\/uploads\/2023\/11\/IMG_4635-675x900.jpg\" alt=\"\" class=\"wp-image-31153\" srcset=\"https:\/\/sp1.kielce.eu\/wp-content\/uploads\/2023\/11\/IMG_4635-675x900.jpg 675w, https:\/\/sp1.kielce.eu\/wp-content\/uploads\/2023\/11\/IMG_4635-225x300.jpg 225w, https:\/\/sp1.kielce.eu\/wp-content\/uploads\/2023\/11\/IMG_4635-768x1024.jpg 768w, https:\/\/sp1.kielce.eu\/wp-content\/uploads\/2023\/11\/IMG_4635-820x1093.jpg 820w, https:\/\/sp1.kielce.eu\/wp-content\/uploads\/2023\/11\/IMG_4635.jpg 1024w\" sizes=\"auto, (max-width: 675px) 100vw, 675px\" \/><\/a><\/figure>\n\n\n\n<figure class=\"wp-block-image size-large\"><a href=\"http:\/\/sp1.kielce.eu\/wp-content\/uploads\/2023\/11\/IMG_4631.jpg\"><img loading=\"lazy\" decoding=\"async\" width=\"675\" height=\"900\" data-id=\"31151\" src=\"http:\/\/sp1.kielce.eu\/wp-content\/uploads\/2023\/11\/IMG_4631-675x900.jpg\" alt=\"\" class=\"wp-image-31151\" srcset=\"https:\/\/sp1.kielce.eu\/wp-content\/uploads\/2023\/11\/IMG_4631-675x900.jpg 675w, https:\/\/sp1.kielce.eu\/wp-content\/uploads\/2023\/11\/IMG_4631-225x300.jpg 225w, https:\/\/sp1.kielce.eu\/wp-content\/uploads\/2023\/11\/IMG_4631-768x1024.jpg 768w, https:\/\/sp1.kielce.eu\/wp-content\/uploads\/2023\/11\/IMG_4631-820x1093.jpg 820w, https:\/\/sp1.kielce.eu\/wp-content\/uploads\/2023\/11\/IMG_4631.jpg 1024w\" sizes=\"auto, (max-width: 675px) 100vw, 675px\" \/><\/a><\/figure>\n\n\n\n<figure class=\"wp-block-image size-large\"><a href=\"http:\/\/sp1.kielce.eu\/wp-content\/uploads\/2023\/11\/IMG_4626.jpg\"><img loading=\"lazy\" decoding=\"async\" width=\"675\" height=\"900\" data-id=\"31154\" src=\"http:\/\/sp1.kielce.eu\/wp-content\/uploads\/2023\/11\/IMG_4626-675x900.jpg\" alt=\"\" class=\"wp-image-31154\" srcset=\"https:\/\/sp1.kielce.eu\/wp-content\/uploads\/2023\/11\/IMG_4626-675x900.jpg 675w, https:\/\/sp1.kielce.eu\/wp-content\/uploads\/2023\/11\/IMG_4626-225x300.jpg 225w, https:\/\/sp1.kielce.eu\/wp-content\/uploads\/2023\/11\/IMG_4626-768x1024.jpg 768w, https:\/\/sp1.kielce.eu\/wp-content\/uploads\/2023\/11\/IMG_4626-820x1093.jpg 820w, https:\/\/sp1.kielce.eu\/wp-content\/uploads\/2023\/11\/IMG_4626.jpg 1024w\" sizes=\"auto, (max-width: 675px) 100vw, 675px\" \/><\/a><\/figure>\n<\/figure>\n","protected":false},"excerpt":{"rendered":"<p>W dniu 11 listopada poczet sztandarowy w sk\u0142adzie Amelka Nowak, Kinga Wypych, Tomasz Klich, pod [&hellip;]<\/p>\n","protected":false},"author":5,"featured_media":31154,"comment_status":"closed","ping_status":"","sticky":false,"template":"","format":"standard","meta":{"footnotes":""},"categories":[36,192],"tags":[],"class_list":["post-31144","post","type-post","status-publish","format-standard","has-post-thumbnail","hentry","category-wydarzenia","category-poczet"],"_links":{"self":[{"href":"https:\/\/sp1.kielce.eu\/index.php\/wp-json\/wp\/v2\/posts\/31144","targetHints":{"allow":["GET"]}}],"collection":[{"href":"https:\/\/sp1.kielce.eu\/index.php\/wp-json\/wp\/v2\/posts"}],"about":[{"href":"https:\/\/sp1.kielce.eu\/index.php\/wp-json\/wp\/v2\/types\/post"}],"author":[{"embeddable":true,"href":"https:\/\/sp1.kielce.eu\/index.php\/wp-json\/wp\/v2\/users\/5"}],"replies":[{"embeddable":true,"href":"https:\/\/sp1.kielce.eu\/index.php\/wp-json\/wp\/v2\/comments?post=31144"}],"version-history":[{"count":1,"href":"https:\/\/sp1.kielce.eu\/index.php\/wp-json\/wp\/v2\/posts\/31144\/revisions"}],"predecessor-version":[{"id":31155,"href":"https:\/\/sp1.kielce.eu\/index.php\/wp-json\/wp\/v2\/posts\/31144\/revisions\/31155"}],"wp:featuredmedia":[{"embeddable":true,"href":"https:\/\/sp1.kielce.eu\/index.php\/wp-json\/wp\/v2\/media\/31154"}],"wp:attachment":[{"href":"https:\/\/sp1.kielce.eu\/index.php\/wp-json\/wp\/v2\/media?parent=31144"}],"wp:term":[{"taxonomy":"category","embeddable":true,"href":"https:\/\/sp1.kielce.eu\/index.php\/wp-json\/wp\/v2\/categories?post=31144"},{"taxonomy":"post_tag","embeddable":true,"href":"https:\/\/sp1.kielce.eu\/index.php\/wp-json\/wp\/v2\/tags?post=31144"}],"curies":[{"name":"wp","href":"https:\/\/api.w.org\/{rel}","templated":true}]}}