{"id":31078,"date":"2023-11-09T22:16:25","date_gmt":"2023-11-09T21:16:25","guid":{"rendered":"http:\/\/sp1.kielce.eu\/?p=31078"},"modified":"2023-11-09T22:16:25","modified_gmt":"2023-11-09T21:16:25","slug":"z-najmlodszymi-o-ekologii","status":"publish","type":"post","link":"https:\/\/sp1.kielce.eu\/index.php\/2023\/11\/09\/z-najmlodszymi-o-ekologii\/","title":{"rendered":"Z najm\u0142odszymi o ekologii"},"content":{"rendered":"\n<p>W dniu <strong><em>9 listopada 2023r<\/em>.<\/strong> <strong><em>klasa I a<\/em><\/strong> go\u015bci\u0142a przedstawicieli firmy\u00a0 ENERIS Surowce S.A., Zak\u0142ad w Kielcach oraz Wydzia\u0142u Gospodarki Komunalnej i \u015arodowiska i Wydzia\u0142u Edukacji, Kultury i Sportu Urz\u0119du Miasta, kt\u00f3rzy przeprowadzili zaj\u0119cia w ramach pilota\u017cowego \u201eProgramu Edukacyjnego dla Przedszkoli Samorz\u0105dowych i Szk\u00f3\u0142 Podstawowych w Kielcach&#8221;. Uczniowie najpierw obejrzeli bardzo interesuj\u0105c\u0105 prezentacj\u0119 dot. dbania o \u015brodowisko. Nast\u0119pnie zostali zaproszeni do pracy w grupach, w kt\u00f3rych mieli do wykonania r\u00f3\u017cne, ciekawe zadania. Pierwszoklasi\u015bci uczestniczyli w zaj\u0119ciach bardzo aktywnie. Na zako\u0144czenie ka\u017cdy uczestnik otrzyma\u0142 drobny upominek w postaci odblaskowej opaski i kwiatka oraz ksi\u0105\u017ceczki po\u015bwi\u0119conej dbaniu o \u015brodowisko naturalne. Warto doda\u0107, \u017ce szko\u0142a otrzyma\u0142a r\u00f3wnie\u017c zestaw edukacyjny. Dzi\u0119ki zaj\u0119ciom uczniowie usystematyzowali dotychczas zdobyt\u0105 wiedz\u0119 dot. dbania o \u015brodowisko naturalne, jak r\u00f3wnie\u017c wzbogacili j\u0105 o nowe wiadomo\u015bci.<br>Serdecznie dzi\u0119kujemy prelegentom za przeprowadzenie bardzo interesuj\u0105cych zaj\u0119\u0107.<br><br><em>Program zosta\u0142 obj\u0119ty Patronatem Honorowym Prezydenta Miasta Kielce,<br>Pana Bogdana Wenty.<\/em><\/p>\n\n\n\n<p class=\"has-text-align-right\">&nbsp;&nbsp;&nbsp;&nbsp;&nbsp;&nbsp;&nbsp;&nbsp;&nbsp;&nbsp;&nbsp;&nbsp;&nbsp;&nbsp;&nbsp;&nbsp;&nbsp;&nbsp;&nbsp;&nbsp;&nbsp;&nbsp;&nbsp;&nbsp;&nbsp;&nbsp;&nbsp;&nbsp;&nbsp;&nbsp;&nbsp;&nbsp;&nbsp;&nbsp;&nbsp;&nbsp;&nbsp;&nbsp;&nbsp;&nbsp;&nbsp;&nbsp;&nbsp;&nbsp;&nbsp;&nbsp;&nbsp;&nbsp;&nbsp;&nbsp;&nbsp;&nbsp;&nbsp;&nbsp;&nbsp;&nbsp;&nbsp;&nbsp;&nbsp;&nbsp;&nbsp;&nbsp;&nbsp;&nbsp;&nbsp;&nbsp;&nbsp;&nbsp;&nbsp;&nbsp;&nbsp;&nbsp;&nbsp;&nbsp;&nbsp;&nbsp;&nbsp;&nbsp;&nbsp;&nbsp;&nbsp;&nbsp;&nbsp;&nbsp;&nbsp;&nbsp;&nbsp;&nbsp;&nbsp;&nbsp;&nbsp;&nbsp;&nbsp; Wychowawca klasy Ia<\/p>\n\n\n\n<figure class=\"wp-block-gallery has-nested-images columns-3 is-cropped wp-block-gallery-1 is-layout-flex wp-block-gallery-is-layout-flex\">\n<figure class=\"wp-block-image size-large\"><a href=\"http:\/\/sp1.kielce.eu\/wp-content\/uploads\/2023\/11\/1-Copy.png\"><img loading=\"lazy\" decoding=\"async\" width=\"900\" height=\"900\" data-id=\"31083\" src=\"http:\/\/sp1.kielce.eu\/wp-content\/uploads\/2023\/11\/1-Copy.png\" alt=\"\" class=\"wp-image-31083\" srcset=\"https:\/\/sp1.kielce.eu\/wp-content\/uploads\/2023\/11\/1-Copy.png 900w, https:\/\/sp1.kielce.eu\/wp-content\/uploads\/2023\/11\/1-Copy-300x300.png 300w, https:\/\/sp1.kielce.eu\/wp-content\/uploads\/2023\/11\/1-Copy-150x150.png 150w, https:\/\/sp1.kielce.eu\/wp-content\/uploads\/2023\/11\/1-Copy-768x768.png 768w, https:\/\/sp1.kielce.eu\/wp-content\/uploads\/2023\/11\/1-Copy-820x820.png 820w\" sizes=\"auto, (max-width: 900px) 100vw, 900px\" \/><\/a><\/figure>\n\n\n\n<figure class=\"wp-block-image size-large\"><a href=\"http:\/\/sp1.kielce.eu\/wp-content\/uploads\/2023\/11\/2-Copy.png\"><img loading=\"lazy\" decoding=\"async\" width=\"1200\" height=\"900\" data-id=\"31085\" src=\"http:\/\/sp1.kielce.eu\/wp-content\/uploads\/2023\/11\/2-Copy.png\" alt=\"\" class=\"wp-image-31085\" srcset=\"https:\/\/sp1.kielce.eu\/wp-content\/uploads\/2023\/11\/2-Copy.png 1200w, https:\/\/sp1.kielce.eu\/wp-content\/uploads\/2023\/11\/2-Copy-300x225.png 300w, https:\/\/sp1.kielce.eu\/wp-content\/uploads\/2023\/11\/2-Copy-768x576.png 768w, https:\/\/sp1.kielce.eu\/wp-content\/uploads\/2023\/11\/2-Copy-820x615.png 820w\" sizes=\"auto, (max-width: 1200px) 100vw, 1200px\" \/><\/a><\/figure>\n\n\n\n<figure class=\"wp-block-image size-large\"><a href=\"http:\/\/sp1.kielce.eu\/wp-content\/uploads\/2023\/11\/3-Copy.png\"><img loading=\"lazy\" decoding=\"async\" width=\"900\" height=\"900\" data-id=\"31081\" src=\"http:\/\/sp1.kielce.eu\/wp-content\/uploads\/2023\/11\/3-Copy.png\" alt=\"\" class=\"wp-image-31081\" srcset=\"https:\/\/sp1.kielce.eu\/wp-content\/uploads\/2023\/11\/3-Copy.png 900w, https:\/\/sp1.kielce.eu\/wp-content\/uploads\/2023\/11\/3-Copy-300x300.png 300w, https:\/\/sp1.kielce.eu\/wp-content\/uploads\/2023\/11\/3-Copy-150x150.png 150w, https:\/\/sp1.kielce.eu\/wp-content\/uploads\/2023\/11\/3-Copy-768x768.png 768w, https:\/\/sp1.kielce.eu\/wp-content\/uploads\/2023\/11\/3-Copy-820x820.png 820w\" sizes=\"auto, (max-width: 900px) 100vw, 900px\" \/><\/a><\/figure>\n\n\n\n<figure class=\"wp-block-image size-large\"><a href=\"http:\/\/sp1.kielce.eu\/wp-content\/uploads\/2023\/11\/4-Copy.png\"><img loading=\"lazy\" decoding=\"async\" width=\"1200\" height=\"823\" data-id=\"31084\" src=\"http:\/\/sp1.kielce.eu\/wp-content\/uploads\/2023\/11\/4-Copy.png\" alt=\"\" class=\"wp-image-31084\" srcset=\"https:\/\/sp1.kielce.eu\/wp-content\/uploads\/2023\/11\/4-Copy.png 1200w, https:\/\/sp1.kielce.eu\/wp-content\/uploads\/2023\/11\/4-Copy-300x206.png 300w, https:\/\/sp1.kielce.eu\/wp-content\/uploads\/2023\/11\/4-Copy-768x527.png 768w, https:\/\/sp1.kielce.eu\/wp-content\/uploads\/2023\/11\/4-Copy-820x562.png 820w\" sizes=\"auto, (max-width: 1200px) 100vw, 1200px\" \/><\/a><\/figure>\n\n\n\n<figure class=\"wp-block-image size-large\"><a href=\"http:\/\/sp1.kielce.eu\/wp-content\/uploads\/2023\/11\/5-Copy.png\"><img loading=\"lazy\" decoding=\"async\" width=\"900\" height=\"900\" data-id=\"31082\" src=\"http:\/\/sp1.kielce.eu\/wp-content\/uploads\/2023\/11\/5-Copy.png\" alt=\"\" class=\"wp-image-31082\" srcset=\"https:\/\/sp1.kielce.eu\/wp-content\/uploads\/2023\/11\/5-Copy.png 900w, https:\/\/sp1.kielce.eu\/wp-content\/uploads\/2023\/11\/5-Copy-300x300.png 300w, https:\/\/sp1.kielce.eu\/wp-content\/uploads\/2023\/11\/5-Copy-150x150.png 150w, https:\/\/sp1.kielce.eu\/wp-content\/uploads\/2023\/11\/5-Copy-768x768.png 768w, https:\/\/sp1.kielce.eu\/wp-content\/uploads\/2023\/11\/5-Copy-820x820.png 820w\" sizes=\"auto, (max-width: 900px) 100vw, 900px\" \/><\/a><\/figure>\n<\/figure>\n","protected":false},"excerpt":{"rendered":"<p>W dniu 9 listopada 2023r. klasa I a go\u015bci\u0142a przedstawicieli firmy\u00a0 ENERIS Surowce S.A., Zak\u0142ad [&hellip;]<\/p>\n","protected":false},"author":13,"featured_media":31086,"comment_status":"closed","ping_status":"","sticky":false,"template":"","format":"standard","meta":{"footnotes":""},"categories":[36],"tags":[],"class_list":["post-31078","post","type-post","status-publish","format-standard","has-post-thumbnail","hentry","category-wydarzenia"],"_links":{"self":[{"href":"https:\/\/sp1.kielce.eu\/index.php\/wp-json\/wp\/v2\/posts\/31078","targetHints":{"allow":["GET"]}}],"collection":[{"href":"https:\/\/sp1.kielce.eu\/index.php\/wp-json\/wp\/v2\/posts"}],"about":[{"href":"https:\/\/sp1.kielce.eu\/index.php\/wp-json\/wp\/v2\/types\/post"}],"author":[{"embeddable":true,"href":"https:\/\/sp1.kielce.eu\/index.php\/wp-json\/wp\/v2\/users\/13"}],"replies":[{"embeddable":true,"href":"https:\/\/sp1.kielce.eu\/index.php\/wp-json\/wp\/v2\/comments?post=31078"}],"version-history":[{"count":3,"href":"https:\/\/sp1.kielce.eu\/index.php\/wp-json\/wp\/v2\/posts\/31078\/revisions"}],"predecessor-version":[{"id":31087,"href":"https:\/\/sp1.kielce.eu\/index.php\/wp-json\/wp\/v2\/posts\/31078\/revisions\/31087"}],"wp:featuredmedia":[{"embeddable":true,"href":"https:\/\/sp1.kielce.eu\/index.php\/wp-json\/wp\/v2\/media\/31086"}],"wp:attachment":[{"href":"https:\/\/sp1.kielce.eu\/index.php\/wp-json\/wp\/v2\/media?parent=31078"}],"wp:term":[{"taxonomy":"category","embeddable":true,"href":"https:\/\/sp1.kielce.eu\/index.php\/wp-json\/wp\/v2\/categories?post=31078"},{"taxonomy":"post_tag","embeddable":true,"href":"https:\/\/sp1.kielce.eu\/index.php\/wp-json\/wp\/v2\/tags?post=31078"}],"curies":[{"name":"wp","href":"https:\/\/api.w.org\/{rel}","templated":true}]}}