{"id":31016,"date":"2023-11-05T19:01:02","date_gmt":"2023-11-05T18:01:02","guid":{"rendered":"http:\/\/sp1.kielce.eu\/?p=31016"},"modified":"2023-11-05T19:06:13","modified_gmt":"2023-11-05T18:06:13","slug":"artystyczne-formy-ruchu-5","status":"publish","type":"post","link":"https:\/\/sp1.kielce.eu\/index.php\/2023\/11\/05\/artystyczne-formy-ruchu-5\/","title":{"rendered":"\u201e Artystyczne Formy Ruchu\u201d"},"content":{"rendered":"\n<p>Rok szkolny 2023\/<em>2024&nbsp; \u201eArtystyczne Formy Ruchu\u201d<\/em> rozpocz\u0119\u0142y jak zawsze tanecznie i widowiskowo \ud83d\ude42  Nasza m\u0142odsza grupa z klasy 1b swoje umiej\u0119tno\u015bci zaprezentowa\u0142a podczas uroczysto\u015bci \u201e\u015alubowania Klas Pierwszych\u201d jak r\u00f3wnie\u017c podczas \u201eNarodowego Czytania\u201d \ud83d\ude42<\/p>\n\n\n\n<p class=\"has-text-align-right\">Ewa Nowak<br>Marta Wi\u0119ckowska<\/p>\n\n\n\n<figure class=\"wp-block-gallery has-nested-images columns-default is-cropped wp-block-gallery-1 is-layout-flex wp-block-gallery-is-layout-flex\">\n<figure class=\"wp-block-image size-large\"><a href=\"http:\/\/sp1.kielce.eu\/wp-content\/uploads\/2023\/11\/IMG_3292-Medium-Copy.jpg\"><img loading=\"lazy\" decoding=\"async\" width=\"1200\" height=\"675\" data-id=\"31017\" src=\"http:\/\/sp1.kielce.eu\/wp-content\/uploads\/2023\/11\/IMG_3292-Medium-Copy.jpg\" alt=\"\" class=\"wp-image-31017\" srcset=\"https:\/\/sp1.kielce.eu\/wp-content\/uploads\/2023\/11\/IMG_3292-Medium-Copy.jpg 1200w, https:\/\/sp1.kielce.eu\/wp-content\/uploads\/2023\/11\/IMG_3292-Medium-Copy-300x169.jpg 300w, https:\/\/sp1.kielce.eu\/wp-content\/uploads\/2023\/11\/IMG_3292-Medium-Copy-768x432.jpg 768w, https:\/\/sp1.kielce.eu\/wp-content\/uploads\/2023\/11\/IMG_3292-Medium-Copy-820x461.jpg 820w\" sizes=\"auto, (max-width: 1200px) 100vw, 1200px\" \/><\/a><\/figure>\n\n\n\n<figure class=\"wp-block-image size-large\"><a href=\"http:\/\/sp1.kielce.eu\/wp-content\/uploads\/2023\/11\/IMG_20231030_100349-Copy.jpg\"><img loading=\"lazy\" decoding=\"async\" width=\"1200\" height=\"898\" data-id=\"31019\" src=\"http:\/\/sp1.kielce.eu\/wp-content\/uploads\/2023\/11\/IMG_20231030_100349-Copy.jpg\" alt=\"\" class=\"wp-image-31019\" srcset=\"https:\/\/sp1.kielce.eu\/wp-content\/uploads\/2023\/11\/IMG_20231030_100349-Copy.jpg 1200w, https:\/\/sp1.kielce.eu\/wp-content\/uploads\/2023\/11\/IMG_20231030_100349-Copy-300x225.jpg 300w, https:\/\/sp1.kielce.eu\/wp-content\/uploads\/2023\/11\/IMG_20231030_100349-Copy-768x575.jpg 768w, https:\/\/sp1.kielce.eu\/wp-content\/uploads\/2023\/11\/IMG_20231030_100349-Copy-820x614.jpg 820w\" sizes=\"auto, (max-width: 1200px) 100vw, 1200px\" \/><\/a><\/figure>\n\n\n\n<figure class=\"wp-block-image size-large\"><a href=\"http:\/\/sp1.kielce.eu\/wp-content\/uploads\/2023\/11\/IMG_20231030_100403-Copy.jpg\"><img loading=\"lazy\" decoding=\"async\" width=\"1200\" height=\"898\" data-id=\"31018\" src=\"http:\/\/sp1.kielce.eu\/wp-content\/uploads\/2023\/11\/IMG_20231030_100403-Copy.jpg\" alt=\"\" class=\"wp-image-31018\" srcset=\"https:\/\/sp1.kielce.eu\/wp-content\/uploads\/2023\/11\/IMG_20231030_100403-Copy.jpg 1200w, https:\/\/sp1.kielce.eu\/wp-content\/uploads\/2023\/11\/IMG_20231030_100403-Copy-300x225.jpg 300w, https:\/\/sp1.kielce.eu\/wp-content\/uploads\/2023\/11\/IMG_20231030_100403-Copy-768x575.jpg 768w, https:\/\/sp1.kielce.eu\/wp-content\/uploads\/2023\/11\/IMG_20231030_100403-Copy-820x614.jpg 820w\" sizes=\"auto, (max-width: 1200px) 100vw, 1200px\" \/><\/a><\/figure>\n<\/figure>\n","protected":false},"excerpt":{"rendered":"<p>Rok szkolny 2023\/2024&nbsp; \u201eArtystyczne Formy Ruchu\u201d rozpocz\u0119\u0142y jak zawsze tanecznie i widowiskowo \ud83d\ude42 Nasza m\u0142odsza [&hellip;]<\/p>\n","protected":false},"author":13,"featured_media":31022,"comment_status":"closed","ping_status":"","sticky":false,"template":"","format":"standard","meta":{"footnotes":""},"categories":[36,166],"tags":[],"class_list":["post-31016","post","type-post","status-publish","format-standard","has-post-thumbnail","hentry","category-wydarzenia","category-mfa"],"_links":{"self":[{"href":"https:\/\/sp1.kielce.eu\/index.php\/wp-json\/wp\/v2\/posts\/31016","targetHints":{"allow":["GET"]}}],"collection":[{"href":"https:\/\/sp1.kielce.eu\/index.php\/wp-json\/wp\/v2\/posts"}],"about":[{"href":"https:\/\/sp1.kielce.eu\/index.php\/wp-json\/wp\/v2\/types\/post"}],"author":[{"embeddable":true,"href":"https:\/\/sp1.kielce.eu\/index.php\/wp-json\/wp\/v2\/users\/13"}],"replies":[{"embeddable":true,"href":"https:\/\/sp1.kielce.eu\/index.php\/wp-json\/wp\/v2\/comments?post=31016"}],"version-history":[{"count":3,"href":"https:\/\/sp1.kielce.eu\/index.php\/wp-json\/wp\/v2\/posts\/31016\/revisions"}],"predecessor-version":[{"id":31024,"href":"https:\/\/sp1.kielce.eu\/index.php\/wp-json\/wp\/v2\/posts\/31016\/revisions\/31024"}],"wp:featuredmedia":[{"embeddable":true,"href":"https:\/\/sp1.kielce.eu\/index.php\/wp-json\/wp\/v2\/media\/31022"}],"wp:attachment":[{"href":"https:\/\/sp1.kielce.eu\/index.php\/wp-json\/wp\/v2\/media?parent=31016"}],"wp:term":[{"taxonomy":"category","embeddable":true,"href":"https:\/\/sp1.kielce.eu\/index.php\/wp-json\/wp\/v2\/categories?post=31016"},{"taxonomy":"post_tag","embeddable":true,"href":"https:\/\/sp1.kielce.eu\/index.php\/wp-json\/wp\/v2\/tags?post=31016"}],"curies":[{"name":"wp","href":"https:\/\/api.w.org\/{rel}","templated":true}]}}