{"id":30984,"date":"2023-11-05T17:26:43","date_gmt":"2023-11-05T16:26:43","guid":{"rendered":"http:\/\/sp1.kielce.eu\/?p=30984"},"modified":"2025-04-09T14:22:21","modified_gmt":"2025-04-09T12:22:21","slug":"spotkanie-szkoleniowo-informacyjne-rcw-w-kielcach","status":"publish","type":"post","link":"https:\/\/sp1.kielce.eu\/index.php\/2023\/11\/05\/spotkanie-szkoleniowo-informacyjne-rcw-w-kielcach\/","title":{"rendered":"Spotkanie szkoleniowo-informacyjne &#8211; RCW w Kielcach"},"content":{"rendered":"\n<p>W \u015brod\u0119, 25 pa\u017adziernika br. w naszej szkole mia\u0142o miejsce kolejne inspiruj\u0105ce <strong>spotkanie szkoleniowo-informacyjne dla naszego Szkolnego Ko\u0142a Wolontariatu \u201eJedynka\u201d<\/strong> (dla klas si\u00f3dmych i \u00f3smych).&nbsp;<\/p>\n\n\n\n<p>Poprowadzili je tym razem <strong>p. Barbara i p. Anna, przedstawiciele Regionalnego Centrum Wolontariatu w Kielcach<\/strong>. Z organizacj\u0105 RCW w Kielcach jako Spo\u0142eczno\u015b\u0107 Szko\u0142y i Ko\u0142o Wolontariatu wsp\u00f3\u0142pracujemy ju\u017c od wielu lat. Prowadz\u0105cy szkolenie zaanga\u017cowali naszych Wolontariuszy do aktywnego uczestnictwa w spotkaniu, poprzez zadawanie konkretnych pyta\u0144 i nagradzali tych, kt\u00f3rzy spieszyli z odpowiedzi\u0105, drobnymi upominkami.<\/p>\n\n\n\n<p>Warto by\u0142o tak\u017ce pos\u0142ucha\u0107 kr\u00f3tkiej historii, \u015bwiadectwa p. Barbary i p. Anny, jak zacz\u0119\u0142a si\u0119 ich przygoda i pasja z wolontariatem i dlaczego dla wolontariatu zacz\u0119li zawodowo pracowa\u0107, tworz\u0105c liczne mi\u0119dzynarodowe projekty dla wymiany wolontariuszy ju\u017c doros\u0142ych z r\u00f3\u017cnych kraj\u00f3w. Przedstawicielki RCW w Kielcach szczeg\u00f3lnie motywowali m\u0142odzie\u017c z naszej Szko\u0142y to wi\u0119kszej nauki j\u0119zyk\u00f3w obcych, a szczeg\u00f3lnie j. angielskiego, kt\u00f3ry bardzo si\u0119 przydaje w zagranicznych wymianach wolontariackich.<\/p>\n\n\n\n<p>Nasi Wolontariusze zostali zaproszeni do uczestnictwa w ro\u017cnych inicjatywach prowadzonych przez RCW w Kielcach, szczeg\u00f3lnie na popo\u0142udniowe, otwarte spotkania \u015brodowe, na kt\u00f3rych wsp\u00f3\u0142tworzy si\u0119, czy poszukuje nowych form wolontariatu, wychodz\u0105c od potrzeb i uzdolnie\u0144 przychodz\u0105cych na takie spotkania.&nbsp;<\/p>\n\n\n\n<p>Jeste\u015bmy wdzi\u0119czni Prowadz\u0105cym za bardzo buduj\u0105ce spotkanie z naszymi aktywnymi Wolontariuszami.&nbsp;<\/p>\n\n\n\n<p>I dzi\u0119kujemy szczeg\u00f3lnie naszym tak licznym Wolontariuszom i Wolontariuszkom, kt\u00f3rzy odkrywaj\u0105 w sobie coraz wi\u0119ksz\u0105 bezinteresown\u0105 ch\u0119\u0107 pomagania innym i pragn\u0105 si\u0119 uczy\u0107 jak to najlepiej robi\u0107.<\/p>\n\n\n\n<p>Szkolne Ko\u0142o Wolontariatu \u201eJedynka\u201d,<\/p>\n\n\n\n<p>ks. Konrad Walerczak, p. Agnieszka Rycombel, p. Agnieszka Buczek,<\/p>\n\n\n\n<p>p. Urszula Sodel, p. Remigiusz Krzywda\u00a0 \u00a0<\/p>\n\n\n\n<figure class=\"wp-block-gallery has-nested-images columns-default is-cropped wp-block-gallery-1 is-layout-flex wp-block-gallery-is-layout-flex\">\n<figure class=\"wp-block-image size-large\"><a href=\"http:\/\/sp1.kielce.eu\/wp-content\/uploads\/2023\/11\/370220927_307741615346596_7725008634852780891_n.jpg\"><img loading=\"lazy\" decoding=\"async\" width=\"1200\" height=\"900\" data-id=\"30990\" src=\"http:\/\/sp1.kielce.eu\/wp-content\/uploads\/2023\/11\/370220927_307741615346596_7725008634852780891_n-1200x900.jpg\" alt=\"\" class=\"wp-image-30990\" srcset=\"https:\/\/sp1.kielce.eu\/wp-content\/uploads\/2023\/11\/370220927_307741615346596_7725008634852780891_n-1200x900.jpg 1200w, https:\/\/sp1.kielce.eu\/wp-content\/uploads\/2023\/11\/370220927_307741615346596_7725008634852780891_n-300x225.jpg 300w, https:\/\/sp1.kielce.eu\/wp-content\/uploads\/2023\/11\/370220927_307741615346596_7725008634852780891_n-768x576.jpg 768w, https:\/\/sp1.kielce.eu\/wp-content\/uploads\/2023\/11\/370220927_307741615346596_7725008634852780891_n-1536x1152.jpg 1536w, https:\/\/sp1.kielce.eu\/wp-content\/uploads\/2023\/11\/370220927_307741615346596_7725008634852780891_n-820x615.jpg 820w, https:\/\/sp1.kielce.eu\/wp-content\/uploads\/2023\/11\/370220927_307741615346596_7725008634852780891_n.jpg 2048w\" sizes=\"auto, (max-width: 1200px) 100vw, 1200px\" \/><\/a><\/figure>\n\n\n\n<figure class=\"wp-block-image size-large\"><a href=\"http:\/\/sp1.kielce.eu\/wp-content\/uploads\/2023\/11\/395321527_1086761476018572_9173481295721715466_n.jpg\"><img loading=\"lazy\" decoding=\"async\" width=\"1200\" height=\"900\" data-id=\"30985\" src=\"http:\/\/sp1.kielce.eu\/wp-content\/uploads\/2023\/11\/395321527_1086761476018572_9173481295721715466_n-1200x900.jpg\" alt=\"\" class=\"wp-image-30985\" srcset=\"https:\/\/sp1.kielce.eu\/wp-content\/uploads\/2023\/11\/395321527_1086761476018572_9173481295721715466_n-1200x900.jpg 1200w, https:\/\/sp1.kielce.eu\/wp-content\/uploads\/2023\/11\/395321527_1086761476018572_9173481295721715466_n-300x225.jpg 300w, https:\/\/sp1.kielce.eu\/wp-content\/uploads\/2023\/11\/395321527_1086761476018572_9173481295721715466_n-768x576.jpg 768w, https:\/\/sp1.kielce.eu\/wp-content\/uploads\/2023\/11\/395321527_1086761476018572_9173481295721715466_n-1536x1152.jpg 1536w, https:\/\/sp1.kielce.eu\/wp-content\/uploads\/2023\/11\/395321527_1086761476018572_9173481295721715466_n-820x615.jpg 820w, https:\/\/sp1.kielce.eu\/wp-content\/uploads\/2023\/11\/395321527_1086761476018572_9173481295721715466_n.jpg 2048w\" sizes=\"auto, (max-width: 1200px) 100vw, 1200px\" \/><\/a><\/figure>\n\n\n\n<figure class=\"wp-block-image size-large\"><a href=\"http:\/\/sp1.kielce.eu\/wp-content\/uploads\/2023\/11\/395324153_1475894379863987_1490195059471828803_n.jpg\"><img loading=\"lazy\" decoding=\"async\" width=\"1200\" height=\"900\" data-id=\"30986\" src=\"http:\/\/sp1.kielce.eu\/wp-content\/uploads\/2023\/11\/395324153_1475894379863987_1490195059471828803_n-1200x900.jpg\" alt=\"\" class=\"wp-image-30986\" srcset=\"https:\/\/sp1.kielce.eu\/wp-content\/uploads\/2023\/11\/395324153_1475894379863987_1490195059471828803_n-1200x900.jpg 1200w, https:\/\/sp1.kielce.eu\/wp-content\/uploads\/2023\/11\/395324153_1475894379863987_1490195059471828803_n-300x225.jpg 300w, https:\/\/sp1.kielce.eu\/wp-content\/uploads\/2023\/11\/395324153_1475894379863987_1490195059471828803_n-768x576.jpg 768w, https:\/\/sp1.kielce.eu\/wp-content\/uploads\/2023\/11\/395324153_1475894379863987_1490195059471828803_n-1536x1152.jpg 1536w, https:\/\/sp1.kielce.eu\/wp-content\/uploads\/2023\/11\/395324153_1475894379863987_1490195059471828803_n-820x615.jpg 820w, https:\/\/sp1.kielce.eu\/wp-content\/uploads\/2023\/11\/395324153_1475894379863987_1490195059471828803_n.jpg 2048w\" sizes=\"auto, (max-width: 1200px) 100vw, 1200px\" \/><\/a><\/figure>\n\n\n\n<figure class=\"wp-block-image size-large\"><a href=\"http:\/\/sp1.kielce.eu\/wp-content\/uploads\/2023\/11\/395851940_1486050098856411_4023916902296495232_n.jpg\"><img loading=\"lazy\" decoding=\"async\" width=\"1200\" height=\"900\" data-id=\"30987\" src=\"http:\/\/sp1.kielce.eu\/wp-content\/uploads\/2023\/11\/395851940_1486050098856411_4023916902296495232_n-1200x900.jpg\" alt=\"\" class=\"wp-image-30987\" srcset=\"https:\/\/sp1.kielce.eu\/wp-content\/uploads\/2023\/11\/395851940_1486050098856411_4023916902296495232_n-1200x900.jpg 1200w, https:\/\/sp1.kielce.eu\/wp-content\/uploads\/2023\/11\/395851940_1486050098856411_4023916902296495232_n-300x225.jpg 300w, https:\/\/sp1.kielce.eu\/wp-content\/uploads\/2023\/11\/395851940_1486050098856411_4023916902296495232_n-768x576.jpg 768w, https:\/\/sp1.kielce.eu\/wp-content\/uploads\/2023\/11\/395851940_1486050098856411_4023916902296495232_n-1536x1152.jpg 1536w, https:\/\/sp1.kielce.eu\/wp-content\/uploads\/2023\/11\/395851940_1486050098856411_4023916902296495232_n-820x615.jpg 820w, https:\/\/sp1.kielce.eu\/wp-content\/uploads\/2023\/11\/395851940_1486050098856411_4023916902296495232_n.jpg 2048w\" sizes=\"auto, (max-width: 1200px) 100vw, 1200px\" \/><\/a><\/figure>\n\n\n\n<figure class=\"wp-block-image size-large\"><a href=\"http:\/\/sp1.kielce.eu\/wp-content\/uploads\/2023\/11\/396565982_991742368784226_1965896101098859337_n.jpg\"><img loading=\"lazy\" decoding=\"async\" width=\"1200\" height=\"900\" data-id=\"30989\" src=\"http:\/\/sp1.kielce.eu\/wp-content\/uploads\/2023\/11\/396565982_991742368784226_1965896101098859337_n-1200x900.jpg\" alt=\"\" class=\"wp-image-30989\" srcset=\"https:\/\/sp1.kielce.eu\/wp-content\/uploads\/2023\/11\/396565982_991742368784226_1965896101098859337_n-1200x900.jpg 1200w, https:\/\/sp1.kielce.eu\/wp-content\/uploads\/2023\/11\/396565982_991742368784226_1965896101098859337_n-300x225.jpg 300w, https:\/\/sp1.kielce.eu\/wp-content\/uploads\/2023\/11\/396565982_991742368784226_1965896101098859337_n-768x576.jpg 768w, https:\/\/sp1.kielce.eu\/wp-content\/uploads\/2023\/11\/396565982_991742368784226_1965896101098859337_n-1536x1152.jpg 1536w, https:\/\/sp1.kielce.eu\/wp-content\/uploads\/2023\/11\/396565982_991742368784226_1965896101098859337_n-820x615.jpg 820w, https:\/\/sp1.kielce.eu\/wp-content\/uploads\/2023\/11\/396565982_991742368784226_1965896101098859337_n.jpg 2048w\" sizes=\"auto, (max-width: 1200px) 100vw, 1200px\" \/><\/a><\/figure>\n\n\n\n<figure class=\"wp-block-image size-large\"><a href=\"http:\/\/sp1.kielce.eu\/wp-content\/uploads\/2023\/11\/Zdjecie-tytulowe-spotkanie-z-RCW-w-Kielcach-w-SP1.jpg\"><img loading=\"lazy\" decoding=\"async\" width=\"1200\" height=\"900\" data-id=\"30988\" src=\"http:\/\/sp1.kielce.eu\/wp-content\/uploads\/2023\/11\/Zdjecie-tytulowe-spotkanie-z-RCW-w-Kielcach-w-SP1-1200x900.jpg\" alt=\"\" class=\"wp-image-30988\" srcset=\"https:\/\/sp1.kielce.eu\/wp-content\/uploads\/2023\/11\/Zdjecie-tytulowe-spotkanie-z-RCW-w-Kielcach-w-SP1-1200x900.jpg 1200w, https:\/\/sp1.kielce.eu\/wp-content\/uploads\/2023\/11\/Zdjecie-tytulowe-spotkanie-z-RCW-w-Kielcach-w-SP1-300x225.jpg 300w, https:\/\/sp1.kielce.eu\/wp-content\/uploads\/2023\/11\/Zdjecie-tytulowe-spotkanie-z-RCW-w-Kielcach-w-SP1-768x576.jpg 768w, https:\/\/sp1.kielce.eu\/wp-content\/uploads\/2023\/11\/Zdjecie-tytulowe-spotkanie-z-RCW-w-Kielcach-w-SP1-1536x1152.jpg 1536w, https:\/\/sp1.kielce.eu\/wp-content\/uploads\/2023\/11\/Zdjecie-tytulowe-spotkanie-z-RCW-w-Kielcach-w-SP1-820x615.jpg 820w, https:\/\/sp1.kielce.eu\/wp-content\/uploads\/2023\/11\/Zdjecie-tytulowe-spotkanie-z-RCW-w-Kielcach-w-SP1.jpg 2048w\" sizes=\"auto, (max-width: 1200px) 100vw, 1200px\" \/><\/a><\/figure>\n<\/figure>\n","protected":false},"excerpt":{"rendered":"<p>W \u015brod\u0119, 25 pa\u017adziernika br. w naszej szkole mia\u0142o miejsce kolejne inspiruj\u0105ce spotkanie szkoleniowo-informacyjne dla [&hellip;]<\/p>\n","protected":false},"author":5,"featured_media":30988,"comment_status":"closed","ping_status":"","sticky":false,"template":"","format":"standard","meta":{"footnotes":""},"categories":[36,163,143],"tags":[],"class_list":["post-30984","post","type-post","status-publish","format-standard","has-post-thumbnail","hentry","category-wydarzenia","category-skw","category-dorzaw"],"_links":{"self":[{"href":"https:\/\/sp1.kielce.eu\/index.php\/wp-json\/wp\/v2\/posts\/30984","targetHints":{"allow":["GET"]}}],"collection":[{"href":"https:\/\/sp1.kielce.eu\/index.php\/wp-json\/wp\/v2\/posts"}],"about":[{"href":"https:\/\/sp1.kielce.eu\/index.php\/wp-json\/wp\/v2\/types\/post"}],"author":[{"embeddable":true,"href":"https:\/\/sp1.kielce.eu\/index.php\/wp-json\/wp\/v2\/users\/5"}],"replies":[{"embeddable":true,"href":"https:\/\/sp1.kielce.eu\/index.php\/wp-json\/wp\/v2\/comments?post=30984"}],"version-history":[{"count":1,"href":"https:\/\/sp1.kielce.eu\/index.php\/wp-json\/wp\/v2\/posts\/30984\/revisions"}],"predecessor-version":[{"id":30991,"href":"https:\/\/sp1.kielce.eu\/index.php\/wp-json\/wp\/v2\/posts\/30984\/revisions\/30991"}],"wp:featuredmedia":[{"embeddable":true,"href":"https:\/\/sp1.kielce.eu\/index.php\/wp-json\/wp\/v2\/media\/30988"}],"wp:attachment":[{"href":"https:\/\/sp1.kielce.eu\/index.php\/wp-json\/wp\/v2\/media?parent=30984"}],"wp:term":[{"taxonomy":"category","embeddable":true,"href":"https:\/\/sp1.kielce.eu\/index.php\/wp-json\/wp\/v2\/categories?post=30984"},{"taxonomy":"post_tag","embeddable":true,"href":"https:\/\/sp1.kielce.eu\/index.php\/wp-json\/wp\/v2\/tags?post=30984"}],"curies":[{"name":"wp","href":"https:\/\/api.w.org\/{rel}","templated":true}]}}