{"id":30816,"date":"2023-10-30T23:31:43","date_gmt":"2023-10-30T22:31:43","guid":{"rendered":"http:\/\/sp1.kielce.eu\/?p=30816"},"modified":"2023-10-30T23:31:43","modified_gmt":"2023-10-30T22:31:43","slug":"klasowy-konkurs-w-3a-pod-haslem-mistrzowie-ortografii-i-gramatyki-z-wykorzystaniem-genibotow-zakupionych-w-ramach-programu-laboratoria-przyszlosci","status":"publish","type":"post","link":"https:\/\/sp1.kielce.eu\/index.php\/2023\/10\/30\/klasowy-konkurs-w-3a-pod-haslem-mistrzowie-ortografii-i-gramatyki-z-wykorzystaniem-genibotow-zakupionych-w-ramach-programu-laboratoria-przyszlosci\/","title":{"rendered":"Klasowy konkurs\u00a0 w 3a pod has\u0142em &#8211; \u201eMistrzowie ortografii i gramatyki\u201d z wykorzystaniem genibot\u00f3w zakupionych w ramach programu \u201eLaboratoria Przysz\u0142o\u015bci\u201d"},"content":{"rendered":"\n<p>26 pa\u017adziernika w klasie 3a uczniowie rywalizowali w klasowym konkursie pod has\u0142em &#8211; \u201eMistrzowie ortografii i gramatyki\u201d. Podzieleni na cztery grupy wsp\u00f3lnie rozwi\u0105zywali&nbsp; problemy z jak\u017ce trudn\u0105 pisowni\u0105 wyraz\u00f3w z rz oraz odmian\u0105 rzeczownik\u00f3w i przymiotnik\u00f3w.<\/p>\n\n\n\n<p>Ka\u017cde zadanie by\u0142o punktowane, a rywalizacja bardzo wyr\u00f3wnana. Decyduj\u0105c\u0105 rozgrywk\u0105 by\u0142o programowanie genibot\u00f3w zakupionych w ramach programu \u201eLaboratoria Przysz\u0142o\u015bci\u201d i ono zadecydowa\u0142o o ostatecznym rozstrzygni\u0119ciu. Zabawa sprawi\u0142a wiele frajdy i dostarczy\u0142a wiele pozytywnych emocji wszystkim uczestnikom.&nbsp;<\/p>\n\n\n\n<p>Teraz czas na matematyk\u0119!<\/p>\n\n\n\n<p class=\"has-text-align-right\">Andrzej Pustu\u0142a<a><\/a><\/p>\n\n\n\n<figure class=\"wp-block-gallery has-nested-images columns-default is-cropped wp-block-gallery-1 is-layout-flex wp-block-gallery-is-layout-flex\">\n<figure class=\"wp-block-image size-large\"><img loading=\"lazy\" decoding=\"async\" width=\"1200\" height=\"900\" data-id=\"30817\" src=\"http:\/\/sp1.kielce.eu\/wp-content\/uploads\/2023\/10\/20231030_100445-Copy.jpg\" alt=\"\" class=\"wp-image-30817\" srcset=\"https:\/\/sp1.kielce.eu\/wp-content\/uploads\/2023\/10\/20231030_100445-Copy.jpg 1200w, https:\/\/sp1.kielce.eu\/wp-content\/uploads\/2023\/10\/20231030_100445-Copy-300x225.jpg 300w, https:\/\/sp1.kielce.eu\/wp-content\/uploads\/2023\/10\/20231030_100445-Copy-768x576.jpg 768w, https:\/\/sp1.kielce.eu\/wp-content\/uploads\/2023\/10\/20231030_100445-Copy-820x615.jpg 820w\" sizes=\"auto, (max-width: 1200px) 100vw, 1200px\" \/><\/figure>\n<\/figure>\n","protected":false},"excerpt":{"rendered":"<p>26 pa\u017adziernika w klasie 3a uczniowie rywalizowali w klasowym konkursie pod has\u0142em &#8211; \u201eMistrzowie ortografii [&hellip;]<\/p>\n","protected":false},"author":13,"featured_media":30818,"comment_status":"closed","ping_status":"","sticky":false,"template":"","format":"standard","meta":{"footnotes":""},"categories":[36,22],"tags":[],"class_list":["post-30816","post","type-post","status-publish","format-standard","has-post-thumbnail","hentry","category-wydarzenia","category-konkursy-konkursy-przedmiotowe"],"_links":{"self":[{"href":"https:\/\/sp1.kielce.eu\/index.php\/wp-json\/wp\/v2\/posts\/30816","targetHints":{"allow":["GET"]}}],"collection":[{"href":"https:\/\/sp1.kielce.eu\/index.php\/wp-json\/wp\/v2\/posts"}],"about":[{"href":"https:\/\/sp1.kielce.eu\/index.php\/wp-json\/wp\/v2\/types\/post"}],"author":[{"embeddable":true,"href":"https:\/\/sp1.kielce.eu\/index.php\/wp-json\/wp\/v2\/users\/13"}],"replies":[{"embeddable":true,"href":"https:\/\/sp1.kielce.eu\/index.php\/wp-json\/wp\/v2\/comments?post=30816"}],"version-history":[{"count":1,"href":"https:\/\/sp1.kielce.eu\/index.php\/wp-json\/wp\/v2\/posts\/30816\/revisions"}],"predecessor-version":[{"id":30819,"href":"https:\/\/sp1.kielce.eu\/index.php\/wp-json\/wp\/v2\/posts\/30816\/revisions\/30819"}],"wp:featuredmedia":[{"embeddable":true,"href":"https:\/\/sp1.kielce.eu\/index.php\/wp-json\/wp\/v2\/media\/30818"}],"wp:attachment":[{"href":"https:\/\/sp1.kielce.eu\/index.php\/wp-json\/wp\/v2\/media?parent=30816"}],"wp:term":[{"taxonomy":"category","embeddable":true,"href":"https:\/\/sp1.kielce.eu\/index.php\/wp-json\/wp\/v2\/categories?post=30816"},{"taxonomy":"post_tag","embeddable":true,"href":"https:\/\/sp1.kielce.eu\/index.php\/wp-json\/wp\/v2\/tags?post=30816"}],"curies":[{"name":"wp","href":"https:\/\/api.w.org\/{rel}","templated":true}]}}