{"id":30804,"date":"2023-10-27T23:04:49","date_gmt":"2023-10-27T21:04:49","guid":{"rendered":"http:\/\/sp1.kielce.eu\/?p=30804"},"modified":"2023-10-30T23:12:19","modified_gmt":"2023-10-30T22:12:19","slug":"szkolapamieta-wycieczka-klasy-ic-do-osrodka-mysli-patriotycznej-i-obywatelskiej-w-kielcach","status":"publish","type":"post","link":"https:\/\/sp1.kielce.eu\/index.php\/2023\/10\/27\/szkolapamieta-wycieczka-klasy-ic-do-osrodka-mysli-patriotycznej-i-obywatelskiej-w-kielcach\/","title":{"rendered":"#Szko\u0142aPami\u0119ta Wycieczka klasy Ic do O\u015brodka My\u015bli Patriotycznej i Obywatelskiej w Kielcach"},"content":{"rendered":"\n<p>24.10.2023 r., w zwi\u0105zku ze zbli\u017caj\u0105cymi si\u0119 \u015bwi\u0119tami Wszystkich \u015awi\u0119tych oraz \u015awi\u0119ta Niepodleg\u0142o\u015bci uczniowie klasy Ic wybrali si\u0119 na wycieczk\u0119 do O\u015brodka My\u015bli Patriotycznej<\/p>\n\n\n\n<p>i Obywatelskiej-dawnego wi\u0119zienia w Kielcach, Miejsca Pami\u0119ci Narodowej. Razem z przewodnikiem dzieci mia\u0142y okazj\u0119 wzi\u0105\u0107 udzia\u0142 w \u017cywej lekcji historii oraz zwiedzi\u0107 muzeum<\/p>\n\n\n\n<p>w nowoczesnej, multimedialnej przestrzeni ekspozycyjnej, kt\u00f3ra prezentuje dokonania naszych przodk\u00f3w \u2013 od powstania ko\u015bciuszkowskiego po okres PRL. Nast\u0119pnie wzi\u0119\u0142y udzia\u0142<\/p>\n\n\n\n<p>w&nbsp; warsztatach pt.\u201eWielcy Polacy: Tadeusz Ko\u015bciuszko i J\u00f3zef Pi\u0142sudski\u201d.<\/p>\n\n\n\n<p>Podczas zaj\u0119\u0107 dzieci wykaza\u0142y si\u0119 zainteresowaniem i powag\u0105, odpowiada\u0142y i zadawa\u0142y pytania, wykona\u0142y ciekawe prace plastyczne.<\/p>\n\n\n\n<p>Przed powrotem do szko\u0142y uda\u0142y si\u0119 pod pomnik Harcerzy poleg\u0142ych za Ojczyzn\u0119, aby zapali\u0107 znicze i chwil\u0105 ciszy uczci\u0107 pami\u0119\u0107 Wielkich Polak\u00f3w, dzi\u0119ki kt\u00f3rym mo\u017cemy teraz cieszy\u0107 si\u0119 wolno\u015bci\u0105.<\/p>\n\n\n\n<p>Klasa Ic pami\u0119ta!<\/p>\n\n\n\n<p class=\"has-text-align-right\">Wychowawca<br>Maria Litwinek<\/p>\n\n\n\n<figure class=\"wp-block-gallery has-nested-images columns-4 is-cropped wp-block-gallery-1 is-layout-flex wp-block-gallery-is-layout-flex\">\n<figure class=\"wp-block-image size-large\"><a href=\"http:\/\/sp1.kielce.eu\/wp-content\/uploads\/2023\/10\/370124621_1390641458468747_8766373101639890677_n-Copy.jpg\"><img loading=\"lazy\" decoding=\"async\" width=\"675\" height=\"900\" data-id=\"30809\" src=\"http:\/\/sp1.kielce.eu\/wp-content\/uploads\/2023\/10\/370124621_1390641458468747_8766373101639890677_n-Copy.jpg\" alt=\"\" class=\"wp-image-30809\" srcset=\"https:\/\/sp1.kielce.eu\/wp-content\/uploads\/2023\/10\/370124621_1390641458468747_8766373101639890677_n-Copy.jpg 675w, https:\/\/sp1.kielce.eu\/wp-content\/uploads\/2023\/10\/370124621_1390641458468747_8766373101639890677_n-Copy-225x300.jpg 225w\" sizes=\"auto, (max-width: 675px) 100vw, 675px\" \/><\/a><\/figure>\n\n\n\n<figure class=\"wp-block-image size-large\"><a href=\"http:\/\/sp1.kielce.eu\/wp-content\/uploads\/2023\/10\/396476885_227922806769547_5736956772914894403_n-Copy.jpg\"><img loading=\"lazy\" decoding=\"async\" width=\"1200\" height=\"900\" data-id=\"30806\" src=\"http:\/\/sp1.kielce.eu\/wp-content\/uploads\/2023\/10\/396476885_227922806769547_5736956772914894403_n-Copy.jpg\" alt=\"\" class=\"wp-image-30806\" srcset=\"https:\/\/sp1.kielce.eu\/wp-content\/uploads\/2023\/10\/396476885_227922806769547_5736956772914894403_n-Copy.jpg 1200w, https:\/\/sp1.kielce.eu\/wp-content\/uploads\/2023\/10\/396476885_227922806769547_5736956772914894403_n-Copy-300x225.jpg 300w, https:\/\/sp1.kielce.eu\/wp-content\/uploads\/2023\/10\/396476885_227922806769547_5736956772914894403_n-Copy-768x576.jpg 768w, https:\/\/sp1.kielce.eu\/wp-content\/uploads\/2023\/10\/396476885_227922806769547_5736956772914894403_n-Copy-820x615.jpg 820w\" sizes=\"auto, (max-width: 1200px) 100vw, 1200px\" \/><\/a><\/figure>\n\n\n\n<figure class=\"wp-block-image size-large\"><a href=\"http:\/\/sp1.kielce.eu\/wp-content\/uploads\/2023\/10\/IMG_3931-Copy.jpg\"><img loading=\"lazy\" decoding=\"async\" width=\"1200\" height=\"800\" data-id=\"30805\" src=\"http:\/\/sp1.kielce.eu\/wp-content\/uploads\/2023\/10\/IMG_3931-Copy.jpg\" alt=\"\" class=\"wp-image-30805\" srcset=\"https:\/\/sp1.kielce.eu\/wp-content\/uploads\/2023\/10\/IMG_3931-Copy.jpg 1200w, https:\/\/sp1.kielce.eu\/wp-content\/uploads\/2023\/10\/IMG_3931-Copy-300x200.jpg 300w, https:\/\/sp1.kielce.eu\/wp-content\/uploads\/2023\/10\/IMG_3931-Copy-768x512.jpg 768w, https:\/\/sp1.kielce.eu\/wp-content\/uploads\/2023\/10\/IMG_3931-Copy-600x400.jpg 600w, https:\/\/sp1.kielce.eu\/wp-content\/uploads\/2023\/10\/IMG_3931-Copy-820x547.jpg 820w\" sizes=\"auto, (max-width: 1200px) 100vw, 1200px\" \/><\/a><\/figure>\n\n\n\n<figure class=\"wp-block-image size-large\"><a href=\"http:\/\/sp1.kielce.eu\/wp-content\/uploads\/2023\/10\/IMG_3965-Copy.jpg\"><img loading=\"lazy\" decoding=\"async\" width=\"1200\" height=\"800\" data-id=\"30810\" src=\"http:\/\/sp1.kielce.eu\/wp-content\/uploads\/2023\/10\/IMG_3965-Copy.jpg\" alt=\"\" class=\"wp-image-30810\" srcset=\"https:\/\/sp1.kielce.eu\/wp-content\/uploads\/2023\/10\/IMG_3965-Copy.jpg 1200w, https:\/\/sp1.kielce.eu\/wp-content\/uploads\/2023\/10\/IMG_3965-Copy-300x200.jpg 300w, https:\/\/sp1.kielce.eu\/wp-content\/uploads\/2023\/10\/IMG_3965-Copy-768x512.jpg 768w, https:\/\/sp1.kielce.eu\/wp-content\/uploads\/2023\/10\/IMG_3965-Copy-600x400.jpg 600w, https:\/\/sp1.kielce.eu\/wp-content\/uploads\/2023\/10\/IMG_3965-Copy-820x547.jpg 820w\" sizes=\"auto, (max-width: 1200px) 100vw, 1200px\" \/><\/a><\/figure>\n\n\n\n<figure class=\"wp-block-image size-large\"><a href=\"http:\/\/sp1.kielce.eu\/wp-content\/uploads\/2023\/10\/IMG_3976-Copy.jpg\"><img loading=\"lazy\" decoding=\"async\" width=\"1200\" height=\"800\" data-id=\"30807\" src=\"http:\/\/sp1.kielce.eu\/wp-content\/uploads\/2023\/10\/IMG_3976-Copy.jpg\" alt=\"\" class=\"wp-image-30807\" srcset=\"https:\/\/sp1.kielce.eu\/wp-content\/uploads\/2023\/10\/IMG_3976-Copy.jpg 1200w, https:\/\/sp1.kielce.eu\/wp-content\/uploads\/2023\/10\/IMG_3976-Copy-300x200.jpg 300w, https:\/\/sp1.kielce.eu\/wp-content\/uploads\/2023\/10\/IMG_3976-Copy-768x512.jpg 768w, https:\/\/sp1.kielce.eu\/wp-content\/uploads\/2023\/10\/IMG_3976-Copy-600x400.jpg 600w, https:\/\/sp1.kielce.eu\/wp-content\/uploads\/2023\/10\/IMG_3976-Copy-820x547.jpg 820w\" sizes=\"auto, (max-width: 1200px) 100vw, 1200px\" \/><\/a><\/figure>\n\n\n\n<figure class=\"wp-block-image size-large\"><a href=\"http:\/\/sp1.kielce.eu\/wp-content\/uploads\/2023\/10\/IMG_4047-Copy.jpg\"><img loading=\"lazy\" decoding=\"async\" width=\"1200\" height=\"800\" data-id=\"30808\" src=\"http:\/\/sp1.kielce.eu\/wp-content\/uploads\/2023\/10\/IMG_4047-Copy.jpg\" alt=\"\" class=\"wp-image-30808\" srcset=\"https:\/\/sp1.kielce.eu\/wp-content\/uploads\/2023\/10\/IMG_4047-Copy.jpg 1200w, https:\/\/sp1.kielce.eu\/wp-content\/uploads\/2023\/10\/IMG_4047-Copy-300x200.jpg 300w, https:\/\/sp1.kielce.eu\/wp-content\/uploads\/2023\/10\/IMG_4047-Copy-768x512.jpg 768w, https:\/\/sp1.kielce.eu\/wp-content\/uploads\/2023\/10\/IMG_4047-Copy-600x400.jpg 600w, https:\/\/sp1.kielce.eu\/wp-content\/uploads\/2023\/10\/IMG_4047-Copy-820x547.jpg 820w\" sizes=\"auto, (max-width: 1200px) 100vw, 1200px\" \/><\/a><\/figure>\n<\/figure>\n","protected":false},"excerpt":{"rendered":"<p>24.10.2023 r., w zwi\u0105zku ze zbli\u017caj\u0105cymi si\u0119 \u015bwi\u0119tami Wszystkich \u015awi\u0119tych oraz \u015awi\u0119ta Niepodleg\u0142o\u015bci uczniowie klasy [&hellip;]<\/p>\n","protected":false},"author":13,"featured_media":30811,"comment_status":"closed","ping_status":"","sticky":false,"template":"","format":"standard","meta":{"footnotes":""},"categories":[36,3],"tags":[],"class_list":["post-30804","post","type-post","status-publish","format-standard","has-post-thumbnail","hentry","category-wydarzenia","category-wycieczki"],"_links":{"self":[{"href":"https:\/\/sp1.kielce.eu\/index.php\/wp-json\/wp\/v2\/posts\/30804","targetHints":{"allow":["GET"]}}],"collection":[{"href":"https:\/\/sp1.kielce.eu\/index.php\/wp-json\/wp\/v2\/posts"}],"about":[{"href":"https:\/\/sp1.kielce.eu\/index.php\/wp-json\/wp\/v2\/types\/post"}],"author":[{"embeddable":true,"href":"https:\/\/sp1.kielce.eu\/index.php\/wp-json\/wp\/v2\/users\/13"}],"replies":[{"embeddable":true,"href":"https:\/\/sp1.kielce.eu\/index.php\/wp-json\/wp\/v2\/comments?post=30804"}],"version-history":[{"count":1,"href":"https:\/\/sp1.kielce.eu\/index.php\/wp-json\/wp\/v2\/posts\/30804\/revisions"}],"predecessor-version":[{"id":30812,"href":"https:\/\/sp1.kielce.eu\/index.php\/wp-json\/wp\/v2\/posts\/30804\/revisions\/30812"}],"wp:featuredmedia":[{"embeddable":true,"href":"https:\/\/sp1.kielce.eu\/index.php\/wp-json\/wp\/v2\/media\/30811"}],"wp:attachment":[{"href":"https:\/\/sp1.kielce.eu\/index.php\/wp-json\/wp\/v2\/media?parent=30804"}],"wp:term":[{"taxonomy":"category","embeddable":true,"href":"https:\/\/sp1.kielce.eu\/index.php\/wp-json\/wp\/v2\/categories?post=30804"},{"taxonomy":"post_tag","embeddable":true,"href":"https:\/\/sp1.kielce.eu\/index.php\/wp-json\/wp\/v2\/tags?post=30804"}],"curies":[{"name":"wp","href":"https:\/\/api.w.org\/{rel}","templated":true}]}}