{"id":30729,"date":"2023-10-24T07:48:51","date_gmt":"2023-10-24T05:48:51","guid":{"rendered":"http:\/\/sp1.kielce.eu\/?p=30729"},"modified":"2023-10-24T07:48:51","modified_gmt":"2023-10-24T05:48:51","slug":"wolontariacka-segregacja-liczenie-i-pakowanie-artykulow-szkolnych","status":"publish","type":"post","link":"https:\/\/sp1.kielce.eu\/index.php\/2023\/10\/24\/wolontariacka-segregacja-liczenie-i-pakowanie-artykulow-szkolnych\/","title":{"rendered":"Wolontariacka segregacja, liczenie i pakowanie artyku\u0142\u00f3w szkolnych"},"content":{"rendered":"\n<p><strong>w DCW w Kielcach<\/strong><\/p>\n\n\n\n<p><strong>(ko\u0144c\u00f3wka akcji \u201eKolega\/koledze\u201d)<\/strong><\/p>\n\n\n\n<p>W miniony poniedzia\u0142ek, 23 pa\u017adziernika na pro\u015bb\u0119 p. Moniki Wilk, koordynatorki Diecezjalnego Centrum Wolontariatu (DCW) w Kielcach, skierowan\u0105 do naszego Szkolnego Ko\u0142a Wolontariatu \u201eJedynka\u201d, <strong>dzielna czw\u00f3rka naszych Wolontariuszy wraz z ich opiekunem, podj\u0119\u0142a si\u0119 niema\u0142ej kilkugodzinnej pracy segregowania, liczenia i pakowania<\/strong> przywiezionych z r\u00f3\u017cnych \u015brodowisk szkolnych i parafialnych, <strong>wszystkich zebranych artyku\u0142\u00f3w szkolnych<\/strong>.<\/p>\n\n\n\n<p>&nbsp;&nbsp;&nbsp;&nbsp;&nbsp;&nbsp;&nbsp;&nbsp; Gratulujemy i bardzo dzi\u0119kujemy naszym ch\u0119tnym i solidnym Wolontariuszom, za tak sprawne wykonanie nie\u0142atwego zadania, na co zwr\u00f3ci\u0142a wielk\u0105 uwag\u0119 w podzi\u0119kowaniach p. koordynator Monika.<\/p>\n\n\n\n<p>Szkolne Ko\u0142a Wolontariatu \u201eJedynka\u201d,<\/p>\n\n\n\n<p>ks. Konrad Walerczak<\/p>\n\n\n\n<figure class=\"wp-block-gallery has-nested-images columns-default is-cropped wp-block-gallery-1 is-layout-flex wp-block-gallery-is-layout-flex\">\n<figure class=\"wp-block-image size-large\"><a href=\"http:\/\/sp1.kielce.eu\/wp-content\/uploads\/2023\/10\/1.jpg\"><img loading=\"lazy\" decoding=\"async\" width=\"1200\" height=\"900\" data-id=\"30732\" src=\"http:\/\/sp1.kielce.eu\/wp-content\/uploads\/2023\/10\/1-1200x900.jpg\" alt=\"\" class=\"wp-image-30732\" srcset=\"https:\/\/sp1.kielce.eu\/wp-content\/uploads\/2023\/10\/1-1200x900.jpg 1200w, https:\/\/sp1.kielce.eu\/wp-content\/uploads\/2023\/10\/1-300x225.jpg 300w, https:\/\/sp1.kielce.eu\/wp-content\/uploads\/2023\/10\/1-768x576.jpg 768w, https:\/\/sp1.kielce.eu\/wp-content\/uploads\/2023\/10\/1-1536x1152.jpg 1536w, https:\/\/sp1.kielce.eu\/wp-content\/uploads\/2023\/10\/1-820x615.jpg 820w, https:\/\/sp1.kielce.eu\/wp-content\/uploads\/2023\/10\/1.jpg 2048w\" sizes=\"auto, (max-width: 1200px) 100vw, 1200px\" \/><\/a><\/figure>\n\n\n\n<figure class=\"wp-block-image size-large\"><a href=\"http:\/\/sp1.kielce.eu\/wp-content\/uploads\/2023\/10\/2.jpg\"><img loading=\"lazy\" decoding=\"async\" width=\"1200\" height=\"900\" data-id=\"30733\" src=\"http:\/\/sp1.kielce.eu\/wp-content\/uploads\/2023\/10\/2-1200x900.jpg\" alt=\"\" class=\"wp-image-30733\" srcset=\"https:\/\/sp1.kielce.eu\/wp-content\/uploads\/2023\/10\/2-1200x900.jpg 1200w, https:\/\/sp1.kielce.eu\/wp-content\/uploads\/2023\/10\/2-300x225.jpg 300w, https:\/\/sp1.kielce.eu\/wp-content\/uploads\/2023\/10\/2-768x576.jpg 768w, https:\/\/sp1.kielce.eu\/wp-content\/uploads\/2023\/10\/2-1536x1152.jpg 1536w, https:\/\/sp1.kielce.eu\/wp-content\/uploads\/2023\/10\/2-820x615.jpg 820w, https:\/\/sp1.kielce.eu\/wp-content\/uploads\/2023\/10\/2.jpg 2048w\" sizes=\"auto, (max-width: 1200px) 100vw, 1200px\" \/><\/a><\/figure>\n\n\n\n<figure class=\"wp-block-image size-large\"><a href=\"http:\/\/sp1.kielce.eu\/wp-content\/uploads\/2023\/10\/3.jpg\"><img loading=\"lazy\" decoding=\"async\" width=\"1200\" height=\"900\" data-id=\"30731\" src=\"http:\/\/sp1.kielce.eu\/wp-content\/uploads\/2023\/10\/3-1200x900.jpg\" alt=\"\" class=\"wp-image-30731\" srcset=\"https:\/\/sp1.kielce.eu\/wp-content\/uploads\/2023\/10\/3-1200x900.jpg 1200w, https:\/\/sp1.kielce.eu\/wp-content\/uploads\/2023\/10\/3-300x225.jpg 300w, https:\/\/sp1.kielce.eu\/wp-content\/uploads\/2023\/10\/3-768x576.jpg 768w, https:\/\/sp1.kielce.eu\/wp-content\/uploads\/2023\/10\/3-1536x1152.jpg 1536w, https:\/\/sp1.kielce.eu\/wp-content\/uploads\/2023\/10\/3-820x615.jpg 820w, https:\/\/sp1.kielce.eu\/wp-content\/uploads\/2023\/10\/3.jpg 2048w\" sizes=\"auto, (max-width: 1200px) 100vw, 1200px\" \/><\/a><\/figure>\n\n\n\n<figure class=\"wp-block-image size-large\"><a href=\"http:\/\/sp1.kielce.eu\/wp-content\/uploads\/2023\/10\/Zdj\u00a6Ocie-tytueowe-2.jpg\"><img loading=\"lazy\" decoding=\"async\" width=\"675\" height=\"900\" data-id=\"30730\" src=\"http:\/\/sp1.kielce.eu\/wp-content\/uploads\/2023\/10\/Zdj\u00a6Ocie-tytueowe-2-675x900.jpg\" alt=\"\" class=\"wp-image-30730\" srcset=\"https:\/\/sp1.kielce.eu\/wp-content\/uploads\/2023\/10\/Zdj\u00a6Ocie-tytueowe-2-675x900.jpg 675w, https:\/\/sp1.kielce.eu\/wp-content\/uploads\/2023\/10\/Zdj\u00a6Ocie-tytueowe-2-225x300.jpg 225w, https:\/\/sp1.kielce.eu\/wp-content\/uploads\/2023\/10\/Zdj\u00a6Ocie-tytueowe-2-768x1024.jpg 768w, https:\/\/sp1.kielce.eu\/wp-content\/uploads\/2023\/10\/Zdj\u00a6Ocie-tytueowe-2-1152x1536.jpg 1152w, https:\/\/sp1.kielce.eu\/wp-content\/uploads\/2023\/10\/Zdj\u00a6Ocie-tytueowe-2-820x1093.jpg 820w, https:\/\/sp1.kielce.eu\/wp-content\/uploads\/2023\/10\/Zdj\u00a6Ocie-tytueowe-2.jpg 1536w\" sizes=\"auto, (max-width: 675px) 100vw, 675px\" \/><\/a><\/figure>\n<\/figure>\n","protected":false},"excerpt":{"rendered":"<p>w DCW w Kielcach (ko\u0144c\u00f3wka akcji \u201eKolega\/koledze\u201d) W miniony poniedzia\u0142ek, 23 pa\u017adziernika na pro\u015bb\u0119 p. [&hellip;]<\/p>\n","protected":false},"author":5,"featured_media":30730,"comment_status":"closed","ping_status":"","sticky":false,"template":"","format":"standard","meta":{"footnotes":""},"categories":[36,163],"tags":[],"class_list":["post-30729","post","type-post","status-publish","format-standard","has-post-thumbnail","hentry","category-wydarzenia","category-skw"],"_links":{"self":[{"href":"https:\/\/sp1.kielce.eu\/index.php\/wp-json\/wp\/v2\/posts\/30729","targetHints":{"allow":["GET"]}}],"collection":[{"href":"https:\/\/sp1.kielce.eu\/index.php\/wp-json\/wp\/v2\/posts"}],"about":[{"href":"https:\/\/sp1.kielce.eu\/index.php\/wp-json\/wp\/v2\/types\/post"}],"author":[{"embeddable":true,"href":"https:\/\/sp1.kielce.eu\/index.php\/wp-json\/wp\/v2\/users\/5"}],"replies":[{"embeddable":true,"href":"https:\/\/sp1.kielce.eu\/index.php\/wp-json\/wp\/v2\/comments?post=30729"}],"version-history":[{"count":1,"href":"https:\/\/sp1.kielce.eu\/index.php\/wp-json\/wp\/v2\/posts\/30729\/revisions"}],"predecessor-version":[{"id":30734,"href":"https:\/\/sp1.kielce.eu\/index.php\/wp-json\/wp\/v2\/posts\/30729\/revisions\/30734"}],"wp:featuredmedia":[{"embeddable":true,"href":"https:\/\/sp1.kielce.eu\/index.php\/wp-json\/wp\/v2\/media\/30730"}],"wp:attachment":[{"href":"https:\/\/sp1.kielce.eu\/index.php\/wp-json\/wp\/v2\/media?parent=30729"}],"wp:term":[{"taxonomy":"category","embeddable":true,"href":"https:\/\/sp1.kielce.eu\/index.php\/wp-json\/wp\/v2\/categories?post=30729"},{"taxonomy":"post_tag","embeddable":true,"href":"https:\/\/sp1.kielce.eu\/index.php\/wp-json\/wp\/v2\/tags?post=30729"}],"curies":[{"name":"wp","href":"https:\/\/api.w.org\/{rel}","templated":true}]}}