{"id":30430,"date":"2023-10-17T16:51:23","date_gmt":"2023-10-17T14:51:23","guid":{"rendered":"http:\/\/sp1.kielce.eu\/?p=30430"},"modified":"2023-10-17T16:51:23","modified_gmt":"2023-10-17T14:51:23","slug":"zuchy-ratuja-krolowa","status":"publish","type":"post","link":"https:\/\/sp1.kielce.eu\/index.php\/2023\/10\/17\/zuchy-ratuja-krolowa\/","title":{"rendered":"Zuchy ratuj\u0105 Kr\u00f3low\u0105"},"content":{"rendered":"\n<p>Podczas ostatniej zbi\u00f3rki nasze Zuchy odwiedzi\u0142a Kr\u00f3lowa Karolina w towarzystwie dam dworu! Niestety, okaza\u0142o si\u0119, \u017ce w\u00a0wyniku nieszcz\u0119\u015bliwego wypadku, Kr\u00f3lowa Karolina straci\u0142a pami\u0119\u0107. Dw\u00f3rki kr\u00f3lowej poprosi\u0142y nas o pomoc w\u00a0przywr\u00f3ceniu zdrowia w\u0142adczyni. Zuchy ch\u0119tnie podj\u0119\u0142y si\u0119 tego nie\u0142atwego zadania. Najpierw pozna\u0142y kr\u00f3tkie legendy dotycz\u0105ce naszego regionu. Nast\u0119pnie, na ich podstawie zorganizowa\u0142y kr\u00f3tkie przedstawienia, z nadziej\u0105, \u017ce mo\u017ce przywr\u00f3c\u0105 pami\u0119\u0107 Kr\u00f3lowej. Ku ogromnej rado\u015bci wszystkich zgromadzonych, misja zako\u0144czy\u0142a si\u0119 sukcesem, a wdzi\u0119czna Kr\u00f3lowa zaprosi\u0142a wszystkich na bal, kt\u00f3ry odb\u0119dzie si\u0119 w przysz\u0142y pi\u0105tek!<\/p>\n\n\n\n<figure class=\"wp-block-gallery has-nested-images columns-4 is-cropped wp-block-gallery-1 is-layout-flex wp-block-gallery-is-layout-flex\">\n<figure class=\"wp-block-image size-large\"><a href=\"http:\/\/sp1.kielce.eu\/wp-content\/uploads\/2023\/10\/z-2-Copy.jpg\"><img loading=\"lazy\" decoding=\"async\" width=\"1200\" height=\"900\" data-id=\"30434\" src=\"http:\/\/sp1.kielce.eu\/wp-content\/uploads\/2023\/10\/z-2-Copy.jpg\" alt=\"\" class=\"wp-image-30434\" srcset=\"https:\/\/sp1.kielce.eu\/wp-content\/uploads\/2023\/10\/z-2-Copy.jpg 1200w, https:\/\/sp1.kielce.eu\/wp-content\/uploads\/2023\/10\/z-2-Copy-300x225.jpg 300w, https:\/\/sp1.kielce.eu\/wp-content\/uploads\/2023\/10\/z-2-Copy-768x576.jpg 768w, https:\/\/sp1.kielce.eu\/wp-content\/uploads\/2023\/10\/z-2-Copy-820x615.jpg 820w\" sizes=\"auto, (max-width: 1200px) 100vw, 1200px\" \/><\/a><\/figure>\n\n\n\n<figure class=\"wp-block-image size-large\"><a href=\"http:\/\/sp1.kielce.eu\/wp-content\/uploads\/2023\/10\/z-3-Copy.jpg\"><img loading=\"lazy\" decoding=\"async\" width=\"1200\" height=\"900\" data-id=\"30432\" src=\"http:\/\/sp1.kielce.eu\/wp-content\/uploads\/2023\/10\/z-3-Copy.jpg\" alt=\"\" class=\"wp-image-30432\" srcset=\"https:\/\/sp1.kielce.eu\/wp-content\/uploads\/2023\/10\/z-3-Copy.jpg 1200w, https:\/\/sp1.kielce.eu\/wp-content\/uploads\/2023\/10\/z-3-Copy-300x225.jpg 300w, https:\/\/sp1.kielce.eu\/wp-content\/uploads\/2023\/10\/z-3-Copy-768x576.jpg 768w, https:\/\/sp1.kielce.eu\/wp-content\/uploads\/2023\/10\/z-3-Copy-820x615.jpg 820w\" sizes=\"auto, (max-width: 1200px) 100vw, 1200px\" \/><\/a><\/figure>\n\n\n\n<figure class=\"wp-block-image size-large\"><a href=\"http:\/\/sp1.kielce.eu\/wp-content\/uploads\/2023\/10\/z-4-Copy.jpg\"><img loading=\"lazy\" decoding=\"async\" width=\"860\" height=\"900\" data-id=\"30431\" src=\"http:\/\/sp1.kielce.eu\/wp-content\/uploads\/2023\/10\/z-4-Copy.jpg\" alt=\"\" class=\"wp-image-30431\" srcset=\"https:\/\/sp1.kielce.eu\/wp-content\/uploads\/2023\/10\/z-4-Copy.jpg 860w, https:\/\/sp1.kielce.eu\/wp-content\/uploads\/2023\/10\/z-4-Copy-287x300.jpg 287w, https:\/\/sp1.kielce.eu\/wp-content\/uploads\/2023\/10\/z-4-Copy-768x804.jpg 768w, https:\/\/sp1.kielce.eu\/wp-content\/uploads\/2023\/10\/z-4-Copy-820x858.jpg 820w\" sizes=\"auto, (max-width: 860px) 100vw, 860px\" \/><\/a><\/figure>\n\n\n\n<figure class=\"wp-block-image size-large\"><a href=\"http:\/\/sp1.kielce.eu\/wp-content\/uploads\/2023\/10\/z-5-Copy.jpg\"><img loading=\"lazy\" decoding=\"async\" width=\"675\" height=\"900\" data-id=\"30433\" src=\"http:\/\/sp1.kielce.eu\/wp-content\/uploads\/2023\/10\/z-5-Copy.jpg\" alt=\"\" class=\"wp-image-30433\" srcset=\"https:\/\/sp1.kielce.eu\/wp-content\/uploads\/2023\/10\/z-5-Copy.jpg 675w, https:\/\/sp1.kielce.eu\/wp-content\/uploads\/2023\/10\/z-5-Copy-225x300.jpg 225w\" sizes=\"auto, (max-width: 675px) 100vw, 675px\" \/><\/a><\/figure>\n<\/figure>\n","protected":false},"excerpt":{"rendered":"<p>Podczas ostatniej zbi\u00f3rki nasze Zuchy odwiedzi\u0142a Kr\u00f3lowa Karolina w towarzystwie dam dworu! Niestety, okaza\u0142o si\u0119, [&hellip;]<\/p>\n","protected":false},"author":13,"featured_media":30435,"comment_status":"closed","ping_status":"","sticky":false,"template":"","format":"standard","meta":{"footnotes":""},"categories":[188],"tags":[],"class_list":["post-30430","post","type-post","status-publish","format-standard","has-post-thumbnail","hentry","category-25-kielecka-gromada-zuchowa"],"_links":{"self":[{"href":"https:\/\/sp1.kielce.eu\/index.php\/wp-json\/wp\/v2\/posts\/30430","targetHints":{"allow":["GET"]}}],"collection":[{"href":"https:\/\/sp1.kielce.eu\/index.php\/wp-json\/wp\/v2\/posts"}],"about":[{"href":"https:\/\/sp1.kielce.eu\/index.php\/wp-json\/wp\/v2\/types\/post"}],"author":[{"embeddable":true,"href":"https:\/\/sp1.kielce.eu\/index.php\/wp-json\/wp\/v2\/users\/13"}],"replies":[{"embeddable":true,"href":"https:\/\/sp1.kielce.eu\/index.php\/wp-json\/wp\/v2\/comments?post=30430"}],"version-history":[{"count":1,"href":"https:\/\/sp1.kielce.eu\/index.php\/wp-json\/wp\/v2\/posts\/30430\/revisions"}],"predecessor-version":[{"id":30436,"href":"https:\/\/sp1.kielce.eu\/index.php\/wp-json\/wp\/v2\/posts\/30430\/revisions\/30436"}],"wp:featuredmedia":[{"embeddable":true,"href":"https:\/\/sp1.kielce.eu\/index.php\/wp-json\/wp\/v2\/media\/30435"}],"wp:attachment":[{"href":"https:\/\/sp1.kielce.eu\/index.php\/wp-json\/wp\/v2\/media?parent=30430"}],"wp:term":[{"taxonomy":"category","embeddable":true,"href":"https:\/\/sp1.kielce.eu\/index.php\/wp-json\/wp\/v2\/categories?post=30430"},{"taxonomy":"post_tag","embeddable":true,"href":"https:\/\/sp1.kielce.eu\/index.php\/wp-json\/wp\/v2\/tags?post=30430"}],"curies":[{"name":"wp","href":"https:\/\/api.w.org\/{rel}","templated":true}]}}