{"id":30335,"date":"2023-10-10T21:10:20","date_gmt":"2023-10-10T19:10:20","guid":{"rendered":"http:\/\/sp1.kielce.eu\/?p=30335"},"modified":"2023-10-10T21:10:20","modified_gmt":"2023-10-10T19:10:20","slug":"seans-w-kinie-helios-z-udzialem-klasy-2a","status":"publish","type":"post","link":"https:\/\/sp1.kielce.eu\/index.php\/2023\/10\/10\/seans-w-kinie-helios-z-udzialem-klasy-2a\/","title":{"rendered":"\u00a0Seans w kinie Helios z udzia\u0142em klasy 2a"},"content":{"rendered":"\n<p>\u201eO psie, kt\u00f3ry je\u017adzi\u0142 kolej\u0105\u201d to film, na kt\u00f3ry wszyscy czekali latami \u2013 ponadczasowy, mi\u0119dzypokoleniowy, z happy endem i uroczym owczarkiem szwajcarskim w roli g\u0142\u00f3wnej, i w\u0142a\u015bnie na taki seans wybrali si\u0119 uczniowie klasy 2a. By\u0142a to niesamowita lekcja przyja\u017ani, empatii i ekologii, pe\u0142na emocji i wzrusze\u0144. Uczniowie po obejrzeniu filmu z pe\u0142nym zadowoleniem ,wspaniale zauwa\u017cyli jak wa\u017cn\u0105 rol\u0119 w \u017cyciu odgrywa zdrowie, rodzina i przyjaciele.<\/p>\n\n\n\n<p>Tym wyj\u015bciem wsp\u00f3lnie z ca\u0142\u0105 klasa uczcili\u015bmy Dzie\u0144 Ch\u0142opaka.<\/p>\n\n\n\n<p class=\"has-text-align-right\">Iwona Delipacy \u2013 Wychowawca klasy<\/p>\n\n\n\n<figure class=\"wp-block-gallery has-nested-images columns-default is-cropped wp-block-gallery-1 is-layout-flex wp-block-gallery-is-layout-flex\">\n<figure class=\"wp-block-image size-large\"><img loading=\"lazy\" decoding=\"async\" width=\"675\" height=\"900\" data-id=\"30336\" src=\"http:\/\/sp1.kielce.eu\/wp-content\/uploads\/2023\/10\/IMG_20231005_222606-Copy.jpg\" alt=\"\" class=\"wp-image-30336\" srcset=\"https:\/\/sp1.kielce.eu\/wp-content\/uploads\/2023\/10\/IMG_20231005_222606-Copy.jpg 675w, https:\/\/sp1.kielce.eu\/wp-content\/uploads\/2023\/10\/IMG_20231005_222606-Copy-225x300.jpg 225w\" sizes=\"auto, (max-width: 675px) 100vw, 675px\" \/><\/figure>\n<\/figure>\n","protected":false},"excerpt":{"rendered":"<p>\u201eO psie, kt\u00f3ry je\u017adzi\u0142 kolej\u0105\u201d to film, na kt\u00f3ry wszyscy czekali latami \u2013 ponadczasowy, mi\u0119dzypokoleniowy, [&hellip;]<\/p>\n","protected":false},"author":13,"featured_media":30337,"comment_status":"closed","ping_status":"","sticky":false,"template":"","format":"standard","meta":{"footnotes":""},"categories":[36],"tags":[],"class_list":["post-30335","post","type-post","status-publish","format-standard","has-post-thumbnail","hentry","category-wydarzenia"],"_links":{"self":[{"href":"https:\/\/sp1.kielce.eu\/index.php\/wp-json\/wp\/v2\/posts\/30335","targetHints":{"allow":["GET"]}}],"collection":[{"href":"https:\/\/sp1.kielce.eu\/index.php\/wp-json\/wp\/v2\/posts"}],"about":[{"href":"https:\/\/sp1.kielce.eu\/index.php\/wp-json\/wp\/v2\/types\/post"}],"author":[{"embeddable":true,"href":"https:\/\/sp1.kielce.eu\/index.php\/wp-json\/wp\/v2\/users\/13"}],"replies":[{"embeddable":true,"href":"https:\/\/sp1.kielce.eu\/index.php\/wp-json\/wp\/v2\/comments?post=30335"}],"version-history":[{"count":1,"href":"https:\/\/sp1.kielce.eu\/index.php\/wp-json\/wp\/v2\/posts\/30335\/revisions"}],"predecessor-version":[{"id":30338,"href":"https:\/\/sp1.kielce.eu\/index.php\/wp-json\/wp\/v2\/posts\/30335\/revisions\/30338"}],"wp:featuredmedia":[{"embeddable":true,"href":"https:\/\/sp1.kielce.eu\/index.php\/wp-json\/wp\/v2\/media\/30337"}],"wp:attachment":[{"href":"https:\/\/sp1.kielce.eu\/index.php\/wp-json\/wp\/v2\/media?parent=30335"}],"wp:term":[{"taxonomy":"category","embeddable":true,"href":"https:\/\/sp1.kielce.eu\/index.php\/wp-json\/wp\/v2\/categories?post=30335"},{"taxonomy":"post_tag","embeddable":true,"href":"https:\/\/sp1.kielce.eu\/index.php\/wp-json\/wp\/v2\/tags?post=30335"}],"curies":[{"name":"wp","href":"https:\/\/api.w.org\/{rel}","templated":true}]}}