{"id":30332,"date":"2023-10-10T21:01:32","date_gmt":"2023-10-10T19:01:32","guid":{"rendered":"http:\/\/sp1.kielce.eu\/?p=30332"},"modified":"2023-10-10T21:01:32","modified_gmt":"2023-10-10T19:01:32","slug":"wybory-do-malego-samorzadu-uczniowskiego-5","status":"publish","type":"post","link":"https:\/\/sp1.kielce.eu\/index.php\/2023\/10\/10\/wybory-do-malego-samorzadu-uczniowskiego-5\/","title":{"rendered":"Wybory do Ma\u0142ego Samorz\u0105du Uczniowskiego"},"content":{"rendered":"\n<p>4 pa\u017adziernika w naszej szkole mia\u0142o miejsce bardzo wa\u017cne wydarzenie dla wszystkich uczni\u00f3w z klas 1-3, a mianowicie wybory do Ma\u0142ego Samorz\u0105du Uczniowskiego.<\/p>\n\n\n\n<p>Po podsumowaniu wszystkich oddanych g\u0142os\u00f3w wyniki przedstawia\u0142y si\u0119 nast\u0119puj\u0105co:<\/p>\n\n\n\n<p>Przewodnicz\u0105c\u0105 zosta\u0142a uczennica&nbsp; klasy 3c Nina Ajchel, a jej zast\u0119pcami Ryszard S\u0142awski z klasy 2a oraz Natalia Walasek z 2 b. Gratulujemy i \u017cyczymy sukces\u00f3w w pracy na rzecz spo\u0142eczno\u015bci szkolnej. Dzi\u0119kujemy wszystkim uczniom oraz ich wychowawcom za pomoc w przygotowaniu wybor\u00f3w.<\/p>\n\n\n\n<p class=\"has-text-align-right\">Opiekunki MSU<br>Agnieszka Siwek<br>Kinga Kozie\u0142<br>Iwona Delipacy<\/p>\n","protected":false},"excerpt":{"rendered":"<p>4 pa\u017adziernika w naszej szkole mia\u0142o miejsce bardzo wa\u017cne wydarzenie dla wszystkich uczni\u00f3w z klas [&hellip;]<\/p>\n","protected":false},"author":13,"featured_media":30333,"comment_status":"closed","ping_status":"","sticky":false,"template":"","format":"standard","meta":{"footnotes":""},"categories":[36,170],"tags":[],"class_list":["post-30332","post","type-post","status-publish","format-standard","has-post-thumbnail","hentry","category-wydarzenia","category-msu"],"_links":{"self":[{"href":"https:\/\/sp1.kielce.eu\/index.php\/wp-json\/wp\/v2\/posts\/30332","targetHints":{"allow":["GET"]}}],"collection":[{"href":"https:\/\/sp1.kielce.eu\/index.php\/wp-json\/wp\/v2\/posts"}],"about":[{"href":"https:\/\/sp1.kielce.eu\/index.php\/wp-json\/wp\/v2\/types\/post"}],"author":[{"embeddable":true,"href":"https:\/\/sp1.kielce.eu\/index.php\/wp-json\/wp\/v2\/users\/13"}],"replies":[{"embeddable":true,"href":"https:\/\/sp1.kielce.eu\/index.php\/wp-json\/wp\/v2\/comments?post=30332"}],"version-history":[{"count":1,"href":"https:\/\/sp1.kielce.eu\/index.php\/wp-json\/wp\/v2\/posts\/30332\/revisions"}],"predecessor-version":[{"id":30334,"href":"https:\/\/sp1.kielce.eu\/index.php\/wp-json\/wp\/v2\/posts\/30332\/revisions\/30334"}],"wp:featuredmedia":[{"embeddable":true,"href":"https:\/\/sp1.kielce.eu\/index.php\/wp-json\/wp\/v2\/media\/30333"}],"wp:attachment":[{"href":"https:\/\/sp1.kielce.eu\/index.php\/wp-json\/wp\/v2\/media?parent=30332"}],"wp:term":[{"taxonomy":"category","embeddable":true,"href":"https:\/\/sp1.kielce.eu\/index.php\/wp-json\/wp\/v2\/categories?post=30332"},{"taxonomy":"post_tag","embeddable":true,"href":"https:\/\/sp1.kielce.eu\/index.php\/wp-json\/wp\/v2\/tags?post=30332"}],"curies":[{"name":"wp","href":"https:\/\/api.w.org\/{rel}","templated":true}]}}