{"id":30323,"date":"2023-10-10T09:37:55","date_gmt":"2023-10-10T07:37:55","guid":{"rendered":"http:\/\/sp1.kielce.eu\/?p=30323"},"modified":"2023-10-10T09:37:55","modified_gmt":"2023-10-10T07:37:55","slug":"europejski-dzien-jezykow-obcych-w-naszej-szkole","status":"publish","type":"post","link":"https:\/\/sp1.kielce.eu\/index.php\/2023\/10\/10\/europejski-dzien-jezykow-obcych-w-naszej-szkole\/","title":{"rendered":"Europejski Dzie\u0144 J\u0119zyk\u00f3w Obcych w naszej szkole!!!"},"content":{"rendered":"\n<p>W dniu 26 wrze\u015bnia nasza szko\u0142a przy\u0142\u0105czy\u0142a si\u0119 do obchod\u00f3w Mi\u0119dzynarodowego Dnia J\u0119zyk\u00f3w Obcych.&nbsp;<\/p>\n\n\n\n<p>Celem naszej akcji w tym dniu by\u0142o zach\u0119cenie uczni\u00f3w do nauki j\u0119zyk\u00f3w obcych oraz promowania r\u00f3\u017cnorodno\u015bci j\u0119zykowej i kulturowej Europy.&nbsp;<\/p>\n\n\n\n<p>Nauczyciele j\u0119zyk\u00f3w obcych zorganizowali quizy dotycz\u0105ce wiedzy o krajach europejskich oraz literaturze brytyjskiej.<\/p>\n\n\n\n<p>Uczniowie klas 7 i 8 przygotowali plakaty przedstawiaj\u0105ce zwroty grzeczno\u015bciowe w r\u00f3\u017cnych j\u0119zykach obcych.\u00a0<\/p>\n\n\n\n<p>Klasa 7 b bra\u0142a udzia\u0142 w konkursie Kahoot!<\/p>\n\n\n\n<p>Na dw\u00f3ch d\u0142ugich przerwach spo\u0142eczno\u015b\u0107 uczniowska wraz z Paniami Dyrektor wsp\u00f3lnie zata\u0144czy\u0142a taniec belgijski oraz Macaren\u0119.&nbsp;<\/p>\n\n\n\n<p>Pamietajmy- warto si\u0119 uczy\u0107 j\u0119zyk\u00f3w obcych bo ich znajomo\u015b\u0107 daje nam wiele nowych mo\u017cliwo\u015bci!!!!<\/p>\n\n\n\n<p>Nauczyciele j\u0119zyk\u00f3w obcych<\/p>\n\n\n\n<figure class=\"wp-block-embed is-type-video is-provider-youtube wp-block-embed-youtube wp-embed-aspect-16-9 wp-has-aspect-ratio\"><div class=\"wp-block-embed__wrapper\">\n<iframe loading=\"lazy\" title=\"Dzie\u0144 J\u0119zyk\u00f3w obcych w SP1\" width=\"1160\" height=\"653\" src=\"https:\/\/www.youtube.com\/embed\/okwCwwad_eA?feature=oembed\" frameborder=\"0\" allow=\"accelerometer; autoplay; clipboard-write; encrypted-media; gyroscope; picture-in-picture; web-share\" allowfullscreen><\/iframe>\n<\/div><\/figure>\n\n\n\n<figure class=\"wp-block-gallery has-nested-images columns-default is-cropped wp-block-gallery-1 is-layout-flex wp-block-gallery-is-layout-flex\">\n<figure class=\"wp-block-image size-large\"><a href=\"http:\/\/sp1.kielce.eu\/wp-content\/uploads\/2023\/10\/IMG_3113-Medium.jpg\"><img loading=\"lazy\" decoding=\"async\" width=\"1365\" height=\"768\" data-id=\"30326\" src=\"http:\/\/sp1.kielce.eu\/wp-content\/uploads\/2023\/10\/IMG_3113-Medium.jpg\" alt=\"\" class=\"wp-image-30326\" srcset=\"https:\/\/sp1.kielce.eu\/wp-content\/uploads\/2023\/10\/IMG_3113-Medium.jpg 1365w, https:\/\/sp1.kielce.eu\/wp-content\/uploads\/2023\/10\/IMG_3113-Medium-300x169.jpg 300w, https:\/\/sp1.kielce.eu\/wp-content\/uploads\/2023\/10\/IMG_3113-Medium-768x432.jpg 768w, https:\/\/sp1.kielce.eu\/wp-content\/uploads\/2023\/10\/IMG_3113-Medium-820x461.jpg 820w\" sizes=\"auto, (max-width: 1365px) 100vw, 1365px\" \/><\/a><\/figure>\n\n\n\n<figure class=\"wp-block-image size-large\"><a href=\"http:\/\/sp1.kielce.eu\/wp-content\/uploads\/2023\/10\/IMG_3114-Medium.jpg\"><img loading=\"lazy\" decoding=\"async\" width=\"1365\" height=\"768\" data-id=\"30325\" src=\"http:\/\/sp1.kielce.eu\/wp-content\/uploads\/2023\/10\/IMG_3114-Medium.jpg\" alt=\"\" class=\"wp-image-30325\" srcset=\"https:\/\/sp1.kielce.eu\/wp-content\/uploads\/2023\/10\/IMG_3114-Medium.jpg 1365w, https:\/\/sp1.kielce.eu\/wp-content\/uploads\/2023\/10\/IMG_3114-Medium-300x169.jpg 300w, https:\/\/sp1.kielce.eu\/wp-content\/uploads\/2023\/10\/IMG_3114-Medium-768x432.jpg 768w, https:\/\/sp1.kielce.eu\/wp-content\/uploads\/2023\/10\/IMG_3114-Medium-820x461.jpg 820w\" sizes=\"auto, (max-width: 1365px) 100vw, 1365px\" \/><\/a><\/figure>\n\n\n\n<figure class=\"wp-block-image size-large\"><a href=\"http:\/\/sp1.kielce.eu\/wp-content\/uploads\/2023\/10\/IMG_3115-Medium.jpg\"><img loading=\"lazy\" decoding=\"async\" width=\"1365\" height=\"768\" data-id=\"30324\" src=\"http:\/\/sp1.kielce.eu\/wp-content\/uploads\/2023\/10\/IMG_3115-Medium.jpg\" alt=\"\" class=\"wp-image-30324\" srcset=\"https:\/\/sp1.kielce.eu\/wp-content\/uploads\/2023\/10\/IMG_3115-Medium.jpg 1365w, https:\/\/sp1.kielce.eu\/wp-content\/uploads\/2023\/10\/IMG_3115-Medium-300x169.jpg 300w, https:\/\/sp1.kielce.eu\/wp-content\/uploads\/2023\/10\/IMG_3115-Medium-768x432.jpg 768w, https:\/\/sp1.kielce.eu\/wp-content\/uploads\/2023\/10\/IMG_3115-Medium-820x461.jpg 820w\" sizes=\"auto, (max-width: 1365px) 100vw, 1365px\" \/><\/a><\/figure>\n\n\n\n<figure class=\"wp-block-image size-large\"><a href=\"http:\/\/sp1.kielce.eu\/wp-content\/uploads\/2023\/10\/IMG_3116-Medium.jpg\"><img loading=\"lazy\" decoding=\"async\" width=\"1365\" height=\"768\" data-id=\"30327\" src=\"http:\/\/sp1.kielce.eu\/wp-content\/uploads\/2023\/10\/IMG_3116-Medium.jpg\" alt=\"\" class=\"wp-image-30327\" srcset=\"https:\/\/sp1.kielce.eu\/wp-content\/uploads\/2023\/10\/IMG_3116-Medium.jpg 1365w, https:\/\/sp1.kielce.eu\/wp-content\/uploads\/2023\/10\/IMG_3116-Medium-300x169.jpg 300w, https:\/\/sp1.kielce.eu\/wp-content\/uploads\/2023\/10\/IMG_3116-Medium-768x432.jpg 768w, https:\/\/sp1.kielce.eu\/wp-content\/uploads\/2023\/10\/IMG_3116-Medium-820x461.jpg 820w\" sizes=\"auto, (max-width: 1365px) 100vw, 1365px\" \/><\/a><\/figure>\n<\/figure>\n","protected":false},"excerpt":{"rendered":"<p>W dniu 26 wrze\u015bnia nasza szko\u0142a przy\u0142\u0105czy\u0142a si\u0119 do obchod\u00f3w Mi\u0119dzynarodowego Dnia J\u0119zyk\u00f3w Obcych.&nbsp; Celem [&hellip;]<\/p>\n","protected":false},"author":5,"featured_media":30327,"comment_status":"closed","ping_status":"","sticky":false,"template":"","format":"standard","meta":{"footnotes":""},"categories":[36],"tags":[],"class_list":["post-30323","post","type-post","status-publish","format-standard","has-post-thumbnail","hentry","category-wydarzenia"],"_links":{"self":[{"href":"https:\/\/sp1.kielce.eu\/index.php\/wp-json\/wp\/v2\/posts\/30323","targetHints":{"allow":["GET"]}}],"collection":[{"href":"https:\/\/sp1.kielce.eu\/index.php\/wp-json\/wp\/v2\/posts"}],"about":[{"href":"https:\/\/sp1.kielce.eu\/index.php\/wp-json\/wp\/v2\/types\/post"}],"author":[{"embeddable":true,"href":"https:\/\/sp1.kielce.eu\/index.php\/wp-json\/wp\/v2\/users\/5"}],"replies":[{"embeddable":true,"href":"https:\/\/sp1.kielce.eu\/index.php\/wp-json\/wp\/v2\/comments?post=30323"}],"version-history":[{"count":1,"href":"https:\/\/sp1.kielce.eu\/index.php\/wp-json\/wp\/v2\/posts\/30323\/revisions"}],"predecessor-version":[{"id":30328,"href":"https:\/\/sp1.kielce.eu\/index.php\/wp-json\/wp\/v2\/posts\/30323\/revisions\/30328"}],"wp:featuredmedia":[{"embeddable":true,"href":"https:\/\/sp1.kielce.eu\/index.php\/wp-json\/wp\/v2\/media\/30327"}],"wp:attachment":[{"href":"https:\/\/sp1.kielce.eu\/index.php\/wp-json\/wp\/v2\/media?parent=30323"}],"wp:term":[{"taxonomy":"category","embeddable":true,"href":"https:\/\/sp1.kielce.eu\/index.php\/wp-json\/wp\/v2\/categories?post=30323"},{"taxonomy":"post_tag","embeddable":true,"href":"https:\/\/sp1.kielce.eu\/index.php\/wp-json\/wp\/v2\/tags?post=30323"}],"curies":[{"name":"wp","href":"https:\/\/api.w.org\/{rel}","templated":true}]}}