{"id":30247,"date":"2023-10-04T09:39:51","date_gmt":"2023-10-04T07:39:51","guid":{"rendered":"http:\/\/sp1.kielce.eu\/?p=30247"},"modified":"2023-10-04T09:39:51","modified_gmt":"2023-10-04T07:39:51","slug":"punkt-interwencji-kryzysowej","status":"publish","type":"post","link":"https:\/\/sp1.kielce.eu\/index.php\/2023\/10\/04\/punkt-interwencji-kryzysowej\/","title":{"rendered":"Punkt Interwencji Kryzysowej"},"content":{"rendered":"\n<p>W Miejskim Zespole Poradni Psychologiczno-Pedagogicznych<\/p>\n\n\n\n<p>w Kielcach dzia\u0142a Punkt Interwencji Kryzysowej.<\/p>\n\n\n\n<p>Czynny jest w ka\u017cd\u0105 \u015brod\u0119 w godzinach 16.00-18.00. Dy\u017cury pe\u0142ni\u0105 specjali\u015bci z zakresu interwencji kryzysowej oraz psychoterapeuci.<\/p>\n\n\n\n<p>Z porady, konsultacji mo\u017ce skorzysta\u0107 ka\u017cda osoba, kt\u00f3ra potrzebuje pomocy<\/p>\n\n\n\n<p>w sytuacji kryzysowej (dzieci, m\u0142odzie\u017c, rodzice, nauczyciele oraz inni doro\u015bli).<\/p>\n\n\n\n<figure class=\"wp-block-gallery has-nested-images columns-default is-cropped wp-block-gallery-1 is-layout-flex wp-block-gallery-is-layout-flex\">\n<figure class=\"wp-block-image size-large\"><img loading=\"lazy\" decoding=\"async\" width=\"477\" height=\"602\" data-id=\"30248\" src=\"http:\/\/sp1.kielce.eu\/wp-content\/uploads\/2023\/10\/Opera-Zrzut-ekranu_2023-10-04_093833_Punkt20Kryzysowej.pdf.png\" alt=\"\" class=\"wp-image-30248\" srcset=\"https:\/\/sp1.kielce.eu\/wp-content\/uploads\/2023\/10\/Opera-Zrzut-ekranu_2023-10-04_093833_Punkt20Kryzysowej.pdf.png 477w, https:\/\/sp1.kielce.eu\/wp-content\/uploads\/2023\/10\/Opera-Zrzut-ekranu_2023-10-04_093833_Punkt20Kryzysowej.pdf-238x300.png 238w\" sizes=\"auto, (max-width: 477px) 100vw, 477px\" \/><\/figure>\n<\/figure>\n","protected":false},"excerpt":{"rendered":"<p>W Miejskim Zespole Poradni Psychologiczno-Pedagogicznych w Kielcach dzia\u0142a Punkt Interwencji Kryzysowej. Czynny jest w ka\u017cd\u0105 [&hellip;]<\/p>\n","protected":false},"author":5,"featured_media":30248,"comment_status":"closed","ping_status":"","sticky":false,"template":"","format":"standard","meta":{"footnotes":""},"categories":[36],"tags":[],"class_list":["post-30247","post","type-post","status-publish","format-standard","has-post-thumbnail","hentry","category-wydarzenia"],"_links":{"self":[{"href":"https:\/\/sp1.kielce.eu\/index.php\/wp-json\/wp\/v2\/posts\/30247","targetHints":{"allow":["GET"]}}],"collection":[{"href":"https:\/\/sp1.kielce.eu\/index.php\/wp-json\/wp\/v2\/posts"}],"about":[{"href":"https:\/\/sp1.kielce.eu\/index.php\/wp-json\/wp\/v2\/types\/post"}],"author":[{"embeddable":true,"href":"https:\/\/sp1.kielce.eu\/index.php\/wp-json\/wp\/v2\/users\/5"}],"replies":[{"embeddable":true,"href":"https:\/\/sp1.kielce.eu\/index.php\/wp-json\/wp\/v2\/comments?post=30247"}],"version-history":[{"count":1,"href":"https:\/\/sp1.kielce.eu\/index.php\/wp-json\/wp\/v2\/posts\/30247\/revisions"}],"predecessor-version":[{"id":30249,"href":"https:\/\/sp1.kielce.eu\/index.php\/wp-json\/wp\/v2\/posts\/30247\/revisions\/30249"}],"wp:featuredmedia":[{"embeddable":true,"href":"https:\/\/sp1.kielce.eu\/index.php\/wp-json\/wp\/v2\/media\/30248"}],"wp:attachment":[{"href":"https:\/\/sp1.kielce.eu\/index.php\/wp-json\/wp\/v2\/media?parent=30247"}],"wp:term":[{"taxonomy":"category","embeddable":true,"href":"https:\/\/sp1.kielce.eu\/index.php\/wp-json\/wp\/v2\/categories?post=30247"},{"taxonomy":"post_tag","embeddable":true,"href":"https:\/\/sp1.kielce.eu\/index.php\/wp-json\/wp\/v2\/tags?post=30247"}],"curies":[{"name":"wp","href":"https:\/\/api.w.org\/{rel}","templated":true}]}}