{"id":29849,"date":"2023-09-14T19:13:01","date_gmt":"2023-09-14T17:13:01","guid":{"rendered":"http:\/\/sp1.kielce.eu\/?p=29849"},"modified":"2023-09-14T19:13:01","modified_gmt":"2023-09-14T17:13:01","slug":"ruszyla-druga-edycja-akcji-sieci-sklepow-lidl-szkoly-pelne-talentow","status":"publish","type":"post","link":"https:\/\/sp1.kielce.eu\/index.php\/2023\/09\/14\/ruszyla-druga-edycja-akcji-sieci-sklepow-lidl-szkoly-pelne-talentow\/","title":{"rendered":"Ruszy\u0142a druga edycja akcji sieci sklep\u00f3w Lidl\u00a0Szko\u0142y Pe\u0142ne Talent\u00f3w.\u00a0"},"content":{"rendered":"\n<p>Ju\u017c od 1 wrze\u015bnia rozpocz\u0119\u0142o si\u0119 wydawanie \u201etalenciak\u00f3w&#8221; w sklepach i ju\u017c od tego dnia mo\u017cecie wspiera\u0107 nasz\u0105 szko\u0142\u0119.<\/p>\n\n\n\n<p>Pierwsza edycja pokaza\u0142a nam, \u017ce razem mo\u017cemy wi\u0119cej, dlatego zach\u0119camy wszystkich sympatyk\u00f3w naszej szko\u0142y do zbierania kupon\u00f3w.&nbsp;<\/p>\n\n\n\n<p>Mechanizm jest prosty &#8211; za ka\u017cde wydane 50 z\u0142 w sklepach Lidl ( w tym min. 1 owoc lub warzywo ) kasjer wyda 1 Talenciaka. Zebrane Talenciaki wymienimy na super nagrody.&nbsp;<\/p>\n\n\n\n<p>Regulamin akcji znajdziecie na stronie internetowej sklep\u00f3w Lidl.<\/p>\n\n\n\n<p>Pami\u0119tajcie! Kupony zbieramy , przynosimy do szko\u0142y i wrzucamy do pude\u0142ek (konsola na wej\u015bciu do szko\u0142y, \u015bwietlica szkolna, pok\u00f3j w-fist\u00f3w). Koordynator zajmie si\u0119&nbsp; tym, by wszystkie trafi\u0142y na konto naszej szko\u0142y.<\/p>\n\n\n\n<p class=\"has-text-align-right\">Koordynator\u00a0<br>Agnieszka Buczek<\/p>\n","protected":false},"excerpt":{"rendered":"<p>Ju\u017c od 1 wrze\u015bnia rozpocz\u0119\u0142o si\u0119 wydawanie \u201etalenciak\u00f3w&#8221; w sklepach i ju\u017c od tego dnia [&hellip;]<\/p>\n","protected":false},"author":13,"featured_media":29850,"comment_status":"closed","ping_status":"","sticky":false,"template":"","format":"standard","meta":{"footnotes":""},"categories":[1,36],"tags":[],"class_list":["post-29849","post","type-post","status-publish","format-standard","has-post-thumbnail","hentry","category-bez-kategorii","category-wydarzenia"],"_links":{"self":[{"href":"https:\/\/sp1.kielce.eu\/index.php\/wp-json\/wp\/v2\/posts\/29849","targetHints":{"allow":["GET"]}}],"collection":[{"href":"https:\/\/sp1.kielce.eu\/index.php\/wp-json\/wp\/v2\/posts"}],"about":[{"href":"https:\/\/sp1.kielce.eu\/index.php\/wp-json\/wp\/v2\/types\/post"}],"author":[{"embeddable":true,"href":"https:\/\/sp1.kielce.eu\/index.php\/wp-json\/wp\/v2\/users\/13"}],"replies":[{"embeddable":true,"href":"https:\/\/sp1.kielce.eu\/index.php\/wp-json\/wp\/v2\/comments?post=29849"}],"version-history":[{"count":1,"href":"https:\/\/sp1.kielce.eu\/index.php\/wp-json\/wp\/v2\/posts\/29849\/revisions"}],"predecessor-version":[{"id":29851,"href":"https:\/\/sp1.kielce.eu\/index.php\/wp-json\/wp\/v2\/posts\/29849\/revisions\/29851"}],"wp:featuredmedia":[{"embeddable":true,"href":"https:\/\/sp1.kielce.eu\/index.php\/wp-json\/wp\/v2\/media\/29850"}],"wp:attachment":[{"href":"https:\/\/sp1.kielce.eu\/index.php\/wp-json\/wp\/v2\/media?parent=29849"}],"wp:term":[{"taxonomy":"category","embeddable":true,"href":"https:\/\/sp1.kielce.eu\/index.php\/wp-json\/wp\/v2\/categories?post=29849"},{"taxonomy":"post_tag","embeddable":true,"href":"https:\/\/sp1.kielce.eu\/index.php\/wp-json\/wp\/v2\/tags?post=29849"}],"curies":[{"name":"wp","href":"https:\/\/api.w.org\/{rel}","templated":true}]}}