{"id":29829,"date":"2023-09-12T07:24:47","date_gmt":"2023-09-12T05:24:47","guid":{"rendered":"http:\/\/sp1.kielce.eu\/?p=29829"},"modified":"2023-09-12T07:24:47","modified_gmt":"2023-09-12T05:24:47","slug":"53-serce-jozefa-na-rehabilitacje-dla-wiktora","status":"publish","type":"post","link":"https:\/\/sp1.kielce.eu\/index.php\/2023\/09\/12\/53-serce-jozefa-na-rehabilitacje-dla-wiktora\/","title":{"rendered":"\u201e53 Serce J\u00f3zefa\u201d na rehabilitacj\u0119 dla Wiktora!"},"content":{"rendered":"\n<p>Dzi\u0119kujemy Wszystkim Eko-ofiarodawcom za wytrwa\u0142e przynoszenie plastikowych nakr\u0119tek.<\/p>\n\n\n\n<p>&nbsp;Wdzi\u0119czno\u015b\u0107 wyra\u017camy tak\u017ce dla naszych dzielnych Wolontariuszy, kt\u00f3rzy z nowym powakacyjnym zapa\u0142em ch\u0119tnie pomagaj\u0105 w opr\u00f3\u017cnianiu kolejnych pojemnik\u00f3w-serc \u2013 tym razem to <strong>ju\u017c \u201e53 Serce J\u00f3zefa\u201d za nami.<\/strong><\/p>\n\n\n\n<p>Spakowane \u201eplastikowe nakr\u0119tki<strong>\u201d<\/strong>, przetransportowali\u015bmy i tym razem do rodziny chorego Wiktora.<\/p>\n\n\n\n<p>\u201eOdkr\u0119camy marnowanie\u201d i \u201enakr\u0119camy nowe pomaganie\u201d!<\/p>\n\n\n\n<p>Szkolne Ko\u0142o Wolontariatu \u201eJedynka\u201d,<\/p>\n\n\n\n<p>Ks. Konrad Walerczak, p. Krystyna Banasik<\/p>\n\n\n\n<figure class=\"wp-block-gallery has-nested-images columns-default is-cropped wp-block-gallery-1 is-layout-flex wp-block-gallery-is-layout-flex\">\n<figure class=\"wp-block-image size-large\"><a href=\"http:\/\/sp1.kielce.eu\/wp-content\/uploads\/2023\/09\/20230907-110343-rotated.jpg\"><img loading=\"lazy\" decoding=\"async\" width=\"675\" height=\"900\" data-id=\"29830\" src=\"http:\/\/sp1.kielce.eu\/wp-content\/uploads\/2023\/09\/20230907-110343-675x900.jpg\" alt=\"\" class=\"wp-image-29830\" srcset=\"https:\/\/sp1.kielce.eu\/wp-content\/uploads\/2023\/09\/20230907-110343-675x900.jpg 675w, https:\/\/sp1.kielce.eu\/wp-content\/uploads\/2023\/09\/20230907-110343-225x300.jpg 225w, https:\/\/sp1.kielce.eu\/wp-content\/uploads\/2023\/09\/20230907-110343-rotated.jpg 756w\" sizes=\"auto, (max-width: 675px) 100vw, 675px\" \/><\/a><\/figure>\n\n\n\n<figure class=\"wp-block-image size-large\"><a href=\"http:\/\/sp1.kielce.eu\/wp-content\/uploads\/2023\/09\/20230907-112141-rotated.jpg\"><img loading=\"lazy\" decoding=\"async\" width=\"675\" height=\"900\" data-id=\"29831\" src=\"http:\/\/sp1.kielce.eu\/wp-content\/uploads\/2023\/09\/20230907-112141-675x900.jpg\" alt=\"\" class=\"wp-image-29831\" srcset=\"https:\/\/sp1.kielce.eu\/wp-content\/uploads\/2023\/09\/20230907-112141-675x900.jpg 675w, https:\/\/sp1.kielce.eu\/wp-content\/uploads\/2023\/09\/20230907-112141-225x300.jpg 225w, https:\/\/sp1.kielce.eu\/wp-content\/uploads\/2023\/09\/20230907-112141-rotated.jpg 756w\" sizes=\"auto, (max-width: 675px) 100vw, 675px\" \/><\/a><\/figure>\n\n\n\n<figure class=\"wp-block-image size-large\"><a href=\"http:\/\/sp1.kielce.eu\/wp-content\/uploads\/2023\/09\/Zdj\u00a6Ocie-tytueowe.-20230907-113610-rotated.jpg\"><img loading=\"lazy\" decoding=\"async\" width=\"675\" height=\"900\" data-id=\"29832\" src=\"http:\/\/sp1.kielce.eu\/wp-content\/uploads\/2023\/09\/Zdj\u00a6Ocie-tytueowe.-20230907-113610-675x900.jpg\" alt=\"\" class=\"wp-image-29832\" srcset=\"https:\/\/sp1.kielce.eu\/wp-content\/uploads\/2023\/09\/Zdj\u00a6Ocie-tytueowe.-20230907-113610-675x900.jpg 675w, https:\/\/sp1.kielce.eu\/wp-content\/uploads\/2023\/09\/Zdj\u00a6Ocie-tytueowe.-20230907-113610-225x300.jpg 225w, https:\/\/sp1.kielce.eu\/wp-content\/uploads\/2023\/09\/Zdj\u00a6Ocie-tytueowe.-20230907-113610-rotated.jpg 756w\" sizes=\"auto, (max-width: 675px) 100vw, 675px\" \/><\/a><\/figure>\n<\/figure>\n","protected":false},"excerpt":{"rendered":"<p>Dzi\u0119kujemy Wszystkim Eko-ofiarodawcom za wytrwa\u0142e przynoszenie plastikowych nakr\u0119tek. &nbsp;Wdzi\u0119czno\u015b\u0107 wyra\u017camy tak\u017ce dla naszych dzielnych Wolontariuszy, [&hellip;]<\/p>\n","protected":false},"author":5,"featured_media":29832,"comment_status":"closed","ping_status":"","sticky":false,"template":"","format":"standard","meta":{"footnotes":""},"categories":[36,163],"tags":[],"class_list":["post-29829","post","type-post","status-publish","format-standard","has-post-thumbnail","hentry","category-wydarzenia","category-skw"],"_links":{"self":[{"href":"https:\/\/sp1.kielce.eu\/index.php\/wp-json\/wp\/v2\/posts\/29829","targetHints":{"allow":["GET"]}}],"collection":[{"href":"https:\/\/sp1.kielce.eu\/index.php\/wp-json\/wp\/v2\/posts"}],"about":[{"href":"https:\/\/sp1.kielce.eu\/index.php\/wp-json\/wp\/v2\/types\/post"}],"author":[{"embeddable":true,"href":"https:\/\/sp1.kielce.eu\/index.php\/wp-json\/wp\/v2\/users\/5"}],"replies":[{"embeddable":true,"href":"https:\/\/sp1.kielce.eu\/index.php\/wp-json\/wp\/v2\/comments?post=29829"}],"version-history":[{"count":1,"href":"https:\/\/sp1.kielce.eu\/index.php\/wp-json\/wp\/v2\/posts\/29829\/revisions"}],"predecessor-version":[{"id":29833,"href":"https:\/\/sp1.kielce.eu\/index.php\/wp-json\/wp\/v2\/posts\/29829\/revisions\/29833"}],"wp:featuredmedia":[{"embeddable":true,"href":"https:\/\/sp1.kielce.eu\/index.php\/wp-json\/wp\/v2\/media\/29832"}],"wp:attachment":[{"href":"https:\/\/sp1.kielce.eu\/index.php\/wp-json\/wp\/v2\/media?parent=29829"}],"wp:term":[{"taxonomy":"category","embeddable":true,"href":"https:\/\/sp1.kielce.eu\/index.php\/wp-json\/wp\/v2\/categories?post=29829"},{"taxonomy":"post_tag","embeddable":true,"href":"https:\/\/sp1.kielce.eu\/index.php\/wp-json\/wp\/v2\/tags?post=29829"}],"curies":[{"name":"wp","href":"https:\/\/api.w.org\/{rel}","templated":true}]}}