{"id":29790,"date":"2023-09-07T13:24:10","date_gmt":"2023-09-07T11:24:10","guid":{"rendered":"http:\/\/sp1.kielce.eu\/?p=29790"},"modified":"2023-09-07T13:24:10","modified_gmt":"2023-09-07T11:24:10","slug":"poczet-sztandarowy-w-szkole-podstawowej-nr-1-im-stanislawa-staszica-w-kielcach-na-rok-szkolny-2023-2024","status":"publish","type":"post","link":"https:\/\/sp1.kielce.eu\/index.php\/2023\/09\/07\/poczet-sztandarowy-w-szkole-podstawowej-nr-1-im-stanislawa-staszica-w-kielcach-na-rok-szkolny-2023-2024\/","title":{"rendered":"Poczet Sztandarowy w Szkole Podstawowej Nr 1 im. Stanis\u0142awa Staszica w Kielcach na rok szkolny 2023\/2024"},"content":{"rendered":"\n<p>Ceremonia\u0142 szkolny jest bardzo wa\u017cnym elementem kszta\u0142tuj\u0105cym w&nbsp;\u015brodowisku uczniowskim postawy patriotyczne oraz ucz\u0105cym szacunku do tradycji narodu polskiego i&nbsp;symboli narodowych. Podczas obchod\u00f3w uroczysto\u015bci rozpocz\u0119cia roku szkolnego 2023\/2024 na terenie szko\u0142y wa\u017cn\u0105 spraw\u0105 s\u0105 regulaminowe zasady stosowania tego o&nbsp;to ceremonia\u0142u.<\/p>\n\n\n\n<p>Sk\u0142ad osobowy pocztu sztandarowego tworz\u0105:<\/p>\n\n\n\n<ul class=\"wp-block-list\">\n<li><strong>Chor\u0105\u017cy (sztandarowy) \u2013 1 ucze\u0144<\/strong><\/li>\n\n\n\n<li><strong>Asysta \u2013 dwie osoby (uczennice)<\/strong><\/li>\n<\/ul>\n\n\n\n<p>Poczet sztandarowy z&nbsp;wytypowanych uczni\u00f3w klas VIII wyr\u00f3\u017cnia si\u0119 w&nbsp;nauce i&nbsp;nienagann\u0105 postaw\u0105 oraz wzorowym zachowaniem w&nbsp;nast\u0119puj\u0105cym sk\u0142adzie:<\/p>\n\n\n\n<p><strong>Chor\u0105\u017cy:<\/strong><br>Maksymilian Cioroch kl. 8a<br><strong>Asysta:<\/strong><br>Kinga Wypych kl. 8a<br>Amelia Nowak kl. 8a<\/p>\n\n\n\n<p>Kadencja pocztu sztandarowego trwa jeden rok (pocz\u0105wszy od przekazania w&nbsp;dniu uroczystego zako\u0144czenia roku szkolnego).<\/p>\n\n\n\n<p><strong>Opiekunowie Pocztu Sztandarowego:<\/strong><br>mgr Marta Wi\u0119ckowska<br>mgr Katarzyna Szostak<\/p>\n\n\n\n<figure class=\"wp-block-gallery has-nested-images columns-default is-cropped wp-block-gallery-1 is-layout-flex wp-block-gallery-is-layout-flex\">\n<figure class=\"wp-block-image size-large\"><a href=\"http:\/\/sp1.kielce.eu\/wp-content\/uploads\/2023\/09\/poczet-2.jpg\"><img loading=\"lazy\" decoding=\"async\" width=\"1204\" height=\"900\" data-id=\"29796\" src=\"http:\/\/sp1.kielce.eu\/wp-content\/uploads\/2023\/09\/poczet-2-1204x900.jpg\" alt=\"\" class=\"wp-image-29796\" srcset=\"https:\/\/sp1.kielce.eu\/wp-content\/uploads\/2023\/09\/poczet-2-1204x900.jpg 1204w, https:\/\/sp1.kielce.eu\/wp-content\/uploads\/2023\/09\/poczet-2-300x224.jpg 300w, https:\/\/sp1.kielce.eu\/wp-content\/uploads\/2023\/09\/poczet-2-768x574.jpg 768w, https:\/\/sp1.kielce.eu\/wp-content\/uploads\/2023\/09\/poczet-2-1536x1148.jpg 1536w, https:\/\/sp1.kielce.eu\/wp-content\/uploads\/2023\/09\/poczet-2-820x613.jpg 820w, https:\/\/sp1.kielce.eu\/wp-content\/uploads\/2023\/09\/poczet-2.jpg 1600w\" sizes=\"auto, (max-width: 1204px) 100vw, 1204px\" \/><\/a><\/figure>\n\n\n\n<figure class=\"wp-block-image size-large\"><a href=\"http:\/\/sp1.kielce.eu\/wp-content\/uploads\/2023\/09\/poczet.jpg\"><img loading=\"lazy\" decoding=\"async\" width=\"1204\" height=\"900\" data-id=\"29793\" src=\"http:\/\/sp1.kielce.eu\/wp-content\/uploads\/2023\/09\/poczet-1204x900.jpg\" alt=\"\" class=\"wp-image-29793\" srcset=\"https:\/\/sp1.kielce.eu\/wp-content\/uploads\/2023\/09\/poczet-1204x900.jpg 1204w, https:\/\/sp1.kielce.eu\/wp-content\/uploads\/2023\/09\/poczet-300x224.jpg 300w, https:\/\/sp1.kielce.eu\/wp-content\/uploads\/2023\/09\/poczet-768x574.jpg 768w, https:\/\/sp1.kielce.eu\/wp-content\/uploads\/2023\/09\/poczet-1536x1148.jpg 1536w, https:\/\/sp1.kielce.eu\/wp-content\/uploads\/2023\/09\/poczet-820x613.jpg 820w, https:\/\/sp1.kielce.eu\/wp-content\/uploads\/2023\/09\/poczet.jpg 1600w\" sizes=\"auto, (max-width: 1204px) 100vw, 1204px\" \/><\/a><\/figure>\n\n\n\n<figure class=\"wp-block-image size-large\"><a href=\"http:\/\/sp1.kielce.eu\/wp-content\/uploads\/2023\/09\/poczet1.jpg\"><img loading=\"lazy\" decoding=\"async\" width=\"1204\" height=\"900\" data-id=\"29792\" src=\"http:\/\/sp1.kielce.eu\/wp-content\/uploads\/2023\/09\/poczet1-1204x900.jpg\" alt=\"\" class=\"wp-image-29792\" srcset=\"https:\/\/sp1.kielce.eu\/wp-content\/uploads\/2023\/09\/poczet1-1204x900.jpg 1204w, https:\/\/sp1.kielce.eu\/wp-content\/uploads\/2023\/09\/poczet1-300x224.jpg 300w, https:\/\/sp1.kielce.eu\/wp-content\/uploads\/2023\/09\/poczet1-768x574.jpg 768w, https:\/\/sp1.kielce.eu\/wp-content\/uploads\/2023\/09\/poczet1-1536x1148.jpg 1536w, https:\/\/sp1.kielce.eu\/wp-content\/uploads\/2023\/09\/poczet1-820x613.jpg 820w, https:\/\/sp1.kielce.eu\/wp-content\/uploads\/2023\/09\/poczet1.jpg 1600w\" sizes=\"auto, (max-width: 1204px) 100vw, 1204px\" \/><\/a><\/figure>\n\n\n\n<figure class=\"wp-block-image size-large\"><a href=\"http:\/\/sp1.kielce.eu\/wp-content\/uploads\/2023\/09\/poczet3.jpg\"><img loading=\"lazy\" decoding=\"async\" width=\"1204\" height=\"900\" data-id=\"29795\" src=\"http:\/\/sp1.kielce.eu\/wp-content\/uploads\/2023\/09\/poczet3-1204x900.jpg\" alt=\"\" class=\"wp-image-29795\" srcset=\"https:\/\/sp1.kielce.eu\/wp-content\/uploads\/2023\/09\/poczet3-1204x900.jpg 1204w, https:\/\/sp1.kielce.eu\/wp-content\/uploads\/2023\/09\/poczet3-300x224.jpg 300w, https:\/\/sp1.kielce.eu\/wp-content\/uploads\/2023\/09\/poczet3-768x574.jpg 768w, https:\/\/sp1.kielce.eu\/wp-content\/uploads\/2023\/09\/poczet3-1536x1148.jpg 1536w, https:\/\/sp1.kielce.eu\/wp-content\/uploads\/2023\/09\/poczet3-820x613.jpg 820w, https:\/\/sp1.kielce.eu\/wp-content\/uploads\/2023\/09\/poczet3.jpg 1600w\" sizes=\"auto, (max-width: 1204px) 100vw, 1204px\" \/><\/a><\/figure>\n\n\n\n<figure class=\"wp-block-image size-large\"><a href=\"http:\/\/sp1.kielce.eu\/wp-content\/uploads\/2023\/09\/poczet4.jpg\"><img loading=\"lazy\" decoding=\"async\" width=\"1204\" height=\"900\" data-id=\"29794\" src=\"http:\/\/sp1.kielce.eu\/wp-content\/uploads\/2023\/09\/poczet4-1204x900.jpg\" alt=\"\" class=\"wp-image-29794\" srcset=\"https:\/\/sp1.kielce.eu\/wp-content\/uploads\/2023\/09\/poczet4-1204x900.jpg 1204w, https:\/\/sp1.kielce.eu\/wp-content\/uploads\/2023\/09\/poczet4-300x224.jpg 300w, https:\/\/sp1.kielce.eu\/wp-content\/uploads\/2023\/09\/poczet4-768x574.jpg 768w, https:\/\/sp1.kielce.eu\/wp-content\/uploads\/2023\/09\/poczet4-1536x1148.jpg 1536w, https:\/\/sp1.kielce.eu\/wp-content\/uploads\/2023\/09\/poczet4-820x613.jpg 820w, https:\/\/sp1.kielce.eu\/wp-content\/uploads\/2023\/09\/poczet4.jpg 1600w\" sizes=\"auto, (max-width: 1204px) 100vw, 1204px\" \/><\/a><\/figure>\n\n\n\n<figure class=\"wp-block-image size-large\"><a href=\"http:\/\/sp1.kielce.eu\/wp-content\/uploads\/2023\/09\/poczet5.jpg\"><img loading=\"lazy\" decoding=\"async\" width=\"1204\" height=\"900\" data-id=\"29791\" src=\"http:\/\/sp1.kielce.eu\/wp-content\/uploads\/2023\/09\/poczet5-1204x900.jpg\" alt=\"\" class=\"wp-image-29791\" srcset=\"https:\/\/sp1.kielce.eu\/wp-content\/uploads\/2023\/09\/poczet5-1204x900.jpg 1204w, https:\/\/sp1.kielce.eu\/wp-content\/uploads\/2023\/09\/poczet5-300x224.jpg 300w, https:\/\/sp1.kielce.eu\/wp-content\/uploads\/2023\/09\/poczet5-768x574.jpg 768w, https:\/\/sp1.kielce.eu\/wp-content\/uploads\/2023\/09\/poczet5-1536x1148.jpg 1536w, https:\/\/sp1.kielce.eu\/wp-content\/uploads\/2023\/09\/poczet5-820x613.jpg 820w, https:\/\/sp1.kielce.eu\/wp-content\/uploads\/2023\/09\/poczet5.jpg 1600w\" sizes=\"auto, (max-width: 1204px) 100vw, 1204px\" \/><\/a><\/figure>\n\n\n\n<figure class=\"wp-block-image size-large\"><a href=\"http:\/\/sp1.kielce.eu\/wp-content\/uploads\/2023\/09\/poczet7.jpg\"><img loading=\"lazy\" decoding=\"async\" width=\"1204\" height=\"900\" data-id=\"29797\" src=\"http:\/\/sp1.kielce.eu\/wp-content\/uploads\/2023\/09\/poczet7-1204x900.jpg\" alt=\"\" class=\"wp-image-29797\" srcset=\"https:\/\/sp1.kielce.eu\/wp-content\/uploads\/2023\/09\/poczet7-1204x900.jpg 1204w, https:\/\/sp1.kielce.eu\/wp-content\/uploads\/2023\/09\/poczet7-300x224.jpg 300w, https:\/\/sp1.kielce.eu\/wp-content\/uploads\/2023\/09\/poczet7-768x574.jpg 768w, https:\/\/sp1.kielce.eu\/wp-content\/uploads\/2023\/09\/poczet7-1536x1148.jpg 1536w, https:\/\/sp1.kielce.eu\/wp-content\/uploads\/2023\/09\/poczet7-820x613.jpg 820w, https:\/\/sp1.kielce.eu\/wp-content\/uploads\/2023\/09\/poczet7.jpg 1600w\" sizes=\"auto, (max-width: 1204px) 100vw, 1204px\" \/><\/a><\/figure>\n<\/figure>\n","protected":false},"excerpt":{"rendered":"<p>Ceremonia\u0142 szkolny jest bardzo wa\u017cnym elementem kszta\u0142tuj\u0105cym w&nbsp;\u015brodowisku uczniowskim postawy patriotyczne oraz ucz\u0105cym szacunku do [&hellip;]<\/p>\n","protected":false},"author":5,"featured_media":29797,"comment_status":"closed","ping_status":"","sticky":false,"template":"","format":"standard","meta":{"footnotes":""},"categories":[36,192],"tags":[],"class_list":["post-29790","post","type-post","status-publish","format-standard","has-post-thumbnail","hentry","category-wydarzenia","category-poczet"],"_links":{"self":[{"href":"https:\/\/sp1.kielce.eu\/index.php\/wp-json\/wp\/v2\/posts\/29790","targetHints":{"allow":["GET"]}}],"collection":[{"href":"https:\/\/sp1.kielce.eu\/index.php\/wp-json\/wp\/v2\/posts"}],"about":[{"href":"https:\/\/sp1.kielce.eu\/index.php\/wp-json\/wp\/v2\/types\/post"}],"author":[{"embeddable":true,"href":"https:\/\/sp1.kielce.eu\/index.php\/wp-json\/wp\/v2\/users\/5"}],"replies":[{"embeddable":true,"href":"https:\/\/sp1.kielce.eu\/index.php\/wp-json\/wp\/v2\/comments?post=29790"}],"version-history":[{"count":1,"href":"https:\/\/sp1.kielce.eu\/index.php\/wp-json\/wp\/v2\/posts\/29790\/revisions"}],"predecessor-version":[{"id":29798,"href":"https:\/\/sp1.kielce.eu\/index.php\/wp-json\/wp\/v2\/posts\/29790\/revisions\/29798"}],"wp:featuredmedia":[{"embeddable":true,"href":"https:\/\/sp1.kielce.eu\/index.php\/wp-json\/wp\/v2\/media\/29797"}],"wp:attachment":[{"href":"https:\/\/sp1.kielce.eu\/index.php\/wp-json\/wp\/v2\/media?parent=29790"}],"wp:term":[{"taxonomy":"category","embeddable":true,"href":"https:\/\/sp1.kielce.eu\/index.php\/wp-json\/wp\/v2\/categories?post=29790"},{"taxonomy":"post_tag","embeddable":true,"href":"https:\/\/sp1.kielce.eu\/index.php\/wp-json\/wp\/v2\/tags?post=29790"}],"curies":[{"name":"wp","href":"https:\/\/api.w.org\/{rel}","templated":true}]}}