{"id":29500,"date":"2023-06-20T22:01:48","date_gmt":"2023-06-20T20:01:48","guid":{"rendered":"http:\/\/sp1.kielce.eu\/?p=29500"},"modified":"2023-06-20T22:01:48","modified_gmt":"2023-06-20T20:01:48","slug":"odpowiedzialnosc-prawna-nieletnich-zajecia-z-funkcjonariuszami-policji","status":"publish","type":"post","link":"https:\/\/sp1.kielce.eu\/index.php\/2023\/06\/20\/odpowiedzialnosc-prawna-nieletnich-zajecia-z-funkcjonariuszami-policji\/","title":{"rendered":"Odpowiedzialno\u015b\u0107 prawna nieletnich \u2013 zaj\u0119cia z funkcjonariuszami Policji"},"content":{"rendered":"\n<p>W klasach VI-VIII funkcjonariusze Komisariatu I Policji w Kielcach &#8211; specjalista do spraw nieletnich we wsp\u00f3\u0142pracy z dzielnicowymi przeprowadzili zaj\u0119cia dotycz\u0105ce odpowiedzialno\u015bci prawnej nieletnich. Podczas spotka\u0144 zapoznali uczni\u00f3w ze zmianami, jakie wnios\u0142a obowi\u0105zuj\u0105ca od 1 wrze\u015bnia ustawa o wspieraniu i resocjalizacji nieletnich. Uczniowie z zainteresowaniem s\u0142uchali specjalisty, kt\u00f3ry u\u015bwiadomi\u0142 im ewentualne konsekwencje czyn\u00f3w zabronionych przez prawo. By\u0142y pytania i kompetentne wyja\u015bnienia. Ponadto w czasie zaj\u0119\u0107 podj\u0119te zosta\u0142y tematy dotycz\u0105ce bezpiecze\u0144stwa w cyberprzestrzeni w ramach projektu \u201eSzybuj bezpiecznie w internetowej chmurze.\u201d<\/p>\n\n\n\n<p class=\"has-text-align-right\">&nbsp;&nbsp;&nbsp;&nbsp;&nbsp;&nbsp;&nbsp;&nbsp;&nbsp;&nbsp;&nbsp;&nbsp;&nbsp;&nbsp;&nbsp;&nbsp;&nbsp;&nbsp;&nbsp;&nbsp;&nbsp;&nbsp;&nbsp;&nbsp;&nbsp;&nbsp;&nbsp;&nbsp;&nbsp;&nbsp;&nbsp;&nbsp;&nbsp;&nbsp;&nbsp;&nbsp;&nbsp;&nbsp;&nbsp;&nbsp;&nbsp;&nbsp;&nbsp;&nbsp;&nbsp;&nbsp;&nbsp;&nbsp;&nbsp;&nbsp;&nbsp;&nbsp;&nbsp;&nbsp;&nbsp;&nbsp;&nbsp;&nbsp;&nbsp;&nbsp;&nbsp;&nbsp;&nbsp;&nbsp;&nbsp;&nbsp;&nbsp;&nbsp;&nbsp;&nbsp; Beata Smag\u00f3r \u2013 pedagog szkolny<\/p>\n\n\n\n<p class=\"has-text-align-right\">\u00a0\u00a0\u00a0\u00a0\u00a0\u00a0\u00a0\u00a0\u00a0\u00a0\u00a0\u00a0\u00a0\u00a0\u00a0\u00a0\u00a0\u00a0\u00a0\u00a0\u00a0\u00a0\u00a0\u00a0\u00a0\u00a0\u00a0\u00a0\u00a0\u00a0\u00a0\u00a0\u00a0\u00a0\u00a0\u00a0\u00a0\u00a0\u00a0\u00a0\u00a0\u00a0\u00a0\u00a0\u00a0\u00a0\u00a0\u00a0\u00a0\u00a0\u00a0\u00a0\u00a0\u00a0\u00a0\u00a0\u00a0\u00a0\u00a0\u00a0\u00a0\u00a0\u00a0\u00a0\u00a0\u00a0\u00a0\u00a0 we wsp\u00f3\u0142pracy z wychowawcami klas VI-VIII<\/p>\n\n\n\n<figure class=\"wp-block-gallery has-nested-images columns-default is-cropped wp-block-gallery-1 is-layout-flex wp-block-gallery-is-layout-flex\">\n<figure class=\"wp-block-image size-large\"><a href=\"http:\/\/sp1.kielce.eu\/wp-content\/uploads\/2023\/06\/20230617_232535-COLLAGE-Copy.jpg\"><img loading=\"lazy\" decoding=\"async\" width=\"900\" height=\"900\" data-id=\"29501\" src=\"http:\/\/sp1.kielce.eu\/wp-content\/uploads\/2023\/06\/20230617_232535-COLLAGE-Copy.jpg\" alt=\"\" class=\"wp-image-29501\" srcset=\"https:\/\/sp1.kielce.eu\/wp-content\/uploads\/2023\/06\/20230617_232535-COLLAGE-Copy.jpg 900w, https:\/\/sp1.kielce.eu\/wp-content\/uploads\/2023\/06\/20230617_232535-COLLAGE-Copy-300x300.jpg 300w, https:\/\/sp1.kielce.eu\/wp-content\/uploads\/2023\/06\/20230617_232535-COLLAGE-Copy-150x150.jpg 150w, https:\/\/sp1.kielce.eu\/wp-content\/uploads\/2023\/06\/20230617_232535-COLLAGE-Copy-768x768.jpg 768w, https:\/\/sp1.kielce.eu\/wp-content\/uploads\/2023\/06\/20230617_232535-COLLAGE-Copy-820x820.jpg 820w\" sizes=\"auto, (max-width: 900px) 100vw, 900px\" \/><\/a><\/figure>\n\n\n\n<figure class=\"wp-block-image size-large\"><a href=\"http:\/\/sp1.kielce.eu\/wp-content\/uploads\/2023\/06\/IMG_20230616_183417-Copy.jpg\"><img loading=\"lazy\" decoding=\"async\" width=\"1200\" height=\"540\" data-id=\"29503\" src=\"http:\/\/sp1.kielce.eu\/wp-content\/uploads\/2023\/06\/IMG_20230616_183417-Copy.jpg\" alt=\"\" class=\"wp-image-29503\" srcset=\"https:\/\/sp1.kielce.eu\/wp-content\/uploads\/2023\/06\/IMG_20230616_183417-Copy.jpg 1200w, https:\/\/sp1.kielce.eu\/wp-content\/uploads\/2023\/06\/IMG_20230616_183417-Copy-300x135.jpg 300w, https:\/\/sp1.kielce.eu\/wp-content\/uploads\/2023\/06\/IMG_20230616_183417-Copy-768x346.jpg 768w, https:\/\/sp1.kielce.eu\/wp-content\/uploads\/2023\/06\/IMG_20230616_183417-Copy-820x369.jpg 820w\" sizes=\"auto, (max-width: 1200px) 100vw, 1200px\" \/><\/a><\/figure>\n\n\n\n<figure class=\"wp-block-image size-large\"><a href=\"http:\/\/sp1.kielce.eu\/wp-content\/uploads\/2023\/06\/IMG_20230616_183429-Copy.jpg\"><img loading=\"lazy\" decoding=\"async\" width=\"1200\" height=\"540\" data-id=\"29502\" src=\"http:\/\/sp1.kielce.eu\/wp-content\/uploads\/2023\/06\/IMG_20230616_183429-Copy.jpg\" alt=\"\" class=\"wp-image-29502\" srcset=\"https:\/\/sp1.kielce.eu\/wp-content\/uploads\/2023\/06\/IMG_20230616_183429-Copy.jpg 1200w, https:\/\/sp1.kielce.eu\/wp-content\/uploads\/2023\/06\/IMG_20230616_183429-Copy-300x135.jpg 300w, https:\/\/sp1.kielce.eu\/wp-content\/uploads\/2023\/06\/IMG_20230616_183429-Copy-768x346.jpg 768w, https:\/\/sp1.kielce.eu\/wp-content\/uploads\/2023\/06\/IMG_20230616_183429-Copy-820x369.jpg 820w\" sizes=\"auto, (max-width: 1200px) 100vw, 1200px\" \/><\/a><\/figure>\n<\/figure>\n","protected":false},"excerpt":{"rendered":"<p>W klasach VI-VIII funkcjonariusze Komisariatu I Policji w Kielcach &#8211; specjalista do spraw nieletnich we [&hellip;]<\/p>\n","protected":false},"author":13,"featured_media":29504,"comment_status":"closed","ping_status":"","sticky":false,"template":"","format":"standard","meta":{"footnotes":""},"categories":[36],"tags":[],"class_list":["post-29500","post","type-post","status-publish","format-standard","has-post-thumbnail","hentry","category-wydarzenia"],"_links":{"self":[{"href":"https:\/\/sp1.kielce.eu\/index.php\/wp-json\/wp\/v2\/posts\/29500","targetHints":{"allow":["GET"]}}],"collection":[{"href":"https:\/\/sp1.kielce.eu\/index.php\/wp-json\/wp\/v2\/posts"}],"about":[{"href":"https:\/\/sp1.kielce.eu\/index.php\/wp-json\/wp\/v2\/types\/post"}],"author":[{"embeddable":true,"href":"https:\/\/sp1.kielce.eu\/index.php\/wp-json\/wp\/v2\/users\/13"}],"replies":[{"embeddable":true,"href":"https:\/\/sp1.kielce.eu\/index.php\/wp-json\/wp\/v2\/comments?post=29500"}],"version-history":[{"count":1,"href":"https:\/\/sp1.kielce.eu\/index.php\/wp-json\/wp\/v2\/posts\/29500\/revisions"}],"predecessor-version":[{"id":29505,"href":"https:\/\/sp1.kielce.eu\/index.php\/wp-json\/wp\/v2\/posts\/29500\/revisions\/29505"}],"wp:featuredmedia":[{"embeddable":true,"href":"https:\/\/sp1.kielce.eu\/index.php\/wp-json\/wp\/v2\/media\/29504"}],"wp:attachment":[{"href":"https:\/\/sp1.kielce.eu\/index.php\/wp-json\/wp\/v2\/media?parent=29500"}],"wp:term":[{"taxonomy":"category","embeddable":true,"href":"https:\/\/sp1.kielce.eu\/index.php\/wp-json\/wp\/v2\/categories?post=29500"},{"taxonomy":"post_tag","embeddable":true,"href":"https:\/\/sp1.kielce.eu\/index.php\/wp-json\/wp\/v2\/tags?post=29500"}],"curies":[{"name":"wp","href":"https:\/\/api.w.org\/{rel}","templated":true}]}}