{"id":29280,"date":"2023-06-19T19:42:36","date_gmt":"2023-06-19T17:42:36","guid":{"rendered":"http:\/\/sp1.kielce.eu\/?p=29280"},"modified":"2023-06-19T19:42:36","modified_gmt":"2023-06-19T17:42:36","slug":"wyroznienie-w-xxvii-diecezjalnym-konkursie-plastycznym","status":"publish","type":"post","link":"https:\/\/sp1.kielce.eu\/index.php\/2023\/06\/19\/wyroznienie-w-xxvii-diecezjalnym-konkursie-plastycznym\/","title":{"rendered":"Wyr\u00f3\u017cnienie w XXVII Diecezjalnym Konkursie Plastycznym"},"content":{"rendered":"\n<p>Uczniowie klas pierwszych, drugich i trzecich z ca\u0142ej Diecezji Kieleckiej uczestniczyli w XXVII Diecezjalnym Konkursie Plastycznym. Konkurs odbywa\u0142 si\u0119 pod has\u0142em: &#8222;Anio\u0142 Str\u00f3\u017c &#8211; Opiekun i Towarzysz drogi \u017cycia&#8221;.&nbsp;<\/p>\n\n\n\n<p>Wyr\u00f3\u017cnienie w Konkursie zdoby\u0142a praca naszej uczennicy z kl. 3A &#8211; Stefanii Blyum.<\/p>\n\n\n\n<p>Organizatorzy wyra\u017caj\u0105 wdzi\u0119czno\u015b\u0107 i gratulacje zwyci\u0119zcom, rodzicom i katechetce.<\/p>\n\n\n\n<p>Stefanii \u017cyczymy dalszych sukces\u00f3w i udanych wakacji!<\/p>\n\n\n\n<p class=\"has-text-align-right\">s. Faustyna Czajkowska&nbsp;<\/p>\n\n\n\n<p><\/p>\n","protected":false},"excerpt":{"rendered":"<p>Uczniowie klas pierwszych, drugich i trzecich z ca\u0142ej Diecezji Kieleckiej uczestniczyli w XXVII Diecezjalnym Konkursie [&hellip;]<\/p>\n","protected":false},"author":13,"featured_media":29281,"comment_status":"closed","ping_status":"","sticky":false,"template":"","format":"standard","meta":{"footnotes":""},"categories":[36],"tags":[],"class_list":["post-29280","post","type-post","status-publish","format-standard","has-post-thumbnail","hentry","category-wydarzenia"],"_links":{"self":[{"href":"https:\/\/sp1.kielce.eu\/index.php\/wp-json\/wp\/v2\/posts\/29280","targetHints":{"allow":["GET"]}}],"collection":[{"href":"https:\/\/sp1.kielce.eu\/index.php\/wp-json\/wp\/v2\/posts"}],"about":[{"href":"https:\/\/sp1.kielce.eu\/index.php\/wp-json\/wp\/v2\/types\/post"}],"author":[{"embeddable":true,"href":"https:\/\/sp1.kielce.eu\/index.php\/wp-json\/wp\/v2\/users\/13"}],"replies":[{"embeddable":true,"href":"https:\/\/sp1.kielce.eu\/index.php\/wp-json\/wp\/v2\/comments?post=29280"}],"version-history":[{"count":1,"href":"https:\/\/sp1.kielce.eu\/index.php\/wp-json\/wp\/v2\/posts\/29280\/revisions"}],"predecessor-version":[{"id":29282,"href":"https:\/\/sp1.kielce.eu\/index.php\/wp-json\/wp\/v2\/posts\/29280\/revisions\/29282"}],"wp:featuredmedia":[{"embeddable":true,"href":"https:\/\/sp1.kielce.eu\/index.php\/wp-json\/wp\/v2\/media\/29281"}],"wp:attachment":[{"href":"https:\/\/sp1.kielce.eu\/index.php\/wp-json\/wp\/v2\/media?parent=29280"}],"wp:term":[{"taxonomy":"category","embeddable":true,"href":"https:\/\/sp1.kielce.eu\/index.php\/wp-json\/wp\/v2\/categories?post=29280"},{"taxonomy":"post_tag","embeddable":true,"href":"https:\/\/sp1.kielce.eu\/index.php\/wp-json\/wp\/v2\/tags?post=29280"}],"curies":[{"name":"wp","href":"https:\/\/api.w.org\/{rel}","templated":true}]}}