{"id":29234,"date":"2023-06-19T11:07:59","date_gmt":"2023-06-19T09:07:59","guid":{"rendered":"http:\/\/sp1.kielce.eu\/?p=29234"},"modified":"2023-06-19T11:30:22","modified_gmt":"2023-06-19T09:30:22","slug":"spacerkiem-po-kielcach","status":"publish","type":"post","link":"https:\/\/sp1.kielce.eu\/index.php\/2023\/06\/19\/spacerkiem-po-kielcach\/","title":{"rendered":"<strong>Spacerkiem po Kielcach<\/strong>"},"content":{"rendered":"\n<p><strong>Tym razem kl. 6b wybra\u0142a si\u0119 do Rezerwatu Wietrznia w Kielcach. Jest to rezerwat przyrody nieo\u017cywionej, kt\u00f3ry mie\u015bci si\u0119 na terenie dawnego kamienio\u0142omu, z\u0142\u00f3\u017c wapieni i dolomit\u00f3w dewo\u0144skich.<\/strong><\/p>\n\n\n\n<p><strong>Nasz\u0105 wycieczk\u0119 rozpocz\u0119li\u015bmy od <\/strong><strong>poznania Dziej\u00f3w Ziemi, przedstawionych w sta\u0142ej <\/strong><strong>ekspozycji<\/strong><strong> w Geoparku. <\/strong><strong>Ogromne<\/strong><strong> zwierz\u0119ta, kt\u00f3re \u017cy\u0142y miliony lat temu na naszych <\/strong><strong>z<\/strong><strong>iemiach <\/strong><strong>wywar\u0142y na Nas du\u017ce wra\u017cenie. Po ciekawych do\u015bwiadczeniach<\/strong><strong> wyruszyli\u015bmy \u015bcie\u017ck\u0105 edukacyjn\u0105 <\/strong><strong>do rezerwatu Wietrznia, gdzie podziwiali\u015bmy m.in. zjawiska i procesy tektoniczne, kras<\/strong><strong>owe <\/strong><strong>( leje, szczeliny, jaskinie) oraz faun\u0119 kopaln\u0105.<\/strong><\/p>\n\n\n\n<p><strong>Zapraszamy do obejrzenia kr\u00f3tkiej relacji<\/strong><\/p>\n\n\n\n<p>Monta\u017c filmu: Franciszek Banasik- ucze\u0144 kl. 6b<\/p>\n\n\n\n<p><strong>Agnieszka M\u0142ynarcz<\/strong>yk<\/p>\n\n\n\n<figure class=\"wp-block-embed is-type-video is-provider-youtube wp-block-embed-youtube wp-embed-aspect-16-9 wp-has-aspect-ratio\"><div class=\"wp-block-embed__wrapper\">\nhttps:\/\/youtu.be\/nVXTyXxQA8w\n<\/div><\/figure>\n","protected":false},"excerpt":{"rendered":"<p>Tym razem kl. 6b wybra\u0142a si\u0119 do Rezerwatu Wietrznia w Kielcach. Jest to rezerwat przyrody [&hellip;]<\/p>\n","protected":false},"author":5,"featured_media":29235,"comment_status":"closed","ping_status":"","sticky":false,"template":"","format":"standard","meta":{"footnotes":""},"categories":[36],"tags":[],"class_list":["post-29234","post","type-post","status-publish","format-standard","has-post-thumbnail","hentry","category-wydarzenia"],"_links":{"self":[{"href":"https:\/\/sp1.kielce.eu\/index.php\/wp-json\/wp\/v2\/posts\/29234","targetHints":{"allow":["GET"]}}],"collection":[{"href":"https:\/\/sp1.kielce.eu\/index.php\/wp-json\/wp\/v2\/posts"}],"about":[{"href":"https:\/\/sp1.kielce.eu\/index.php\/wp-json\/wp\/v2\/types\/post"}],"author":[{"embeddable":true,"href":"https:\/\/sp1.kielce.eu\/index.php\/wp-json\/wp\/v2\/users\/5"}],"replies":[{"embeddable":true,"href":"https:\/\/sp1.kielce.eu\/index.php\/wp-json\/wp\/v2\/comments?post=29234"}],"version-history":[{"count":2,"href":"https:\/\/sp1.kielce.eu\/index.php\/wp-json\/wp\/v2\/posts\/29234\/revisions"}],"predecessor-version":[{"id":29254,"href":"https:\/\/sp1.kielce.eu\/index.php\/wp-json\/wp\/v2\/posts\/29234\/revisions\/29254"}],"wp:featuredmedia":[{"embeddable":true,"href":"https:\/\/sp1.kielce.eu\/index.php\/wp-json\/wp\/v2\/media\/29235"}],"wp:attachment":[{"href":"https:\/\/sp1.kielce.eu\/index.php\/wp-json\/wp\/v2\/media?parent=29234"}],"wp:term":[{"taxonomy":"category","embeddable":true,"href":"https:\/\/sp1.kielce.eu\/index.php\/wp-json\/wp\/v2\/categories?post=29234"},{"taxonomy":"post_tag","embeddable":true,"href":"https:\/\/sp1.kielce.eu\/index.php\/wp-json\/wp\/v2\/tags?post=29234"}],"curies":[{"name":"wp","href":"https:\/\/api.w.org\/{rel}","templated":true}]}}