{"id":29219,"date":"2023-06-18T23:33:09","date_gmt":"2023-06-18T21:33:09","guid":{"rendered":"http:\/\/sp1.kielce.eu\/?p=29219"},"modified":"2023-06-18T23:47:44","modified_gmt":"2023-06-18T21:47:44","slug":"zajecia-ze-straza-miejska-program-na-strazy-bezpieczenstwa","status":"publish","type":"post","link":"https:\/\/sp1.kielce.eu\/index.php\/2023\/06\/18\/zajecia-ze-straza-miejska-program-na-strazy-bezpieczenstwa\/","title":{"rendered":"Zaj\u0119cia ze Stra\u017c\u0105 Miejsk\u0105 \u2013 program \u201eNa Stra\u017cy Bezpiecze\u0144stwa\u201d"},"content":{"rendered":"\n<p>Uczniowie klas IIa i IIb oraz IIIa uczestniczyli w&nbsp;zaj\u0119ciach prowadzonych przez specjalist\u0119 patrolu szkolnego Stra\u017cy Miejskiej. Spotkania odby\u0142y si\u0119 w&nbsp;ramach realizacji programu profilaktycznego \u201eNa Stra\u017cy Bezpiecze\u0144stwa\u201d.<\/p>\n\n\n\n<p>Klasy II wzi\u0119\u0142y udzia\u0142 w&nbsp;zaj\u0119ciach \u201eStrze\u017c si\u0119 obcego \u2013 uwa\u017caj na niego\u201d, podczas kt\u00f3rych uczniowie poznali zasady bezpiecznego zachowania si\u0119 w&nbsp;kontaktach z&nbsp;osobami nieznajomymi oraz zadania Stra\u017cy Miejskiej.<\/p>\n\n\n\n<p>W klasie III przeprowadzone zosta\u0142y zaj\u0119cia \u201eM\u0142ody ekolog \u2013 to ja\u201d, rozwijaj\u0105ce postawy proekologiczne i kszta\u0142tuj\u0105ce odpowiedzialno\u015b\u0107 za otaczaj\u0105ce \u015brodowisko.<\/p>\n\n\n\n<p>To by\u0142y ciekawe i&nbsp;pouczaj\u0105ce zaj\u0119cia.&nbsp;&nbsp;&nbsp;&nbsp;&nbsp;&nbsp;&nbsp;&nbsp;&nbsp;&nbsp;&nbsp;&nbsp;&nbsp;<\/p>\n\n\n\n<p class=\"has-text-align-right\">&nbsp;&nbsp;&nbsp;&nbsp;&nbsp;&nbsp;&nbsp;&nbsp;&nbsp;&nbsp;&nbsp;&nbsp;&nbsp;&nbsp;&nbsp;&nbsp;&nbsp;&nbsp;&nbsp;&nbsp;&nbsp;&nbsp;&nbsp;&nbsp;&nbsp;&nbsp;&nbsp;&nbsp;&nbsp;&nbsp;&nbsp;&nbsp;&nbsp;&nbsp;&nbsp;&nbsp;&nbsp;&nbsp;&nbsp;&nbsp;&nbsp;&nbsp;&nbsp;&nbsp;&nbsp;&nbsp;&nbsp;&nbsp;&nbsp;&nbsp;&nbsp;&nbsp;&nbsp;&nbsp;&nbsp;&nbsp;&nbsp;&nbsp;&nbsp;&nbsp;&nbsp;&nbsp;&nbsp;&nbsp;&nbsp;&nbsp;&nbsp;&nbsp;&nbsp;&nbsp;&nbsp;&nbsp;&nbsp;&nbsp;&nbsp;&nbsp;&nbsp;&nbsp;&nbsp;&nbsp;&nbsp;&nbsp;&nbsp;&nbsp;&nbsp;&nbsp;&nbsp;&nbsp;&nbsp;&nbsp;&nbsp;&nbsp;&nbsp; Beata Smag\u00f3r \u2013 pedagog szkolny<br>we wsp\u00f3\u0142pracy z wychowawcami:<br>p. Katarzyn\u0105 Ostrowsk\u0105,<br>p. Iwon\u0105 Ko\u015bcieleck\u0105,<br>p. Andrzejem Pustu\u0142\u0105<\/p>\n\n\n\n<figure class=\"wp-block-gallery has-nested-images columns-default is-cropped wp-block-gallery-1 is-layout-flex wp-block-gallery-is-layout-flex\">\n<figure class=\"wp-block-image size-large\"><a href=\"http:\/\/sp1.kielce.eu\/wp-content\/uploads\/2023\/06\/IMG_20230515_132650125-Copy-1.jpg\"><img loading=\"lazy\" decoding=\"async\" width=\"1200\" height=\"898\" data-id=\"29231\" src=\"http:\/\/sp1.kielce.eu\/wp-content\/uploads\/2023\/06\/IMG_20230515_132650125-Copy-1.jpg\" alt=\"\" class=\"wp-image-29231\" srcset=\"https:\/\/sp1.kielce.eu\/wp-content\/uploads\/2023\/06\/IMG_20230515_132650125-Copy-1.jpg 1200w, https:\/\/sp1.kielce.eu\/wp-content\/uploads\/2023\/06\/IMG_20230515_132650125-Copy-1-300x225.jpg 300w, https:\/\/sp1.kielce.eu\/wp-content\/uploads\/2023\/06\/IMG_20230515_132650125-Copy-1-768x575.jpg 768w, https:\/\/sp1.kielce.eu\/wp-content\/uploads\/2023\/06\/IMG_20230515_132650125-Copy-1-820x614.jpg 820w\" sizes=\"auto, (max-width: 1200px) 100vw, 1200px\" \/><\/a><\/figure>\n\n\n\n<figure class=\"wp-block-image size-large\"><a href=\"http:\/\/sp1.kielce.eu\/wp-content\/uploads\/2023\/06\/IMG_20230518_095426152_HDR-Copy-1.jpg\"><img loading=\"lazy\" decoding=\"async\" width=\"673\" height=\"900\" data-id=\"29230\" src=\"http:\/\/sp1.kielce.eu\/wp-content\/uploads\/2023\/06\/IMG_20230518_095426152_HDR-Copy-1.jpg\" alt=\"\" class=\"wp-image-29230\" srcset=\"https:\/\/sp1.kielce.eu\/wp-content\/uploads\/2023\/06\/IMG_20230518_095426152_HDR-Copy-1.jpg 673w, https:\/\/sp1.kielce.eu\/wp-content\/uploads\/2023\/06\/IMG_20230518_095426152_HDR-Copy-1-224x300.jpg 224w\" sizes=\"auto, (max-width: 673px) 100vw, 673px\" \/><\/a><\/figure>\n\n\n\n<figure class=\"wp-block-image size-large\"><a href=\"http:\/\/sp1.kielce.eu\/wp-content\/uploads\/2023\/06\/IMG_20230518_095625380-Copy-1.jpg\"><img loading=\"lazy\" decoding=\"async\" width=\"1200\" height=\"898\" data-id=\"29232\" src=\"http:\/\/sp1.kielce.eu\/wp-content\/uploads\/2023\/06\/IMG_20230518_095625380-Copy-1.jpg\" alt=\"\" class=\"wp-image-29232\" srcset=\"https:\/\/sp1.kielce.eu\/wp-content\/uploads\/2023\/06\/IMG_20230518_095625380-Copy-1.jpg 1200w, https:\/\/sp1.kielce.eu\/wp-content\/uploads\/2023\/06\/IMG_20230518_095625380-Copy-1-300x225.jpg 300w, https:\/\/sp1.kielce.eu\/wp-content\/uploads\/2023\/06\/IMG_20230518_095625380-Copy-1-768x575.jpg 768w, https:\/\/sp1.kielce.eu\/wp-content\/uploads\/2023\/06\/IMG_20230518_095625380-Copy-1-820x614.jpg 820w\" sizes=\"auto, (max-width: 1200px) 100vw, 1200px\" \/><\/a><\/figure>\n<\/figure>\n","protected":false},"excerpt":{"rendered":"<p>Uczniowie klas IIa i IIb oraz IIIa uczestniczyli w&nbsp;zaj\u0119ciach prowadzonych przez specjalist\u0119 patrolu szkolnego Stra\u017cy [&hellip;]<\/p>\n","protected":false},"author":13,"featured_media":29226,"comment_status":"closed","ping_status":"","sticky":false,"template":"","format":"standard","meta":{"footnotes":""},"categories":[36],"tags":[],"class_list":["post-29219","post","type-post","status-publish","format-standard","has-post-thumbnail","hentry","category-wydarzenia"],"_links":{"self":[{"href":"https:\/\/sp1.kielce.eu\/index.php\/wp-json\/wp\/v2\/posts\/29219","targetHints":{"allow":["GET"]}}],"collection":[{"href":"https:\/\/sp1.kielce.eu\/index.php\/wp-json\/wp\/v2\/posts"}],"about":[{"href":"https:\/\/sp1.kielce.eu\/index.php\/wp-json\/wp\/v2\/types\/post"}],"author":[{"embeddable":true,"href":"https:\/\/sp1.kielce.eu\/index.php\/wp-json\/wp\/v2\/users\/13"}],"replies":[{"embeddable":true,"href":"https:\/\/sp1.kielce.eu\/index.php\/wp-json\/wp\/v2\/comments?post=29219"}],"version-history":[{"count":3,"href":"https:\/\/sp1.kielce.eu\/index.php\/wp-json\/wp\/v2\/posts\/29219\/revisions"}],"predecessor-version":[{"id":29233,"href":"https:\/\/sp1.kielce.eu\/index.php\/wp-json\/wp\/v2\/posts\/29219\/revisions\/29233"}],"wp:featuredmedia":[{"embeddable":true,"href":"https:\/\/sp1.kielce.eu\/index.php\/wp-json\/wp\/v2\/media\/29226"}],"wp:attachment":[{"href":"https:\/\/sp1.kielce.eu\/index.php\/wp-json\/wp\/v2\/media?parent=29219"}],"wp:term":[{"taxonomy":"category","embeddable":true,"href":"https:\/\/sp1.kielce.eu\/index.php\/wp-json\/wp\/v2\/categories?post=29219"},{"taxonomy":"post_tag","embeddable":true,"href":"https:\/\/sp1.kielce.eu\/index.php\/wp-json\/wp\/v2\/tags?post=29219"}],"curies":[{"name":"wp","href":"https:\/\/api.w.org\/{rel}","templated":true}]}}