{"id":29213,"date":"2023-06-18T23:23:50","date_gmt":"2023-06-18T21:23:50","guid":{"rendered":"http:\/\/sp1.kielce.eu\/?p=29213"},"modified":"2023-06-18T23:23:50","modified_gmt":"2023-06-18T21:23:50","slug":"laboratoria-przyszlosci-na-zajeciach-rewalidacyjnych","status":"publish","type":"post","link":"https:\/\/sp1.kielce.eu\/index.php\/2023\/06\/18\/laboratoria-przyszlosci-na-zajeciach-rewalidacyjnych\/","title":{"rendered":"Laboratoria Przysz\u0142o\u015bci na zaj\u0119ciach rewalidacyjnych"},"content":{"rendered":"\n<p>W II semestrze podczas zaj\u0119\u0107 rewalidacyjnych wykorzystywano pomoce zakupione w ramach Laboratori\u00f3w Przysz\u0142o\u015bci, m.in. korbo TECHNIX.<\/p>\n\n\n\n<p>Konstruowanie z klock\u00f3w rozwija uwa\u017cno\u015b\u0107, koncentracj\u0119 uwagi, orientacj\u0119 przestrzenn\u0105, koordynacj\u0119 wzrokowo-ruchow\u0105, sprawno\u015b\u0107 manualn\u0105 oraz wyobra\u017ani\u0119.<\/p>\n\n\n\n<p>Laboratoria Przysz\u0142o\u015bci, to inicjatywa edukacyjna realizowana przez Ministerstwo Edukacji<\/p>\n\n\n\n<p>i Nauki we wsp\u00f3\u0142pracy z Centrum&nbsp;GovTech&nbsp;w Kancelarii Prezesa Rady Ministr\u00f3w.<\/p>\n\n\n\n<p class=\"has-text-align-right\">&nbsp;&nbsp;&nbsp;&nbsp;&nbsp;&nbsp;&nbsp;&nbsp;&nbsp;&nbsp;&nbsp;&nbsp;&nbsp;&nbsp;&nbsp;&nbsp;&nbsp;&nbsp;&nbsp;&nbsp;&nbsp;&nbsp;&nbsp;&nbsp;&nbsp;&nbsp;&nbsp;&nbsp;&nbsp;&nbsp;&nbsp;&nbsp;&nbsp;&nbsp;&nbsp;&nbsp;&nbsp;&nbsp;&nbsp;&nbsp;&nbsp;&nbsp;&nbsp;&nbsp;&nbsp;&nbsp;&nbsp;&nbsp;&nbsp;&nbsp;&nbsp;&nbsp;&nbsp;&nbsp;&nbsp;&nbsp;&nbsp;&nbsp;&nbsp;&nbsp;&nbsp;&nbsp;&nbsp;&nbsp;&nbsp;&nbsp;&nbsp;&nbsp;&nbsp;&nbsp;&nbsp;&nbsp;&nbsp;&nbsp;&nbsp;&nbsp;&nbsp;&nbsp;&nbsp;&nbsp;&nbsp;&nbsp;&nbsp;&nbsp;&nbsp;&nbsp;&nbsp;&nbsp;&nbsp;&nbsp;&nbsp;&nbsp;&nbsp; Beata Smag\u00f3r \u2013 pedagog specjalny<\/p>\n\n\n\n<figure class=\"wp-block-gallery has-nested-images columns-default is-cropped wp-block-gallery-1 is-layout-flex wp-block-gallery-is-layout-flex\">\n<figure class=\"wp-block-image size-large\"><a href=\"http:\/\/sp1.kielce.eu\/wp-content\/uploads\/2023\/06\/20230617_214320-COLLAGE-Copy.jpg\"><img loading=\"lazy\" decoding=\"async\" width=\"900\" height=\"900\" data-id=\"29216\" src=\"http:\/\/sp1.kielce.eu\/wp-content\/uploads\/2023\/06\/20230617_214320-COLLAGE-Copy.jpg\" alt=\"\" class=\"wp-image-29216\" srcset=\"https:\/\/sp1.kielce.eu\/wp-content\/uploads\/2023\/06\/20230617_214320-COLLAGE-Copy.jpg 900w, https:\/\/sp1.kielce.eu\/wp-content\/uploads\/2023\/06\/20230617_214320-COLLAGE-Copy-300x300.jpg 300w, https:\/\/sp1.kielce.eu\/wp-content\/uploads\/2023\/06\/20230617_214320-COLLAGE-Copy-150x150.jpg 150w, https:\/\/sp1.kielce.eu\/wp-content\/uploads\/2023\/06\/20230617_214320-COLLAGE-Copy-768x768.jpg 768w, https:\/\/sp1.kielce.eu\/wp-content\/uploads\/2023\/06\/20230617_214320-COLLAGE-Copy-820x820.jpg 820w\" sizes=\"auto, (max-width: 900px) 100vw, 900px\" \/><\/a><\/figure>\n\n\n\n<figure class=\"wp-block-image size-large\"><a href=\"http:\/\/sp1.kielce.eu\/wp-content\/uploads\/2023\/06\/IMG_20230605_1126508882-Copy.jpg\"><img loading=\"lazy\" decoding=\"async\" width=\"739\" height=\"900\" data-id=\"29214\" src=\"http:\/\/sp1.kielce.eu\/wp-content\/uploads\/2023\/06\/IMG_20230605_1126508882-Copy.jpg\" alt=\"\" class=\"wp-image-29214\" srcset=\"https:\/\/sp1.kielce.eu\/wp-content\/uploads\/2023\/06\/IMG_20230605_1126508882-Copy.jpg 739w, https:\/\/sp1.kielce.eu\/wp-content\/uploads\/2023\/06\/IMG_20230605_1126508882-Copy-246x300.jpg 246w\" sizes=\"auto, (max-width: 739px) 100vw, 739px\" \/><\/a><\/figure>\n\n\n\n<figure class=\"wp-block-image size-large\"><a href=\"http:\/\/sp1.kielce.eu\/wp-content\/uploads\/2023\/06\/IMG_20230605_112702927-Copy.jpg\"><img loading=\"lazy\" decoding=\"async\" width=\"673\" height=\"900\" data-id=\"29215\" src=\"http:\/\/sp1.kielce.eu\/wp-content\/uploads\/2023\/06\/IMG_20230605_112702927-Copy.jpg\" alt=\"\" class=\"wp-image-29215\" srcset=\"https:\/\/sp1.kielce.eu\/wp-content\/uploads\/2023\/06\/IMG_20230605_112702927-Copy.jpg 673w, https:\/\/sp1.kielce.eu\/wp-content\/uploads\/2023\/06\/IMG_20230605_112702927-Copy-224x300.jpg 224w\" sizes=\"auto, (max-width: 673px) 100vw, 673px\" \/><\/a><\/figure>\n<\/figure>\n","protected":false},"excerpt":{"rendered":"<p>W II semestrze podczas zaj\u0119\u0107 rewalidacyjnych wykorzystywano pomoce zakupione w ramach Laboratori\u00f3w Przysz\u0142o\u015bci, m.in. korbo [&hellip;]<\/p>\n","protected":false},"author":13,"featured_media":29217,"comment_status":"closed","ping_status":"","sticky":false,"template":"","format":"standard","meta":{"footnotes":""},"categories":[36],"tags":[],"class_list":["post-29213","post","type-post","status-publish","format-standard","has-post-thumbnail","hentry","category-wydarzenia"],"_links":{"self":[{"href":"https:\/\/sp1.kielce.eu\/index.php\/wp-json\/wp\/v2\/posts\/29213","targetHints":{"allow":["GET"]}}],"collection":[{"href":"https:\/\/sp1.kielce.eu\/index.php\/wp-json\/wp\/v2\/posts"}],"about":[{"href":"https:\/\/sp1.kielce.eu\/index.php\/wp-json\/wp\/v2\/types\/post"}],"author":[{"embeddable":true,"href":"https:\/\/sp1.kielce.eu\/index.php\/wp-json\/wp\/v2\/users\/13"}],"replies":[{"embeddable":true,"href":"https:\/\/sp1.kielce.eu\/index.php\/wp-json\/wp\/v2\/comments?post=29213"}],"version-history":[{"count":1,"href":"https:\/\/sp1.kielce.eu\/index.php\/wp-json\/wp\/v2\/posts\/29213\/revisions"}],"predecessor-version":[{"id":29218,"href":"https:\/\/sp1.kielce.eu\/index.php\/wp-json\/wp\/v2\/posts\/29213\/revisions\/29218"}],"wp:featuredmedia":[{"embeddable":true,"href":"https:\/\/sp1.kielce.eu\/index.php\/wp-json\/wp\/v2\/media\/29217"}],"wp:attachment":[{"href":"https:\/\/sp1.kielce.eu\/index.php\/wp-json\/wp\/v2\/media?parent=29213"}],"wp:term":[{"taxonomy":"category","embeddable":true,"href":"https:\/\/sp1.kielce.eu\/index.php\/wp-json\/wp\/v2\/categories?post=29213"},{"taxonomy":"post_tag","embeddable":true,"href":"https:\/\/sp1.kielce.eu\/index.php\/wp-json\/wp\/v2\/tags?post=29213"}],"curies":[{"name":"wp","href":"https:\/\/api.w.org\/{rel}","templated":true}]}}