{"id":29205,"date":"2023-06-18T16:04:18","date_gmt":"2023-06-18T14:04:18","guid":{"rendered":"http:\/\/sp1.kielce.eu\/?p=29205"},"modified":"2023-06-18T16:04:18","modified_gmt":"2023-06-18T14:04:18","slug":"spotkanie-z-rzecznikiem-praw-ucznia-w-klasie-1a","status":"publish","type":"post","link":"https:\/\/sp1.kielce.eu\/index.php\/2023\/06\/18\/spotkanie-z-rzecznikiem-praw-ucznia-w-klasie-1a\/","title":{"rendered":"<strong>Spotkanie z Rzecznikiem Praw Ucznia w klasie 1A<\/strong>"},"content":{"rendered":"\n<p>Podczas katechezy, uczniowie klasy 1a wzi\u0119li udzia\u0142 w spotkaniu z panem Remigiuszem Krzywd\u0105 \u2013 Rzecznikiem Praw Ucznia w Szkole Podstawowej nr 1 w Kielcach. Pierwszoklasi\u015bci z entuzjazmem powitali go\u015bcia i bez trudu odpowiadali na wszystkie pytania dotycz\u0105ce podstawowych zada\u0144 oraz \u015brodk\u00f3w dzia\u0142ania swojego Rzecznika.<\/p>\n\n\n\n<p>W pogadance nt. \u201ePrawa dziecka okre\u015blone w Konwencji o prawach dziecka, przyj\u0119tej przez Zgromadzenie Og\u00f3lne Narod\u00f3w Zjednoczonych, w\u0142a\u015bciwe rozumienie dobra ucznia, troski o jego zdrowie i poszanowanie godno\u015bci osobistej\u201d \u2013 pan Remigiusz Krzywda w atrakcyjny spos\u00f3b przybli\u017cy\u0142 najm\u0142odszym uczniom naszej szko\u0142y te wa\u017cne zagadnienia. Multimedialna prezentacja po\u0142\u0105czona z gr\u0105 edukacyjn\u0105 pomog\u0142y pierwszakom zapami\u0119ta\u0107 przekazywane tre\u015bci. Zaj\u0119cia zako\u0144czy\u0142y si\u0119 wsp\u00f3lnym zdj\u0119ciem i zaproszeniem Go\u015bcia na kolejne spotkanie.<\/p>\n\n\n\n<p class=\"has-text-align-right\"><em>s. Faustyna Czajkowska, Iwona Delipacy, Remigiusz Krzywda<\/em><\/p>\n\n\n\n<figure class=\"wp-block-gallery has-nested-images columns-default is-cropped wp-block-gallery-1 is-layout-flex wp-block-gallery-is-layout-flex\">\n<figure class=\"wp-block-image size-large\"><a href=\"http:\/\/sp1.kielce.eu\/wp-content\/uploads\/2023\/06\/spotkanie1-Copy.jpg\"><img loading=\"lazy\" decoding=\"async\" width=\"900\" height=\"900\" data-id=\"29207\" src=\"http:\/\/sp1.kielce.eu\/wp-content\/uploads\/2023\/06\/spotkanie1-Copy.jpg\" alt=\"\" class=\"wp-image-29207\" srcset=\"https:\/\/sp1.kielce.eu\/wp-content\/uploads\/2023\/06\/spotkanie1-Copy.jpg 900w, https:\/\/sp1.kielce.eu\/wp-content\/uploads\/2023\/06\/spotkanie1-Copy-300x300.jpg 300w, https:\/\/sp1.kielce.eu\/wp-content\/uploads\/2023\/06\/spotkanie1-Copy-150x150.jpg 150w, https:\/\/sp1.kielce.eu\/wp-content\/uploads\/2023\/06\/spotkanie1-Copy-768x768.jpg 768w, https:\/\/sp1.kielce.eu\/wp-content\/uploads\/2023\/06\/spotkanie1-Copy-820x820.jpg 820w\" sizes=\"auto, (max-width: 900px) 100vw, 900px\" \/><\/a><\/figure>\n\n\n\n<figure class=\"wp-block-image size-large\"><a href=\"http:\/\/sp1.kielce.eu\/wp-content\/uploads\/2023\/06\/spotkanie2-Copy.jpg\"><img loading=\"lazy\" decoding=\"async\" width=\"900\" height=\"900\" data-id=\"29208\" src=\"http:\/\/sp1.kielce.eu\/wp-content\/uploads\/2023\/06\/spotkanie2-Copy.jpg\" alt=\"\" class=\"wp-image-29208\" srcset=\"https:\/\/sp1.kielce.eu\/wp-content\/uploads\/2023\/06\/spotkanie2-Copy.jpg 900w, https:\/\/sp1.kielce.eu\/wp-content\/uploads\/2023\/06\/spotkanie2-Copy-300x300.jpg 300w, https:\/\/sp1.kielce.eu\/wp-content\/uploads\/2023\/06\/spotkanie2-Copy-150x150.jpg 150w, https:\/\/sp1.kielce.eu\/wp-content\/uploads\/2023\/06\/spotkanie2-Copy-768x768.jpg 768w, https:\/\/sp1.kielce.eu\/wp-content\/uploads\/2023\/06\/spotkanie2-Copy-820x820.jpg 820w\" sizes=\"auto, (max-width: 900px) 100vw, 900px\" \/><\/a><\/figure>\n\n\n\n<figure class=\"wp-block-image size-large\"><a href=\"http:\/\/sp1.kielce.eu\/wp-content\/uploads\/2023\/06\/spotkanie3-Copy.jpg\"><img loading=\"lazy\" decoding=\"async\" width=\"1031\" height=\"900\" data-id=\"29206\" src=\"http:\/\/sp1.kielce.eu\/wp-content\/uploads\/2023\/06\/spotkanie3-Copy.jpg\" alt=\"\" class=\"wp-image-29206\" srcset=\"https:\/\/sp1.kielce.eu\/wp-content\/uploads\/2023\/06\/spotkanie3-Copy.jpg 1031w, https:\/\/sp1.kielce.eu\/wp-content\/uploads\/2023\/06\/spotkanie3-Copy-300x262.jpg 300w, https:\/\/sp1.kielce.eu\/wp-content\/uploads\/2023\/06\/spotkanie3-Copy-768x670.jpg 768w, https:\/\/sp1.kielce.eu\/wp-content\/uploads\/2023\/06\/spotkanie3-Copy-820x716.jpg 820w\" sizes=\"auto, (max-width: 1031px) 100vw, 1031px\" \/><\/a><\/figure>\n<\/figure>\n","protected":false},"excerpt":{"rendered":"<p>Podczas katechezy, uczniowie klasy 1a wzi\u0119li udzia\u0142 w spotkaniu z panem Remigiuszem Krzywd\u0105 \u2013 Rzecznikiem [&hellip;]<\/p>\n","protected":false},"author":13,"featured_media":29209,"comment_status":"closed","ping_status":"","sticky":false,"template":"","format":"standard","meta":{"footnotes":""},"categories":[36],"tags":[],"class_list":["post-29205","post","type-post","status-publish","format-standard","has-post-thumbnail","hentry","category-wydarzenia"],"_links":{"self":[{"href":"https:\/\/sp1.kielce.eu\/index.php\/wp-json\/wp\/v2\/posts\/29205","targetHints":{"allow":["GET"]}}],"collection":[{"href":"https:\/\/sp1.kielce.eu\/index.php\/wp-json\/wp\/v2\/posts"}],"about":[{"href":"https:\/\/sp1.kielce.eu\/index.php\/wp-json\/wp\/v2\/types\/post"}],"author":[{"embeddable":true,"href":"https:\/\/sp1.kielce.eu\/index.php\/wp-json\/wp\/v2\/users\/13"}],"replies":[{"embeddable":true,"href":"https:\/\/sp1.kielce.eu\/index.php\/wp-json\/wp\/v2\/comments?post=29205"}],"version-history":[{"count":2,"href":"https:\/\/sp1.kielce.eu\/index.php\/wp-json\/wp\/v2\/posts\/29205\/revisions"}],"predecessor-version":[{"id":29211,"href":"https:\/\/sp1.kielce.eu\/index.php\/wp-json\/wp\/v2\/posts\/29205\/revisions\/29211"}],"wp:featuredmedia":[{"embeddable":true,"href":"https:\/\/sp1.kielce.eu\/index.php\/wp-json\/wp\/v2\/media\/29209"}],"wp:attachment":[{"href":"https:\/\/sp1.kielce.eu\/index.php\/wp-json\/wp\/v2\/media?parent=29205"}],"wp:term":[{"taxonomy":"category","embeddable":true,"href":"https:\/\/sp1.kielce.eu\/index.php\/wp-json\/wp\/v2\/categories?post=29205"},{"taxonomy":"post_tag","embeddable":true,"href":"https:\/\/sp1.kielce.eu\/index.php\/wp-json\/wp\/v2\/tags?post=29205"}],"curies":[{"name":"wp","href":"https:\/\/api.w.org\/{rel}","templated":true}]}}